{"id":164717,"date":"2023-07-18T22:49:34","date_gmt":"2023-07-19T01:49:34","guid":{"rendered":"https:\/\/www.hoymercedes.com.ar\/principal\/?p=164717"},"modified":"2023-07-18T22:49:37","modified_gmt":"2023-07-19T01:49:37","slug":"siniestro-vial-con-victima-fatal-en-rno5-y-casi-calle-11","status":"publish","type":"post","link":"https:\/\/www.hoymercedes.com.ar\/principal\/2023\/07\/18\/siniestro-vial-con-victima-fatal-en-rno5-y-casi-calle-11\/","title":{"rendered":"Siniestro vial con v\u00edctima fatal en RN\u00ba5 y casi calle 11"},"content":{"rendered":"\n<figure class=\"wp-block-image size-full\"><img loading=\"lazy\" decoding=\"async\" width=\"899\" height=\"583\" data-attachment-id=\"164718\" data-permalink=\"https:\/\/www.hoymercedes.com.ar\/principal\/2023\/07\/18\/siniestro-vial-con-victima-fatal-en-rno5-y-casi-calle-11\/siniestrovial-3\/#main\" data-orig-file=\"https:\/\/www.hoymercedes.com.ar\/principal\/wp-content\/uploads\/2023\/07\/SiniestroVial.jpg\" data-orig-size=\"899,583\" data-comments-opened=\"0\" data-image-meta=\"{&quot;aperture&quot;:&quot;0&quot;,&quot;credit&quot;:&quot;&quot;,&quot;camera&quot;:&quot;&quot;,&quot;caption&quot;:&quot;&quot;,&quot;created_timestamp&quot;:&quot;0&quot;,&quot;copyright&quot;:&quot;&quot;,&quot;focal_length&quot;:&quot;0&quot;,&quot;iso&quot;:&quot;0&quot;,&quot;shutter_speed&quot;:&quot;0&quot;,&quot;title&quot;:&quot;&quot;,&quot;orientation&quot;:&quot;0&quot;}\" data-image-title=\"SiniestroVial\" data-image-description=\"\" data-image-caption=\"\" data-large-file=\"https:\/\/www.hoymercedes.com.ar\/principal\/wp-content\/uploads\/2023\/07\/SiniestroVial.jpg\" src=\"https:\/\/www.hoymercedes.com.ar\/principal\/wp-content\/uploads\/2023\/07\/SiniestroVial.jpg\" alt=\"\" class=\"wp-image-164718\" srcset=\"https:\/\/www.hoymercedes.com.ar\/principal\/wp-content\/uploads\/2023\/07\/SiniestroVial.jpg 899w, https:\/\/www.hoymercedes.com.ar\/principal\/wp-content\/uploads\/2023\/07\/SiniestroVial-630x409.jpg 630w, https:\/\/www.hoymercedes.com.ar\/principal\/wp-content\/uploads\/2023\/07\/SiniestroVial-150x97.jpg 150w\" sizes=\"auto, (max-width: 899px) 100vw, 899px\" \/><\/figure>\n\n\n\n<p>Durante la tarde de este martes se produjo un siniestro vial que involucr\u00f3 un cami\u00f3n Volvo conducido por un hombre de Bah\u00eda Blanca contra un Renault Clio con pasajeros de Chivilcoy de donde surge la v\u00edctima fatal, siendo un hombre de 73 a\u00f1os de edad. &nbsp;Fue en el km 112.<\/p>\n\n\n\n<p>En el fatal acontecimiento intervinieron SAME, Polic\u00eda Comunal y Bomberos Voluntarios que tuvieron que utilizar maquinarias para sacar a un viajante atrapado en el autom\u00f3vil.<\/p>\n\n\n\n<p>En el autom\u00f3vil tambi\u00e9n viajaba una mujer de 21 a\u00f1os de edad que fue atendida en el nosocomio local.<\/p>\n\n\n\n<p>Se desconocen los motivos del siniestro, que se concret\u00f3 con visibilidad plena y en un sector siempre muy transitado, pero lamentablemente el acontecimiento dej\u00f3 un saldo muy negativo con la p\u00e9rdida de la vida de un masculino que se llamaba V\u00edctor Vel\u00e1zquez.<\/p>\n","protected":false},"excerpt":{"rendered":"<p>Durante la tarde de este martes se produjo un siniestro vial que involucr\u00f3 un cami\u00f3n Volvo conducido por un hombre &#8230; <a title=\"Siniestro vial con v\u00edctima fatal en RN\u00ba5 y casi calle 11\" class=\"read-more\" href=\"https:\/\/www.hoymercedes.com.ar\/principal\/2023\/07\/18\/siniestro-vial-con-victima-fatal-en-rno5-y-casi-calle-11\/\" aria-label=\"Leer m\u00e1s sobre Siniestro vial con v\u00edctima fatal en RN\u00ba5 y casi calle 11\">Leer m\u00e1s<\/a><\/p>\n","protected":false},"author":1,"featured_media":164718,"comment_status":"closed","ping_status":"open","sticky":false,"template":"","format":"standard","meta":{"_monsterinsights_skip_tracking":false,"_monsterinsights_sitenote_active":false,"_monsterinsights_sitenote_note":"","_monsterinsights_sitenote_category":0,"jetpack_post_was_ever_published":false,"_jetpack_newsletter_access":"","_jetpack_dont_email_post_to_subs":false,"_jetpack_newsletter_tier_id":0,"_jetpack_memberships_contains_paywalled_content":false,"_jetpack_memberships_contains_paid_content":false,"footnotes":"","jetpack_publicize_message":"","jetpack_publicize_feature_enabled":true,"jetpack_social_post_already_shared":true,"jetpack_social_options":{"image_generator_settings":{"template":"highway","default_image_id":0,"font":"","enabled":false},"version":2},"_wpas_customize_per_network":false},"categories":[85],"tags":[538,10395],"class_list":["post-164717","post","type-post","status-publish","format-standard","has-post-thumbnail","hentry","category-policial","tag-ruta-5","tag-siniestro-vial","generate-columns","tablet-grid-50","mobile-grid-100","grid-parent","grid-50"],"jetpack_publicize_connections":[],"jetpack_featured_media_url":"https:\/\/www.hoymercedes.com.ar\/principal\/wp-content\/uploads\/2023\/07\/SiniestroVial.jpg","wps_subtitle":"Lamentable descenlace ","jetpack_sharing_enabled":true,"_links":{"self":[{"href":"https:\/\/www.hoymercedes.com.ar\/principal\/wp-json\/wp\/v2\/posts\/164717","targetHints":{"allow":["GET"]}}],"collection":[{"href":"https:\/\/www.hoymercedes.com.ar\/principal\/wp-json\/wp\/v2\/posts"}],"about":[{"href":"https:\/\/www.hoymercedes.com.ar\/principal\/wp-json\/wp\/v2\/types\/post"}],"author":[{"embeddable":true,"href":"https:\/\/www.hoymercedes.com.ar\/principal\/wp-json\/wp\/v2\/users\/1"}],"replies":[{"embeddable":true,"href":"https:\/\/www.hoymercedes.com.ar\/principal\/wp-json\/wp\/v2\/comments?post=164717"}],"version-history":[{"count":0,"href":"https:\/\/www.hoymercedes.com.ar\/principal\/wp-json\/wp\/v2\/posts\/164717\/revisions"}],"wp:featuredmedia":[{"embeddable":true,"href":"https:\/\/www.hoymercedes.com.ar\/principal\/wp-json\/wp\/v2\/media\/164718"}],"wp:attachment":[{"href":"https:\/\/www.hoymercedes.com.ar\/principal\/wp-json\/wp\/v2\/media?parent=164717"}],"wp:term":[{"taxonomy":"category","embeddable":true,"href":"https:\/\/www.hoymercedes.com.ar\/principal\/wp-json\/wp\/v2\/categories?post=164717"},{"taxonomy":"post_tag","embeddable":true,"href":"https:\/\/www.hoymercedes.com.ar\/principal\/wp-json\/wp\/v2\/tags?post=164717"}],"curies":[{"name":"wp","href":"https:\/\/api.w.org\/{rel}","templated":true}]}}