{"id":164747,"date":"2023-07-19T19:52:44","date_gmt":"2023-07-19T22:52:44","guid":{"rendered":"https:\/\/www.hoymercedes.com.ar\/principal\/?p=164747"},"modified":"2023-07-19T19:52:47","modified_gmt":"2023-07-19T22:52:47","slug":"oscar-rossello-se-presento-en-tecnopolis","status":"publish","type":"post","link":"https:\/\/www.hoymercedes.com.ar\/principal\/2023\/07\/19\/oscar-rossello-se-presento-en-tecnopolis\/","title":{"rendered":"Oscar Rossello se present\u00f3 en Tecn\u00f3polis"},"content":{"rendered":"\n<p>Este mi\u00e9rcoles, el grupo que tiene como vocalista principal a Oscar Rossello actu\u00f3 en Tecn\u00f3polis en el marco de la megamuestra 2023 en su 12\u00ba edici\u00f3n, bajo el lema \u201cLa potencia de lo Colectivo\u201d en el marco de los 40 a\u00f1os de democracia.<\/p>\n\n\n\n<p>Invitado por la Secretar\u00eda de Promoci\u00f3n de la Provincia, Oscar Rossello brind\u00f3 su show musical en el Patio Federal promocionando la Fiesta Nacional del Salame Quintero\u00a0y aprovech\u00f3 a interpretar el tema de la fiesta popular que est\u00e1 pronta a realizarse en el mes de septiembre. <\/p>\n\n\n<div class=\"wp-block-image\">\n<figure class=\"aligncenter size-full\"><img loading=\"lazy\" decoding=\"async\" width=\"800\" height=\"534\" data-attachment-id=\"164748\" data-permalink=\"https:\/\/www.hoymercedes.com.ar\/principal\/2023\/07\/19\/oscar-rossello-se-presento-en-tecnopolis\/rosello-tecnopolis-1\/#main\" data-orig-file=\"https:\/\/www.hoymercedes.com.ar\/principal\/wp-content\/uploads\/2023\/07\/rosello-tecnopolis-1.jpg\" data-orig-size=\"800,534\" data-comments-opened=\"0\" data-image-meta=\"{&quot;aperture&quot;:&quot;0&quot;,&quot;credit&quot;:&quot;&quot;,&quot;camera&quot;:&quot;&quot;,&quot;caption&quot;:&quot;&quot;,&quot;created_timestamp&quot;:&quot;1689794537&quot;,&quot;copyright&quot;:&quot;&quot;,&quot;focal_length&quot;:&quot;0&quot;,&quot;iso&quot;:&quot;0&quot;,&quot;shutter_speed&quot;:&quot;0&quot;,&quot;title&quot;:&quot;&quot;,&quot;orientation&quot;:&quot;1&quot;}\" data-image-title=\"rosello tecnopolis 1\" data-image-description=\"\" data-image-caption=\"\" data-large-file=\"https:\/\/www.hoymercedes.com.ar\/principal\/wp-content\/uploads\/2023\/07\/rosello-tecnopolis-1.jpg\" src=\"https:\/\/www.hoymercedes.com.ar\/principal\/wp-content\/uploads\/2023\/07\/rosello-tecnopolis-1.jpg\" alt=\"\" class=\"wp-image-164748\" srcset=\"https:\/\/www.hoymercedes.com.ar\/principal\/wp-content\/uploads\/2023\/07\/rosello-tecnopolis-1.jpg 800w, https:\/\/www.hoymercedes.com.ar\/principal\/wp-content\/uploads\/2023\/07\/rosello-tecnopolis-1-630x421.jpg 630w, https:\/\/www.hoymercedes.com.ar\/principal\/wp-content\/uploads\/2023\/07\/rosello-tecnopolis-1-150x100.jpg 150w\" sizes=\"auto, (max-width: 800px) 100vw, 800px\" \/><\/figure>\n<\/div>","protected":false},"excerpt":{"rendered":"<p>Este mi\u00e9rcoles, el grupo que tiene como vocalista principal a Oscar Rossello actu\u00f3 en Tecn\u00f3polis en el marco de la &#8230; <a title=\"Oscar Rossello se present\u00f3 en Tecn\u00f3polis\" class=\"read-more\" href=\"https:\/\/www.hoymercedes.com.ar\/principal\/2023\/07\/19\/oscar-rossello-se-presento-en-tecnopolis\/\" aria-label=\"Leer m\u00e1s sobre Oscar Rossello se present\u00f3 en Tecn\u00f3polis\">Leer m\u00e1s<\/a><\/p>\n","protected":false},"author":1,"featured_media":164748,"comment_status":"closed","ping_status":"open","sticky":false,"template":"","format":"standard","meta":{"_monsterinsights_skip_tracking":false,"_monsterinsights_sitenote_active":false,"_monsterinsights_sitenote_note":"","_monsterinsights_sitenote_category":0,"jetpack_post_was_ever_published":false,"_jetpack_newsletter_access":"","_jetpack_dont_email_post_to_subs":false,"_jetpack_newsletter_tier_id":0,"_jetpack_memberships_contains_paywalled_content":false,"_jetpack_memberships_contains_paid_content":false,"footnotes":"","jetpack_publicize_message":"","jetpack_publicize_feature_enabled":true,"jetpack_social_post_already_shared":true,"jetpack_social_options":{"image_generator_settings":{"template":"highway","default_image_id":0,"font":"","enabled":false},"version":2},"_wpas_customize_per_network":false},"categories":[8],"tags":[7805,10,244],"class_list":["post-164747","post","type-post","status-publish","format-standard","has-post-thumbnail","hentry","category-sociedad","tag-cultura","tag-mercedes","tag-municipio-2","generate-columns","tablet-grid-50","mobile-grid-100","grid-parent","grid-50"],"jetpack_publicize_connections":[],"jetpack_featured_media_url":"https:\/\/www.hoymercedes.com.ar\/principal\/wp-content\/uploads\/2023\/07\/rosello-tecnopolis-1.jpg","wps_subtitle":"","jetpack_sharing_enabled":true,"_links":{"self":[{"href":"https:\/\/www.hoymercedes.com.ar\/principal\/wp-json\/wp\/v2\/posts\/164747","targetHints":{"allow":["GET"]}}],"collection":[{"href":"https:\/\/www.hoymercedes.com.ar\/principal\/wp-json\/wp\/v2\/posts"}],"about":[{"href":"https:\/\/www.hoymercedes.com.ar\/principal\/wp-json\/wp\/v2\/types\/post"}],"author":[{"embeddable":true,"href":"https:\/\/www.hoymercedes.com.ar\/principal\/wp-json\/wp\/v2\/users\/1"}],"replies":[{"embeddable":true,"href":"https:\/\/www.hoymercedes.com.ar\/principal\/wp-json\/wp\/v2\/comments?post=164747"}],"version-history":[{"count":0,"href":"https:\/\/www.hoymercedes.com.ar\/principal\/wp-json\/wp\/v2\/posts\/164747\/revisions"}],"wp:featuredmedia":[{"embeddable":true,"href":"https:\/\/www.hoymercedes.com.ar\/principal\/wp-json\/wp\/v2\/media\/164748"}],"wp:attachment":[{"href":"https:\/\/www.hoymercedes.com.ar\/principal\/wp-json\/wp\/v2\/media?parent=164747"}],"wp:term":[{"taxonomy":"category","embeddable":true,"href":"https:\/\/www.hoymercedes.com.ar\/principal\/wp-json\/wp\/v2\/categories?post=164747"},{"taxonomy":"post_tag","embeddable":true,"href":"https:\/\/www.hoymercedes.com.ar\/principal\/wp-json\/wp\/v2\/tags?post=164747"}],"curies":[{"name":"wp","href":"https:\/\/api.w.org\/{rel}","templated":true}]}}