{"id":16475,"date":"2012-09-26T18:41:19","date_gmt":"2012-09-26T18:41:19","guid":{"rendered":"http:\/\/www.hoymercedes.com.ar\/principal\/?p=16475"},"modified":"2012-09-26T18:41:32","modified_gmt":"2012-09-26T18:41:32","slug":"dia-internacional-del-turismo-con-propuesta-a-los-mercedinos","status":"publish","type":"post","link":"https:\/\/www.hoymercedes.com.ar\/principal\/2012\/09\/26\/dia-internacional-del-turismo-con-propuesta-a-los-mercedinos\/","title":{"rendered":"D\u00eda internacional del turismo con propuesta a los mercedinos"},"content":{"rendered":"<p>En el d\u00eda internacional del turismo Mercedes desarrollar\u00e1 una actividad especial. Este jueves la ciudad contar\u00e1 con un atractivo especial que ser\u00e1 un trabajo realizado en conjunto entre el Ministerio de Turismo de la Naci\u00f3n y la Direcci\u00f3n de Turismo donde un tr\u00e1iler de importantes dimensiones har\u00e1 diversas presentaciones frente al Palacio Municipal.<\/p>\n<p>La propuesta, impulsada por el intendente Selva, tendr\u00e1 diversas ofertas culturales para los mercedinos.<\/p>\n<p>En el tr\u00e1iler del Ministerio de Turismo de la Naci\u00f3n se podr\u00e1n conocer destinos, detalles, actividades de todo el pa\u00eds, ver todo lo bueno y bello que nuestro territorio posee para ofrecernos. A su vez estar\u00e1n presentes los conocidos atractivos locales en una suerte de inicio de acciones tendientes a promover la pr\u00f3xima Fiesta Nacional del Durazno.<\/p>\n<p>Habr\u00e1 stand de promoci\u00f3n de la Fiesta del Durazno, puestos de venta de duraznos y salames, artesan\u00edas y buena m\u00fasica para que jueves y viernes de esta semana los mercedinos tengamos un atractivo y un entretenimiento p\u00fablico, libre y gratuito.<\/p>\n<p>La actividad se desarrolla en el marco de difusi\u00f3n de los principales lugares tur\u00edsticos de nuestro pa\u00eds y de las primeras acciones en pos de poner en agenda nuestra pr\u00f3xima fiesta.<\/p>\n<p>Desde el d\u00eda mi\u00e9rcoles estar\u00e1 el personal del Ministerio trabajando en Mercedes para hacer toda la puesta a punto de los materiales que traen. El tr\u00e1iler tiene una longitud de 13 metros y estar\u00e1n atendiendo a los mercedinos por la ma\u00f1ana y la tarde efectuando un corte al mediod\u00eda.<\/p>\n<p>De esta manera, la comuna vuelve a sostener la oferta de actividades culturales para el entretenimiento de todos los mercedinos.<\/p>\n<p>&nbsp;<\/p>\n","protected":false},"excerpt":{"rendered":"<p>En el d\u00eda internacional del turismo Mercedes desarrollar\u00e1 una actividad especial. Este jueves la ciudad contar\u00e1 con un atractivo especial &#8230; <a title=\"D\u00eda internacional del turismo con propuesta a los mercedinos\" class=\"read-more\" href=\"https:\/\/www.hoymercedes.com.ar\/principal\/2012\/09\/26\/dia-internacional-del-turismo-con-propuesta-a-los-mercedinos\/\" aria-label=\"Leer m\u00e1s sobre D\u00eda internacional del turismo con propuesta a los mercedinos\">Leer m\u00e1s<\/a><\/p>\n","protected":false},"author":1,"featured_media":0,"comment_status":"open","ping_status":"open","sticky":false,"template":"","format":"standard","meta":{"_monsterinsights_skip_tracking":false,"_monsterinsights_sitenote_active":false,"_monsterinsights_sitenote_note":"","_monsterinsights_sitenote_category":0,"jetpack_post_was_ever_published":false,"_jetpack_newsletter_access":"","_jetpack_dont_email_post_to_subs":false,"_jetpack_newsletter_tier_id":0,"_jetpack_memberships_contains_paywalled_content":false,"_jetpack_memberships_contains_paid_content":false,"footnotes":"","jetpack_publicize_message":"","jetpack_publicize_feature_enabled":true,"jetpack_social_post_already_shared":false,"jetpack_social_options":{"image_generator_settings":{"template":"highway","default_image_id":0,"font":"","enabled":false},"version":2},"_wpas_customize_per_network":false},"categories":[30],"tags":[209],"class_list":["post-16475","post","type-post","status-publish","format-standard","hentry","category-municipio","tag-turismo-mercedes","generate-columns","tablet-grid-50","mobile-grid-100","grid-parent","grid-50"],"jetpack_publicize_connections":[],"jetpack_featured_media_url":"","wps_subtitle":"","jetpack_sharing_enabled":true,"_links":{"self":[{"href":"https:\/\/www.hoymercedes.com.ar\/principal\/wp-json\/wp\/v2\/posts\/16475","targetHints":{"allow":["GET"]}}],"collection":[{"href":"https:\/\/www.hoymercedes.com.ar\/principal\/wp-json\/wp\/v2\/posts"}],"about":[{"href":"https:\/\/www.hoymercedes.com.ar\/principal\/wp-json\/wp\/v2\/types\/post"}],"author":[{"embeddable":true,"href":"https:\/\/www.hoymercedes.com.ar\/principal\/wp-json\/wp\/v2\/users\/1"}],"replies":[{"embeddable":true,"href":"https:\/\/www.hoymercedes.com.ar\/principal\/wp-json\/wp\/v2\/comments?post=16475"}],"version-history":[{"count":0,"href":"https:\/\/www.hoymercedes.com.ar\/principal\/wp-json\/wp\/v2\/posts\/16475\/revisions"}],"wp:attachment":[{"href":"https:\/\/www.hoymercedes.com.ar\/principal\/wp-json\/wp\/v2\/media?parent=16475"}],"wp:term":[{"taxonomy":"category","embeddable":true,"href":"https:\/\/www.hoymercedes.com.ar\/principal\/wp-json\/wp\/v2\/categories?post=16475"},{"taxonomy":"post_tag","embeddable":true,"href":"https:\/\/www.hoymercedes.com.ar\/principal\/wp-json\/wp\/v2\/tags?post=16475"}],"curies":[{"name":"wp","href":"https:\/\/api.w.org\/{rel}","templated":true}]}}