{"id":164783,"date":"2023-07-20T19:31:53","date_gmt":"2023-07-20T22:31:53","guid":{"rendered":"https:\/\/www.hoymercedes.com.ar\/principal\/?p=164783"},"modified":"2023-07-20T19:32:33","modified_gmt":"2023-07-20T22:32:33","slug":"dia-del-amigo-amistad-de-la-infancia-por-oscar-dinova","status":"publish","type":"post","link":"https:\/\/www.hoymercedes.com.ar\/principal\/2023\/07\/20\/dia-del-amigo-amistad-de-la-infancia-por-oscar-dinova\/","title":{"rendered":"\u00abD\u00eda del Amigo &#8211;  Amistad de la Infancia\u00bb por Oscar Dinova"},"content":{"rendered":"\n<p>\u00abNunca m\u00e1s volv\u00ed a tener amigos como los que tuve a los doce a\u00f1os. Cielos, \u00bfacaso alguien s\u00ed?\u00bb (de la pel\u00edcula Cuenta Conmigo)<\/p>\n\n\n\n<p>\u00a1Vaya este peque\u00f1o homenaje a mis amigos de la ni\u00f1ez, cuando todos \u00e9ramos peque\u00f1os y ten\u00edamos ligeros los pies y ancho el coraz\u00f3n! (O.D)<\/p>\n\n\n\n<p>Era el comienzo de la d\u00e9cada del \u00b460. Mi padre era convocado a su primer trabajo fuera de Mercedes y nosotros conoc\u00edamos nuestro primer desarraigo. Luego vendr\u00edan otros. Pero yo no quer\u00eda dejar mi barrio y la cosa estaba fulera&#8230;<\/p>\n\n\n\n<p>\u00abLo cierto es que estaba en esa frontera incierta que separa el puntinazo del padre del plumerazo de la madre cuando desde el fondo de la calle todos ven venir a Coc\u00f3 con un bulto entre los brazos. Coc\u00f3 era mi amigo del barrio y de la infancia. Ya pas\u00e1bamos largas horas de juegos en una u otra casa, distante media cuadra la una de la otra.<\/p>\n\n\n\n<p>Su pap\u00e1 le hab\u00eda regalado para su cumplea\u00f1os un enorme auto azul de carrera, grande como la mitad de su cuerpo. P\u00e1hhh!! Era la cup\u00e9 de Juancito Galv\u00e9z , el gran campe\u00f3n de automovilismo, admirado por todos los hinchas del turismo carretera. Era un chiche de ensue\u00f1o.<\/p>\n\n\n\n<p>&#8211; Tom\u00e1, me dice. Te lo presto para que jugu\u00e9s en Cachabucho. \u00a1Cuid\u00e1lo, eh!<\/p>\n\n\n\n<p>Yo no s\u00e9 si fue la carcajada general por el furcio o el gesto puro de un amigo de oro, pero se aflojaron todas las tensiones y las l\u00e1grimas de mam\u00e1 brotaron en silencio. As\u00ed puestas las cosas largu\u00e9 la maltrecha planta, abrac\u00e9 el auto azul y le di un beso a Coc\u00f3 que son\u00f3 estruendoso en la vereda silenciosa.<\/p>\n\n\n\n<p>Ahora la que lloraba era Elida, la mam\u00e1 de Coc\u00f3.<\/p>\n\n\n\n<p>A veces parece, que ser buen amigo es m\u00e1s contagioso que pelar cebollas\u00bb.<\/p>\n\n\n\n<p>De Cucha Cucha &#8211; Chacabuco en El Tren de la Vida (Oscar Dinova Dunken, 2017).<\/p>\n\n\n<div class=\"wp-block-image\">\n<figure class=\"aligncenter size-large\"><img loading=\"lazy\" decoding=\"async\" width=\"743\" height=\"1024\" data-attachment-id=\"164784\" data-permalink=\"https:\/\/www.hoymercedes.com.ar\/principal\/2023\/07\/20\/dia-del-amigo-amistad-de-la-infancia-por-oscar-dinova\/image-14-6\/#main\" data-orig-file=\"https:\/\/www.hoymercedes.com.ar\/principal\/wp-content\/uploads\/2023\/07\/image-14.png\" data-orig-size=\"929,1280\" data-comments-opened=\"0\" data-image-meta=\"{&quot;aperture&quot;:&quot;0&quot;,&quot;credit&quot;:&quot;&quot;,&quot;camera&quot;:&quot;&quot;,&quot;caption&quot;:&quot;&quot;,&quot;created_timestamp&quot;:&quot;0&quot;,&quot;copyright&quot;:&quot;&quot;,&quot;focal_length&quot;:&quot;0&quot;,&quot;iso&quot;:&quot;0&quot;,&quot;shutter_speed&quot;:&quot;0&quot;,&quot;title&quot;:&quot;&quot;,&quot;orientation&quot;:&quot;0&quot;}\" data-image-title=\"image-14\" data-image-description=\"\" data-image-caption=\"\" data-large-file=\"https:\/\/www.hoymercedes.com.ar\/principal\/wp-content\/uploads\/2023\/07\/image-14-743x1024.png\" src=\"https:\/\/www.hoymercedes.com.ar\/principal\/wp-content\/uploads\/2023\/07\/image-14-743x1024.png\" alt=\"\" class=\"wp-image-164784\" srcset=\"https:\/\/www.hoymercedes.com.ar\/principal\/wp-content\/uploads\/2023\/07\/image-14-743x1024.png 743w, https:\/\/www.hoymercedes.com.ar\/principal\/wp-content\/uploads\/2023\/07\/image-14-450x620.png 450w, https:\/\/www.hoymercedes.com.ar\/principal\/wp-content\/uploads\/2023\/07\/image-14-109x150.png 109w, https:\/\/www.hoymercedes.com.ar\/principal\/wp-content\/uploads\/2023\/07\/image-14.png 929w\" sizes=\"auto, (max-width: 743px) 100vw, 743px\" \/><\/figure>\n<\/div>\n\n","protected":false},"excerpt":{"rendered":"<p>\u00abNunca m\u00e1s volv\u00ed a tener amigos como los que tuve a los doce a\u00f1os. Cielos, \u00bfacaso alguien s\u00ed?\u00bb (de la &#8230; <a title=\"\u00abD\u00eda del Amigo &#8211;  Amistad de la Infancia\u00bb por Oscar Dinova\" class=\"read-more\" href=\"https:\/\/www.hoymercedes.com.ar\/principal\/2023\/07\/20\/dia-del-amigo-amistad-de-la-infancia-por-oscar-dinova\/\" aria-label=\"Leer m\u00e1s sobre \u00abD\u00eda del Amigo &#8211;  Amistad de la Infancia\u00bb por Oscar Dinova\">Leer m\u00e1s<\/a><\/p>\n","protected":false},"author":1,"featured_media":164784,"comment_status":"closed","ping_status":"open","sticky":false,"template":"","format":"standard","meta":{"_monsterinsights_skip_tracking":false,"_monsterinsights_sitenote_active":false,"_monsterinsights_sitenote_note":"","_monsterinsights_sitenote_category":0,"jetpack_post_was_ever_published":false,"_jetpack_newsletter_access":"","_jetpack_dont_email_post_to_subs":false,"_jetpack_newsletter_tier_id":0,"_jetpack_memberships_contains_paywalled_content":false,"_jetpack_memberships_contains_paid_content":false,"footnotes":"","jetpack_publicize_message":"","jetpack_publicize_feature_enabled":true,"jetpack_social_post_already_shared":true,"jetpack_social_options":{"image_generator_settings":{"template":"highway","default_image_id":0,"font":"","enabled":false},"version":2},"_wpas_customize_per_network":false},"categories":[104],"tags":[7805],"class_list":["post-164783","post","type-post","status-publish","format-standard","has-post-thumbnail","hentry","category-cultura","tag-cultura","generate-columns","tablet-grid-50","mobile-grid-100","grid-parent","grid-50"],"jetpack_publicize_connections":[],"jetpack_featured_media_url":"https:\/\/www.hoymercedes.com.ar\/principal\/wp-content\/uploads\/2023\/07\/image-14.png","wps_subtitle":"","jetpack_sharing_enabled":true,"_links":{"self":[{"href":"https:\/\/www.hoymercedes.com.ar\/principal\/wp-json\/wp\/v2\/posts\/164783","targetHints":{"allow":["GET"]}}],"collection":[{"href":"https:\/\/www.hoymercedes.com.ar\/principal\/wp-json\/wp\/v2\/posts"}],"about":[{"href":"https:\/\/www.hoymercedes.com.ar\/principal\/wp-json\/wp\/v2\/types\/post"}],"author":[{"embeddable":true,"href":"https:\/\/www.hoymercedes.com.ar\/principal\/wp-json\/wp\/v2\/users\/1"}],"replies":[{"embeddable":true,"href":"https:\/\/www.hoymercedes.com.ar\/principal\/wp-json\/wp\/v2\/comments?post=164783"}],"version-history":[{"count":0,"href":"https:\/\/www.hoymercedes.com.ar\/principal\/wp-json\/wp\/v2\/posts\/164783\/revisions"}],"wp:featuredmedia":[{"embeddable":true,"href":"https:\/\/www.hoymercedes.com.ar\/principal\/wp-json\/wp\/v2\/media\/164784"}],"wp:attachment":[{"href":"https:\/\/www.hoymercedes.com.ar\/principal\/wp-json\/wp\/v2\/media?parent=164783"}],"wp:term":[{"taxonomy":"category","embeddable":true,"href":"https:\/\/www.hoymercedes.com.ar\/principal\/wp-json\/wp\/v2\/categories?post=164783"},{"taxonomy":"post_tag","embeddable":true,"href":"https:\/\/www.hoymercedes.com.ar\/principal\/wp-json\/wp\/v2\/tags?post=164783"}],"curies":[{"name":"wp","href":"https:\/\/api.w.org\/{rel}","templated":true}]}}