{"id":164787,"date":"2023-07-20T13:34:00","date_gmt":"2023-07-20T16:34:00","guid":{"rendered":"https:\/\/www.hoymercedes.com.ar\/principal\/?p=164787"},"modified":"2023-07-20T19:45:43","modified_gmt":"2023-07-20T22:45:43","slug":"distinguen-a-los-ganadores-del-programa-emprendedores-sociales-2023","status":"publish","type":"post","link":"https:\/\/www.hoymercedes.com.ar\/principal\/2023\/07\/20\/distinguen-a-los-ganadores-del-programa-emprendedores-sociales-2023\/","title":{"rendered":"Distinguen a los ganadores del Programa Emprendedores Sociales 2023"},"content":{"rendered":"\n<p>La empresa Naturgy, a trav\u00e9s de su programa de voluntariado, premi\u00f3 a los ganadores de la 12\u00b0 edici\u00f3n de \u201cEmprendedores Sociales\u201d, que tiene como objetivo acompa\u00f1ar las distintas iniciativas, presentadas por los colaboradores de la compa\u00f1\u00eda, financiando estos proyectos sociales y medioambientales que buscan construir un futuro mejor para todos.<\/p>\n\n\n<div class=\"wp-block-image\">\n<figure class=\"aligncenter size-full\"><img loading=\"lazy\" decoding=\"async\" width=\"800\" height=\"533\" data-attachment-id=\"164788\" data-permalink=\"https:\/\/www.hoymercedes.com.ar\/principal\/2023\/07\/20\/distinguen-a-los-ganadores-del-programa-emprendedores-sociales-2023\/naturgy-premiacion-emprendedores-sociales-2023-4\/#main\" data-orig-file=\"https:\/\/www.hoymercedes.com.ar\/principal\/wp-content\/uploads\/2023\/07\/Naturgy-Premiacion-Emprendedores-Sociales-2023-4.jpg\" data-orig-size=\"800,533\" data-comments-opened=\"0\" data-image-meta=\"{&quot;aperture&quot;:&quot;0&quot;,&quot;credit&quot;:&quot;&quot;,&quot;camera&quot;:&quot;&quot;,&quot;caption&quot;:&quot;&quot;,&quot;created_timestamp&quot;:&quot;1720263167&quot;,&quot;copyright&quot;:&quot;&quot;,&quot;focal_length&quot;:&quot;0&quot;,&quot;iso&quot;:&quot;0&quot;,&quot;shutter_speed&quot;:&quot;0&quot;,&quot;title&quot;:&quot;&quot;,&quot;orientation&quot;:&quot;0&quot;}\" data-image-title=\"Naturgy &amp;#8211; Premiaci\u00f3n Emprendedores Sociales 2023 -4\" data-image-description=\"\" data-image-caption=\"\" data-large-file=\"https:\/\/www.hoymercedes.com.ar\/principal\/wp-content\/uploads\/2023\/07\/Naturgy-Premiacion-Emprendedores-Sociales-2023-4.jpg\" src=\"https:\/\/www.hoymercedes.com.ar\/principal\/wp-content\/uploads\/2023\/07\/Naturgy-Premiacion-Emprendedores-Sociales-2023-4.jpg\" alt=\"\" class=\"wp-image-164788\" srcset=\"https:\/\/www.hoymercedes.com.ar\/principal\/wp-content\/uploads\/2023\/07\/Naturgy-Premiacion-Emprendedores-Sociales-2023-4.jpg 800w, https:\/\/www.hoymercedes.com.ar\/principal\/wp-content\/uploads\/2023\/07\/Naturgy-Premiacion-Emprendedores-Sociales-2023-4-630x420.jpg 630w, https:\/\/www.hoymercedes.com.ar\/principal\/wp-content\/uploads\/2023\/07\/Naturgy-Premiacion-Emprendedores-Sociales-2023-4-150x100.jpg 150w, https:\/\/www.hoymercedes.com.ar\/principal\/wp-content\/uploads\/2023\/07\/Naturgy-Premiacion-Emprendedores-Sociales-2023-4-700x465.jpg 700w\" sizes=\"auto, (max-width: 800px) 100vw, 800px\" \/><\/figure>\n<\/div>\n\n\n<p>Este Programa de Naturgy, que lleva adelante desde el a\u00f1o 2011, apoya el desarrollo de proyectos e iniciativas comunitarias que se orienten al desarrollo sostenible a trav\u00e9s de propuestas sociales y medioambientales. El emprendedor premiado, mediante un acuerdo con una ONG a su elecci\u00f3n, llevar\u00e1 adelante el desarrollo del proyecto.<\/p>\n\n\n\n<p>En el marco del Programa Emprendedores Sociales, Bettina Llapur, directora de Comunicacion y Relaciones Institucionales de Naturgy BAN, se\u00f1al\u00f3 que \u201cel creciente inter\u00e9s por el rol que cumplen nuestros emprendedores sociales en la generaci\u00f3n de un cambio innovador y sustentable en la comunidad, motiva a\u00f1o a a\u00f1o a Naturgy a continuar realizando el concurso para el apoyo de proyectos sociales. Queremos agradecer la participaci\u00f3n de todos, tanto de las instituciones que trabajan diariamente para lograr un futuro mejor, y promover posibilidades inclusivas, como de los colaboradores de la empresa que acercaron sus propuestas y se comprometen con causas de bien com\u00fan que contribuyen al progreso de la sociedad.\u201d<\/p>\n\n\n\n<p>Por su parte, el Gerente General de Naturgy BAN Gerardo G\u00f3mez, afirm\u00f3 que \u201cel programa Emprendedores Sociales constituye uno de los programas de sostenibilidad que nos vincula fuertemente con la comunidad y con numerosas instituciones de bien p\u00fablico cuya labor valoramos y premiamos con estas distinciones.\u201d<\/p>\n\n\n\n<p>Este a\u00f1o, el programa recibi\u00f3 28 proyectos que fueron analizados por un prestigioso jurado, conformado por Mart\u00edn Kaindl, director de Relaciones Institucionales y Administraci\u00f3n del IAPG (Instituto Argentino del Petr\u00f3leo y el Gas), Leonardo Hern\u00e1ndez, de CEADS (Consejo Empresario Argentino para el Desarrollo Sostenible), Fernando Flores, del Foro Ecum\u00e9nico Social; y Pablo Gandino, de Agenda Social.<\/p>\n\n\n<div class=\"wp-block-image\">\n<figure class=\"aligncenter size-full\"><img loading=\"lazy\" decoding=\"async\" width=\"754\" height=\"800\" data-attachment-id=\"164789\" data-permalink=\"https:\/\/www.hoymercedes.com.ar\/principal\/2023\/07\/20\/distinguen-a-los-ganadores-del-programa-emprendedores-sociales-2023\/naturgy-proyectos-ganadores-emprendedores-sociales-2023\/#main\" data-orig-file=\"https:\/\/www.hoymercedes.com.ar\/principal\/wp-content\/uploads\/2023\/07\/Naturgy-Proyectos-ganadores-Emprendedores-Sociales-2023.jpg\" data-orig-size=\"754,800\" data-comments-opened=\"0\" data-image-meta=\"{&quot;aperture&quot;:&quot;0&quot;,&quot;credit&quot;:&quot;&quot;,&quot;camera&quot;:&quot;&quot;,&quot;caption&quot;:&quot;&quot;,&quot;created_timestamp&quot;:&quot;1689606782&quot;,&quot;copyright&quot;:&quot;&quot;,&quot;focal_length&quot;:&quot;0&quot;,&quot;iso&quot;:&quot;0&quot;,&quot;shutter_speed&quot;:&quot;0&quot;,&quot;title&quot;:&quot;&quot;,&quot;orientation&quot;:&quot;1&quot;}\" data-image-title=\"Naturgy &amp;#8211; Proyectos ganadores Emprendedores Sociales 2023\" data-image-description=\"\" data-image-caption=\"\" data-large-file=\"https:\/\/www.hoymercedes.com.ar\/principal\/wp-content\/uploads\/2023\/07\/Naturgy-Proyectos-ganadores-Emprendedores-Sociales-2023.jpg\" src=\"https:\/\/www.hoymercedes.com.ar\/principal\/wp-content\/uploads\/2023\/07\/Naturgy-Proyectos-ganadores-Emprendedores-Sociales-2023.jpg\" alt=\"\" class=\"wp-image-164789\" srcset=\"https:\/\/www.hoymercedes.com.ar\/principal\/wp-content\/uploads\/2023\/07\/Naturgy-Proyectos-ganadores-Emprendedores-Sociales-2023.jpg 754w, https:\/\/www.hoymercedes.com.ar\/principal\/wp-content\/uploads\/2023\/07\/Naturgy-Proyectos-ganadores-Emprendedores-Sociales-2023-584x620.jpg 584w, https:\/\/www.hoymercedes.com.ar\/principal\/wp-content\/uploads\/2023\/07\/Naturgy-Proyectos-ganadores-Emprendedores-Sociales-2023-141x150.jpg 141w\" sizes=\"auto, (max-width: 754px) 100vw, 754px\" \/><\/figure>\n<\/div>","protected":false},"excerpt":{"rendered":"<p>La empresa Naturgy, a trav\u00e9s de su programa de voluntariado, premi\u00f3 a los ganadores de la 12\u00b0 edici\u00f3n de \u201cEmprendedores &#8230; <a title=\"Distinguen a los ganadores del Programa Emprendedores Sociales 2023\" class=\"read-more\" href=\"https:\/\/www.hoymercedes.com.ar\/principal\/2023\/07\/20\/distinguen-a-los-ganadores-del-programa-emprendedores-sociales-2023\/\" aria-label=\"Leer m\u00e1s sobre Distinguen a los ganadores del Programa Emprendedores Sociales 2023\">Leer m\u00e1s<\/a><\/p>\n","protected":false},"author":1,"featured_media":164788,"comment_status":"closed","ping_status":"open","sticky":false,"template":"","format":"standard","meta":{"_monsterinsights_skip_tracking":false,"_monsterinsights_sitenote_active":false,"_monsterinsights_sitenote_note":"","_monsterinsights_sitenote_category":0,"jetpack_post_was_ever_published":false,"_jetpack_newsletter_access":"","_jetpack_dont_email_post_to_subs":false,"_jetpack_newsletter_tier_id":0,"_jetpack_memberships_contains_paywalled_content":false,"_jetpack_memberships_contains_paid_content":false,"footnotes":"","jetpack_publicize_message":"","jetpack_publicize_feature_enabled":true,"jetpack_social_post_already_shared":true,"jetpack_social_options":{"image_generator_settings":{"template":"highway","default_image_id":0,"font":"","enabled":false},"version":2},"_wpas_customize_per_network":false},"categories":[8],"tags":[],"class_list":["post-164787","post","type-post","status-publish","format-standard","has-post-thumbnail","hentry","category-sociedad","generate-columns","tablet-grid-50","mobile-grid-100","grid-parent","grid-50"],"jetpack_publicize_connections":[],"jetpack_featured_media_url":"https:\/\/www.hoymercedes.com.ar\/principal\/wp-content\/uploads\/2023\/07\/Naturgy-Premiacion-Emprendedores-Sociales-2023-4.jpg","wps_subtitle":"","jetpack_sharing_enabled":true,"_links":{"self":[{"href":"https:\/\/www.hoymercedes.com.ar\/principal\/wp-json\/wp\/v2\/posts\/164787","targetHints":{"allow":["GET"]}}],"collection":[{"href":"https:\/\/www.hoymercedes.com.ar\/principal\/wp-json\/wp\/v2\/posts"}],"about":[{"href":"https:\/\/www.hoymercedes.com.ar\/principal\/wp-json\/wp\/v2\/types\/post"}],"author":[{"embeddable":true,"href":"https:\/\/www.hoymercedes.com.ar\/principal\/wp-json\/wp\/v2\/users\/1"}],"replies":[{"embeddable":true,"href":"https:\/\/www.hoymercedes.com.ar\/principal\/wp-json\/wp\/v2\/comments?post=164787"}],"version-history":[{"count":0,"href":"https:\/\/www.hoymercedes.com.ar\/principal\/wp-json\/wp\/v2\/posts\/164787\/revisions"}],"wp:featuredmedia":[{"embeddable":true,"href":"https:\/\/www.hoymercedes.com.ar\/principal\/wp-json\/wp\/v2\/media\/164788"}],"wp:attachment":[{"href":"https:\/\/www.hoymercedes.com.ar\/principal\/wp-json\/wp\/v2\/media?parent=164787"}],"wp:term":[{"taxonomy":"category","embeddable":true,"href":"https:\/\/www.hoymercedes.com.ar\/principal\/wp-json\/wp\/v2\/categories?post=164787"},{"taxonomy":"post_tag","embeddable":true,"href":"https:\/\/www.hoymercedes.com.ar\/principal\/wp-json\/wp\/v2\/tags?post=164787"}],"curies":[{"name":"wp","href":"https:\/\/api.w.org\/{rel}","templated":true}]}}