{"id":164792,"date":"2023-07-20T15:47:00","date_gmt":"2023-07-20T18:47:00","guid":{"rendered":"https:\/\/www.hoymercedes.com.ar\/principal\/?p=164792"},"modified":"2023-07-20T19:59:04","modified_gmt":"2023-07-20T22:59:04","slug":"municipio-de-mercedes-se-suma-a-la-lucha-contra-la-distrofia-muscular-de-duchenne","status":"publish","type":"post","link":"https:\/\/www.hoymercedes.com.ar\/principal\/2023\/07\/20\/municipio-de-mercedes-se-suma-a-la-lucha-contra-la-distrofia-muscular-de-duchenne\/","title":{"rendered":"Municipio de Mercedes se suma a la lucha contra la distrofia muscular de Duchenne"},"content":{"rendered":"\n<p>Desde el Municipio de Mercedes anunciaron que se sumaron a la campa\u00f1a que lleva adelante All Boys Solidario por la lucha contra la distrogia muscular de Duchenne. Es as\u00ed que en el mes de septiembre, el palacio municipal se iluminar\u00e1 de rojo. <\/p>\n\n\n<div class=\"wp-block-image\">\n<figure class=\"aligncenter size-full\"><img loading=\"lazy\" decoding=\"async\" width=\"800\" height=\"533\" data-attachment-id=\"164793\" data-permalink=\"https:\/\/www.hoymercedes.com.ar\/principal\/2023\/07\/20\/municipio-de-mercedes-se-suma-a-la-lucha-contra-la-distrofia-muscular-de-duchenne\/dsc02921\/#main\" data-orig-file=\"https:\/\/www.hoymercedes.com.ar\/principal\/wp-content\/uploads\/2023\/07\/DSC02921.jpg\" data-orig-size=\"800,533\" data-comments-opened=\"0\" data-image-meta=\"{&quot;aperture&quot;:&quot;0&quot;,&quot;credit&quot;:&quot;&quot;,&quot;camera&quot;:&quot;&quot;,&quot;caption&quot;:&quot;&quot;,&quot;created_timestamp&quot;:&quot;0&quot;,&quot;copyright&quot;:&quot;&quot;,&quot;focal_length&quot;:&quot;0&quot;,&quot;iso&quot;:&quot;0&quot;,&quot;shutter_speed&quot;:&quot;0&quot;,&quot;title&quot;:&quot;&quot;,&quot;orientation&quot;:&quot;0&quot;}\" data-image-title=\"DSC02921\" data-image-description=\"\" data-image-caption=\"\" data-large-file=\"https:\/\/www.hoymercedes.com.ar\/principal\/wp-content\/uploads\/2023\/07\/DSC02921.jpg\" src=\"https:\/\/www.hoymercedes.com.ar\/principal\/wp-content\/uploads\/2023\/07\/DSC02921.jpg\" alt=\"\" class=\"wp-image-164793\" srcset=\"https:\/\/www.hoymercedes.com.ar\/principal\/wp-content\/uploads\/2023\/07\/DSC02921.jpg 800w, https:\/\/www.hoymercedes.com.ar\/principal\/wp-content\/uploads\/2023\/07\/DSC02921-630x420.jpg 630w, https:\/\/www.hoymercedes.com.ar\/principal\/wp-content\/uploads\/2023\/07\/DSC02921-150x100.jpg 150w, https:\/\/www.hoymercedes.com.ar\/principal\/wp-content\/uploads\/2023\/07\/DSC02921-700x465.jpg 700w\" sizes=\"auto, (max-width: 800px) 100vw, 800px\" \/><\/figure>\n<\/div>\n\n\n<p>El 7 de septiembre se conmemora el D\u00eda Mundial de Concienciaci\u00f3n con la Distrofia Muscular de Duchenne, por lo que el vecino Omar \u201cPelusa\u201d Gonz\u00e1lez integrante de All Boys Solidario, se reuni\u00f3 con el intendente Ustarroz para proponerle la iniciativa de iluminar el Palacio Municipal de color rojo en apoyo a esta fecha. \u00a0<\/p>\n\n\n\n<p>Omar \u201cPelusa\u201d Gonz\u00e1lez integrante de All Boys Solidario expres\u00f3 \u201cnos reunimos con el intendente de nuestra ciudad, quien siempre es muy amable con nosotros, est\u00e1 dispuesto, nos escucha y nos brinda apoyo, quien mostr\u00f3 muy entusiasmado con la causa\u201d y agreg\u00f3 \u201ceste pr\u00f3ximo El 7 de septiembre se conmemora el D\u00eda Mundial de Concienciaci\u00f3n con la Distrofia Muscular de Duchenne y la Distrofia Muscular de Becker, por lo que el Municipio se iluminar\u00e1 de rojo\u201d.<\/p>\n\n\n\n<p>\u201cPara nosotros es important\u00edsimo, porque es la foto de nuestra ciudad, donde nace toda esta movida, donde el lugar de mayor representatividad de mi ciudad adhiere y dice presente, por lo que vale much\u00edsimo\u201d destac\u00f3 Gonz\u00e1lez.<\/p>\n\n\n\n<p>En este sentido, se\u00f1al\u00f3 \u201clo que estamos haciendo es tratar de despertar conciencia para que se invierta en la investigaci\u00f3n de esta enfermedad\u201d remarc\u00f3 \u201cPelusa\u201d Gonz\u00e1lez. &nbsp;<\/p>\n","protected":false},"excerpt":{"rendered":"<p>Desde el Municipio de Mercedes anunciaron que se sumaron a la campa\u00f1a que lleva adelante All Boys Solidario por la &#8230; <a title=\"Municipio de Mercedes se suma a la lucha contra la distrofia muscular de Duchenne\" class=\"read-more\" href=\"https:\/\/www.hoymercedes.com.ar\/principal\/2023\/07\/20\/municipio-de-mercedes-se-suma-a-la-lucha-contra-la-distrofia-muscular-de-duchenne\/\" aria-label=\"Leer m\u00e1s sobre Municipio de Mercedes se suma a la lucha contra la distrofia muscular de Duchenne\">Leer m\u00e1s<\/a><\/p>\n","protected":false},"author":1,"featured_media":164793,"comment_status":"closed","ping_status":"open","sticky":false,"template":"","format":"standard","meta":{"_monsterinsights_skip_tracking":false,"_monsterinsights_sitenote_active":false,"_monsterinsights_sitenote_note":"","_monsterinsights_sitenote_category":0,"jetpack_post_was_ever_published":false,"_jetpack_newsletter_access":"","_jetpack_dont_email_post_to_subs":false,"_jetpack_newsletter_tier_id":0,"_jetpack_memberships_contains_paywalled_content":false,"_jetpack_memberships_contains_paid_content":false,"footnotes":"","jetpack_publicize_message":"","jetpack_publicize_feature_enabled":true,"jetpack_social_post_already_shared":true,"jetpack_social_options":{"image_generator_settings":{"template":"highway","default_image_id":0,"font":"","enabled":false},"version":2},"_wpas_customize_per_network":false},"categories":[8],"tags":[],"class_list":["post-164792","post","type-post","status-publish","format-standard","has-post-thumbnail","hentry","category-sociedad","generate-columns","tablet-grid-50","mobile-grid-100","grid-parent","grid-50"],"jetpack_publicize_connections":[],"jetpack_featured_media_url":"https:\/\/www.hoymercedes.com.ar\/principal\/wp-content\/uploads\/2023\/07\/DSC02921.jpg","wps_subtitle":"","jetpack_sharing_enabled":true,"_links":{"self":[{"href":"https:\/\/www.hoymercedes.com.ar\/principal\/wp-json\/wp\/v2\/posts\/164792","targetHints":{"allow":["GET"]}}],"collection":[{"href":"https:\/\/www.hoymercedes.com.ar\/principal\/wp-json\/wp\/v2\/posts"}],"about":[{"href":"https:\/\/www.hoymercedes.com.ar\/principal\/wp-json\/wp\/v2\/types\/post"}],"author":[{"embeddable":true,"href":"https:\/\/www.hoymercedes.com.ar\/principal\/wp-json\/wp\/v2\/users\/1"}],"replies":[{"embeddable":true,"href":"https:\/\/www.hoymercedes.com.ar\/principal\/wp-json\/wp\/v2\/comments?post=164792"}],"version-history":[{"count":0,"href":"https:\/\/www.hoymercedes.com.ar\/principal\/wp-json\/wp\/v2\/posts\/164792\/revisions"}],"wp:featuredmedia":[{"embeddable":true,"href":"https:\/\/www.hoymercedes.com.ar\/principal\/wp-json\/wp\/v2\/media\/164793"}],"wp:attachment":[{"href":"https:\/\/www.hoymercedes.com.ar\/principal\/wp-json\/wp\/v2\/media?parent=164792"}],"wp:term":[{"taxonomy":"category","embeddable":true,"href":"https:\/\/www.hoymercedes.com.ar\/principal\/wp-json\/wp\/v2\/categories?post=164792"},{"taxonomy":"post_tag","embeddable":true,"href":"https:\/\/www.hoymercedes.com.ar\/principal\/wp-json\/wp\/v2\/tags?post=164792"}],"curies":[{"name":"wp","href":"https:\/\/api.w.org\/{rel}","templated":true}]}}