{"id":164799,"date":"2023-07-20T22:00:00","date_gmt":"2023-07-21T01:00:00","guid":{"rendered":"https:\/\/www.hoymercedes.com.ar\/principal\/?p=164799"},"modified":"2023-07-20T20:37:56","modified_gmt":"2023-07-20T23:37:56","slug":"la-policia-comunal-logro-detener-a-dos-personas-en-robo-a-vivienda","status":"publish","type":"post","link":"https:\/\/www.hoymercedes.com.ar\/principal\/2023\/07\/20\/la-policia-comunal-logro-detener-a-dos-personas-en-robo-a-vivienda\/","title":{"rendered":"La Polic\u00eda Comunal logr\u00f3 detener a dos personas en robo a vivienda"},"content":{"rendered":"\n<figure class=\"wp-block-image size-full\"><img loading=\"lazy\" decoding=\"async\" width=\"1000\" height=\"800\" data-attachment-id=\"164800\" data-permalink=\"https:\/\/www.hoymercedes.com.ar\/principal\/2023\/07\/20\/la-policia-comunal-logro-detener-a-dos-personas-en-robo-a-vivienda\/page-5\/#main\" data-orig-file=\"https:\/\/www.hoymercedes.com.ar\/principal\/wp-content\/uploads\/2023\/07\/page.jpg\" data-orig-size=\"1000,800\" data-comments-opened=\"0\" data-image-meta=\"{&quot;aperture&quot;:&quot;0&quot;,&quot;credit&quot;:&quot;&quot;,&quot;camera&quot;:&quot;&quot;,&quot;caption&quot;:&quot;&quot;,&quot;created_timestamp&quot;:&quot;0&quot;,&quot;copyright&quot;:&quot;&quot;,&quot;focal_length&quot;:&quot;0&quot;,&quot;iso&quot;:&quot;0&quot;,&quot;shutter_speed&quot;:&quot;0&quot;,&quot;title&quot;:&quot;&quot;,&quot;orientation&quot;:&quot;0&quot;}\" data-image-title=\"page\" data-image-description=\"\" data-image-caption=\"\" data-large-file=\"https:\/\/www.hoymercedes.com.ar\/principal\/wp-content\/uploads\/2023\/07\/page.jpg\" src=\"https:\/\/www.hoymercedes.com.ar\/principal\/wp-content\/uploads\/2023\/07\/page.jpg\" alt=\"\" class=\"wp-image-164800\" srcset=\"https:\/\/www.hoymercedes.com.ar\/principal\/wp-content\/uploads\/2023\/07\/page.jpg 1000w, https:\/\/www.hoymercedes.com.ar\/principal\/wp-content\/uploads\/2023\/07\/page-630x504.jpg 630w, https:\/\/www.hoymercedes.com.ar\/principal\/wp-content\/uploads\/2023\/07\/page-150x120.jpg 150w\" sizes=\"auto, (max-width: 1000px) 100vw, 1000px\" \/><\/figure>\n\n\n\n<p>Los efectivos de la Polic\u00eda Comunal realizaron un amplio operativo que permiti\u00f3 la detenci\u00f3n de los malvivientes, a pesar de la fuerte resistencia de estos ante la presencia de la fuerza de seguridad. El hecho demand\u00f3 un amplio operativo cerrojo en la zona de calle 49 y 10 y alrededores.<\/p>\n\n\n\n<p>Pasadas las 15hs el operativo se inici\u00f3 tras una alerta de un sistema de alarma de las que muchos vecinos suelen tener los agentes lograron arribar muy r\u00e1pidamente a una vivienda donde dos personas, un hombre de 24 a\u00f1os y una mujer de 32 hab\u00edan ingresado con intenciones il\u00edcitas.<\/p>\n\n\n\n<p>A la vivienda ingresaron tras violentar aberturas y sustrajeron varios elementos.<\/p>\n\n\n\n<p>Ahora est\u00e1n tras las rejas a disposici\u00f3n de la justicia mercedina.<\/p>\n\n\n\n<p>Act\u00faa la UFI N\u00ba4 del Departamento Judicial Mercedes.<\/p>\n","protected":false},"excerpt":{"rendered":"<p>Los efectivos de la Polic\u00eda Comunal realizaron un amplio operativo que permiti\u00f3 la detenci\u00f3n de los malvivientes, a pesar de &#8230; <a title=\"La Polic\u00eda Comunal logr\u00f3 detener a dos personas en robo a vivienda\" class=\"read-more\" href=\"https:\/\/www.hoymercedes.com.ar\/principal\/2023\/07\/20\/la-policia-comunal-logro-detener-a-dos-personas-en-robo-a-vivienda\/\" aria-label=\"Leer m\u00e1s sobre La Polic\u00eda Comunal logr\u00f3 detener a dos personas en robo a vivienda\">Leer m\u00e1s<\/a><\/p>\n","protected":false},"author":1,"featured_media":164800,"comment_status":"closed","ping_status":"open","sticky":false,"template":"","format":"standard","meta":{"_monsterinsights_skip_tracking":false,"_monsterinsights_sitenote_active":false,"_monsterinsights_sitenote_note":"","_monsterinsights_sitenote_category":0,"jetpack_post_was_ever_published":false,"_jetpack_newsletter_access":"","_jetpack_dont_email_post_to_subs":false,"_jetpack_newsletter_tier_id":0,"_jetpack_memberships_contains_paywalled_content":false,"_jetpack_memberships_contains_paid_content":false,"footnotes":"","jetpack_publicize_message":"","jetpack_publicize_feature_enabled":true,"jetpack_social_post_already_shared":true,"jetpack_social_options":{"image_generator_settings":{"template":"highway","default_image_id":0,"font":"","enabled":false},"version":2},"_wpas_customize_per_network":false},"categories":[85],"tags":[26,5766],"class_list":["post-164799","post","type-post","status-publish","format-standard","has-post-thumbnail","hentry","category-policial","tag-detenidos","tag-policia-comunal","generate-columns","tablet-grid-50","mobile-grid-100","grid-parent","grid-50"],"jetpack_publicize_connections":[],"jetpack_featured_media_url":"https:\/\/www.hoymercedes.com.ar\/principal\/wp-content\/uploads\/2023\/07\/page.jpg","wps_subtitle":"Tras las rejas","jetpack_sharing_enabled":true,"_links":{"self":[{"href":"https:\/\/www.hoymercedes.com.ar\/principal\/wp-json\/wp\/v2\/posts\/164799","targetHints":{"allow":["GET"]}}],"collection":[{"href":"https:\/\/www.hoymercedes.com.ar\/principal\/wp-json\/wp\/v2\/posts"}],"about":[{"href":"https:\/\/www.hoymercedes.com.ar\/principal\/wp-json\/wp\/v2\/types\/post"}],"author":[{"embeddable":true,"href":"https:\/\/www.hoymercedes.com.ar\/principal\/wp-json\/wp\/v2\/users\/1"}],"replies":[{"embeddable":true,"href":"https:\/\/www.hoymercedes.com.ar\/principal\/wp-json\/wp\/v2\/comments?post=164799"}],"version-history":[{"count":0,"href":"https:\/\/www.hoymercedes.com.ar\/principal\/wp-json\/wp\/v2\/posts\/164799\/revisions"}],"wp:featuredmedia":[{"embeddable":true,"href":"https:\/\/www.hoymercedes.com.ar\/principal\/wp-json\/wp\/v2\/media\/164800"}],"wp:attachment":[{"href":"https:\/\/www.hoymercedes.com.ar\/principal\/wp-json\/wp\/v2\/media?parent=164799"}],"wp:term":[{"taxonomy":"category","embeddable":true,"href":"https:\/\/www.hoymercedes.com.ar\/principal\/wp-json\/wp\/v2\/categories?post=164799"},{"taxonomy":"post_tag","embeddable":true,"href":"https:\/\/www.hoymercedes.com.ar\/principal\/wp-json\/wp\/v2\/tags?post=164799"}],"curies":[{"name":"wp","href":"https:\/\/api.w.org\/{rel}","templated":true}]}}