{"id":164863,"date":"2023-07-22T12:15:00","date_gmt":"2023-07-22T15:15:00","guid":{"rendered":"https:\/\/www.hoymercedes.com.ar\/principal\/?p=164863"},"modified":"2023-07-22T11:10:28","modified_gmt":"2023-07-22T14:10:28","slug":"anuncian-corte-de-luz-para-el-domingo-23","status":"publish","type":"post","link":"https:\/\/www.hoymercedes.com.ar\/principal\/2023\/07\/22\/anuncian-corte-de-luz-para-el-domingo-23\/","title":{"rendered":"Anuncian corte de luz para el domingo 23"},"content":{"rendered":"\n<p>La empresa EDEN comunic\u00f3 que realizar\u00e1 tareas de mantenimiento el venidero domingo 23 de julio. Es as\u00ed que entre las 8 y las 14 horas, podr\u00eda verse afectado el servicio de energ\u00eda el\u00e9ctrica en las zonas donde est\u00e9n trabajando. <\/p>\n\n\n<div class=\"wp-block-image\">\n<figure class=\"aligncenter size-large\"><img loading=\"lazy\" decoding=\"async\" width=\"651\" height=\"1024\" data-attachment-id=\"164864\" data-permalink=\"https:\/\/www.hoymercedes.com.ar\/principal\/2023\/07\/22\/anuncian-corte-de-luz-para-el-domingo-23\/corte-eden\/#main\" data-orig-file=\"https:\/\/www.hoymercedes.com.ar\/principal\/wp-content\/uploads\/2023\/07\/corte-eden.jpg\" data-orig-size=\"720,1133\" data-comments-opened=\"0\" data-image-meta=\"{&quot;aperture&quot;:&quot;0&quot;,&quot;credit&quot;:&quot;&quot;,&quot;camera&quot;:&quot;&quot;,&quot;caption&quot;:&quot;&quot;,&quot;created_timestamp&quot;:&quot;0&quot;,&quot;copyright&quot;:&quot;&quot;,&quot;focal_length&quot;:&quot;0&quot;,&quot;iso&quot;:&quot;0&quot;,&quot;shutter_speed&quot;:&quot;0&quot;,&quot;title&quot;:&quot;&quot;,&quot;orientation&quot;:&quot;0&quot;}\" data-image-title=\"corte-eden\" data-image-description=\"\" data-image-caption=\"\" data-large-file=\"https:\/\/www.hoymercedes.com.ar\/principal\/wp-content\/uploads\/2023\/07\/corte-eden-651x1024.jpg\" src=\"https:\/\/www.hoymercedes.com.ar\/principal\/wp-content\/uploads\/2023\/07\/corte-eden-651x1024.jpg\" alt=\"\" class=\"wp-image-164864\" srcset=\"https:\/\/www.hoymercedes.com.ar\/principal\/wp-content\/uploads\/2023\/07\/corte-eden-651x1024.jpg 651w, https:\/\/www.hoymercedes.com.ar\/principal\/wp-content\/uploads\/2023\/07\/corte-eden-394x620.jpg 394w, https:\/\/www.hoymercedes.com.ar\/principal\/wp-content\/uploads\/2023\/07\/corte-eden-95x150.jpg 95w, https:\/\/www.hoymercedes.com.ar\/principal\/wp-content\/uploads\/2023\/07\/corte-eden.jpg 720w\" sizes=\"auto, (max-width: 651px) 100vw, 651px\" \/><\/figure>\n<\/div>\n\n\n<p>Aunque tambi\u00e9n anunciaron que podr\u00eda verse afectada la zona comprendida por la 19 y la ruta 5, entre calle 2 y la v\u00eda, el \u00e1rea entre calle 5, calle 2, calle 108 y 109 y la parte norte de 103bis, calle 24, calle 127\u00a0y\u00a0la\u00a0v\u00eda<\/p>\n","protected":false},"excerpt":{"rendered":"<p>La empresa EDEN comunic\u00f3 que realizar\u00e1 tareas de mantenimiento el venidero domingo 23 de julio. Es as\u00ed que entre las &#8230; <a title=\"Anuncian corte de luz para el domingo 23\" class=\"read-more\" href=\"https:\/\/www.hoymercedes.com.ar\/principal\/2023\/07\/22\/anuncian-corte-de-luz-para-el-domingo-23\/\" aria-label=\"Leer m\u00e1s sobre Anuncian corte de luz para el domingo 23\">Leer m\u00e1s<\/a><\/p>\n","protected":false},"author":1,"featured_media":135770,"comment_status":"closed","ping_status":"open","sticky":false,"template":"","format":"standard","meta":{"_monsterinsights_skip_tracking":false,"_monsterinsights_sitenote_active":false,"_monsterinsights_sitenote_note":"","_monsterinsights_sitenote_category":0,"jetpack_post_was_ever_published":false,"_jetpack_newsletter_access":"","_jetpack_dont_email_post_to_subs":false,"_jetpack_newsletter_tier_id":0,"_jetpack_memberships_contains_paywalled_content":false,"_jetpack_memberships_contains_paid_content":false,"footnotes":"","jetpack_publicize_message":"","jetpack_publicize_feature_enabled":true,"jetpack_social_post_already_shared":true,"jetpack_social_options":{"image_generator_settings":{"template":"highway","default_image_id":0,"font":"","enabled":false},"version":2},"_wpas_customize_per_network":false},"categories":[8],"tags":[],"class_list":["post-164863","post","type-post","status-publish","format-standard","has-post-thumbnail","hentry","category-sociedad","generate-columns","tablet-grid-50","mobile-grid-100","grid-parent","grid-50"],"jetpack_publicize_connections":[],"jetpack_featured_media_url":"https:\/\/www.hoymercedes.com.ar\/principal\/wp-content\/uploads\/2021\/08\/EDEN-logoconclaim.jpg","wps_subtitle":"","jetpack_sharing_enabled":true,"_links":{"self":[{"href":"https:\/\/www.hoymercedes.com.ar\/principal\/wp-json\/wp\/v2\/posts\/164863","targetHints":{"allow":["GET"]}}],"collection":[{"href":"https:\/\/www.hoymercedes.com.ar\/principal\/wp-json\/wp\/v2\/posts"}],"about":[{"href":"https:\/\/www.hoymercedes.com.ar\/principal\/wp-json\/wp\/v2\/types\/post"}],"author":[{"embeddable":true,"href":"https:\/\/www.hoymercedes.com.ar\/principal\/wp-json\/wp\/v2\/users\/1"}],"replies":[{"embeddable":true,"href":"https:\/\/www.hoymercedes.com.ar\/principal\/wp-json\/wp\/v2\/comments?post=164863"}],"version-history":[{"count":0,"href":"https:\/\/www.hoymercedes.com.ar\/principal\/wp-json\/wp\/v2\/posts\/164863\/revisions"}],"wp:featuredmedia":[{"embeddable":true,"href":"https:\/\/www.hoymercedes.com.ar\/principal\/wp-json\/wp\/v2\/media\/135770"}],"wp:attachment":[{"href":"https:\/\/www.hoymercedes.com.ar\/principal\/wp-json\/wp\/v2\/media?parent=164863"}],"wp:term":[{"taxonomy":"category","embeddable":true,"href":"https:\/\/www.hoymercedes.com.ar\/principal\/wp-json\/wp\/v2\/categories?post=164863"},{"taxonomy":"post_tag","embeddable":true,"href":"https:\/\/www.hoymercedes.com.ar\/principal\/wp-json\/wp\/v2\/tags?post=164863"}],"curies":[{"name":"wp","href":"https:\/\/api.w.org\/{rel}","templated":true}]}}