{"id":164937,"date":"2023-07-24T14:00:00","date_gmt":"2023-07-24T17:00:00","guid":{"rendered":"https:\/\/www.hoymercedes.com.ar\/principal\/?p=164937"},"modified":"2023-07-24T13:22:05","modified_gmt":"2023-07-24T16:22:05","slug":"te-pinta-que-pintemos-jornadas-de-invierno-en-el-cef","status":"publish","type":"post","link":"https:\/\/www.hoymercedes.com.ar\/principal\/2023\/07\/24\/te-pinta-que-pintemos-jornadas-de-invierno-en-el-cef\/","title":{"rendered":"\u00bfTe pinta que pintemos? Jornadas de invierno en el CEF"},"content":{"rendered":"\n<p>Por Oscar Dinova &#8211; \u201cAlgunos pintores transforman el Sol en una mancha amarilla, otros transforman una mancha amarilla en el Sol\u201d (Pablo Picasso)<\/p>\n\n\n\n<p>Cuando lleg\u00f3 la pausa de invierno y los chicos se alejaron de sus escuelas, el CEF N\u00b040 convoc\u00f3 a sus chicos deportistas a embellecer el lugar. De la mano de sus profes, los j\u00f3venes de Voley (mini, Sub 16 y 18), de Handball y los peque\u00f1ines de EFI (Ed. F\u00edsica Infantil) le cambiaron la cara al querido \u201cPoli\u201d. Durante los quince d\u00edas \u2013que no fueron receso- sus paredes grises y monocordes se vistieron con una primavera anticipada.<\/p>\n\n\n<div class=\"wp-block-image\">\n<figure class=\"aligncenter size-large\"><img loading=\"lazy\" decoding=\"async\" width=\"1024\" height=\"711\" data-attachment-id=\"164938\" data-permalink=\"https:\/\/www.hoymercedes.com.ar\/principal\/2023\/07\/24\/te-pinta-que-pintemos-jornadas-de-invierno-en-el-cef\/image-17-6\/#main\" data-orig-file=\"https:\/\/www.hoymercedes.com.ar\/principal\/wp-content\/uploads\/2023\/07\/image-17.png\" data-orig-size=\"2048,1422\" data-comments-opened=\"0\" data-image-meta=\"{&quot;aperture&quot;:&quot;0&quot;,&quot;credit&quot;:&quot;&quot;,&quot;camera&quot;:&quot;&quot;,&quot;caption&quot;:&quot;&quot;,&quot;created_timestamp&quot;:&quot;0&quot;,&quot;copyright&quot;:&quot;&quot;,&quot;focal_length&quot;:&quot;0&quot;,&quot;iso&quot;:&quot;0&quot;,&quot;shutter_speed&quot;:&quot;0&quot;,&quot;title&quot;:&quot;&quot;,&quot;orientation&quot;:&quot;0&quot;}\" data-image-title=\"image-17\" data-image-description=\"\" data-image-caption=\"\" data-large-file=\"https:\/\/www.hoymercedes.com.ar\/principal\/wp-content\/uploads\/2023\/07\/image-17-1024x711.png\" src=\"https:\/\/www.hoymercedes.com.ar\/principal\/wp-content\/uploads\/2023\/07\/image-17-1024x711.png\" alt=\"\" class=\"wp-image-164938\" srcset=\"https:\/\/www.hoymercedes.com.ar\/principal\/wp-content\/uploads\/2023\/07\/image-17-1024x711.png 1024w, https:\/\/www.hoymercedes.com.ar\/principal\/wp-content\/uploads\/2023\/07\/image-17-630x437.png 630w, https:\/\/www.hoymercedes.com.ar\/principal\/wp-content\/uploads\/2023\/07\/image-17-150x104.png 150w, https:\/\/www.hoymercedes.com.ar\/principal\/wp-content\/uploads\/2023\/07\/image-17-1536x1067.png 1536w, https:\/\/www.hoymercedes.com.ar\/principal\/wp-content\/uploads\/2023\/07\/image-17.png 2048w\" sizes=\"auto, (max-width: 1024px) 100vw, 1024px\" \/><\/figure>\n<\/div>\n\n\n<p>As\u00ed, acompa\u00f1ados y guiados por el equipo de profesores y profesoras los pibes dieron rienda suelta a su imaginaci\u00f3n y su alegr\u00eda. Todos tuvieron su lugar y su momento. Cada \u201caltura\u201d, sirvi\u00f3 para cada lugar. Adem\u00e1s, hubo tiempo para un reconfortante mate que iba de mano en mano, esperando la hora de unos buenos choris. Reconforta el alma ver estas iniciativas, donde nuestra juventud tiene un lugar de pertenencia y disfruta de la amistad, los buenos modelos y el deporte, por supuesto.<\/p>\n\n\n\n<p>Esta instituci\u00f3n cumple 40 a\u00f1os, los mismos que la democracia. \u00a1Qu\u00e9 buena manera de festejarlo!<\/p>\n\n\n\n<p>Es que, en realidad, esta es una hermosa manera de aprender lo que es la democracia. Integrando, participando y mejorando las instituciones que los contienen y forman como buenas personas. Desplegando la amistad como la mejor bandera. Compartiendo un esfuerzo y buenos momentos. Respetando a sus profesores, que les muestran el camino a seguir con el ejemplo.<\/p>\n\n\n\n<p>Todos sabemos que la democracia no se debe resumir a derechos electorales sino a buenas y educadoras pr\u00e1cticas cotidianas. Como la de poner un arco iris ah\u00ed donde exist\u00eda una pared gris. Es una alentadora met\u00e1fora sobre nuestro futuro y una caricia a nuestro presente. No lo debe dudar la comunidad mercedina\u2026 \u201cestos chicos convirtieron a sus dibujos y sus colores en un generoso sol\u201d.<\/p>\n\n\n\n<p><strong>Felicitaciones<\/strong> a todos los promovieron y participaron de estas jornadas!<\/p>\n\n\n\n<p>\u00a1Y a la Directora Lorena Leiva, a Carolina Gioscio, la profe-artista colaboradora y a Carolina Martinelli: un motor incansable!<\/p>\n\n\n\n<p>\u201cFELIZ CUMPLE POLI\u201d<\/p>\n\n\n\n<p>Oscar Dinova, texto y collage<br>Diana Manos, fotograf\u00edas<\/p>\n","protected":false},"excerpt":{"rendered":"<p>Por Oscar Dinova &#8211; \u201cAlgunos pintores transforman el Sol en una mancha amarilla, otros transforman una mancha amarilla en el &#8230; <a title=\"\u00bfTe pinta que pintemos? Jornadas de invierno en el CEF\" class=\"read-more\" href=\"https:\/\/www.hoymercedes.com.ar\/principal\/2023\/07\/24\/te-pinta-que-pintemos-jornadas-de-invierno-en-el-cef\/\" aria-label=\"Leer m\u00e1s sobre \u00bfTe pinta que pintemos? Jornadas de invierno en el CEF\">Leer m\u00e1s<\/a><\/p>\n","protected":false},"author":1,"featured_media":164938,"comment_status":"closed","ping_status":"open","sticky":false,"template":"","format":"standard","meta":{"_monsterinsights_skip_tracking":false,"_monsterinsights_sitenote_active":false,"_monsterinsights_sitenote_note":"","_monsterinsights_sitenote_category":0,"jetpack_post_was_ever_published":false,"_jetpack_newsletter_access":"","_jetpack_dont_email_post_to_subs":false,"_jetpack_newsletter_tier_id":0,"_jetpack_memberships_contains_paywalled_content":false,"_jetpack_memberships_contains_paid_content":false,"footnotes":"","jetpack_publicize_message":"","jetpack_publicize_feature_enabled":true,"jetpack_social_post_already_shared":true,"jetpack_social_options":{"image_generator_settings":{"template":"highway","default_image_id":0,"font":"","enabled":false},"version":2},"_wpas_customize_per_network":false},"categories":[8],"tags":[],"class_list":["post-164937","post","type-post","status-publish","format-standard","has-post-thumbnail","hentry","category-sociedad","generate-columns","tablet-grid-50","mobile-grid-100","grid-parent","grid-50"],"jetpack_publicize_connections":[],"jetpack_featured_media_url":"https:\/\/www.hoymercedes.com.ar\/principal\/wp-content\/uploads\/2023\/07\/image-17.png","wps_subtitle":"","jetpack_sharing_enabled":true,"_links":{"self":[{"href":"https:\/\/www.hoymercedes.com.ar\/principal\/wp-json\/wp\/v2\/posts\/164937","targetHints":{"allow":["GET"]}}],"collection":[{"href":"https:\/\/www.hoymercedes.com.ar\/principal\/wp-json\/wp\/v2\/posts"}],"about":[{"href":"https:\/\/www.hoymercedes.com.ar\/principal\/wp-json\/wp\/v2\/types\/post"}],"author":[{"embeddable":true,"href":"https:\/\/www.hoymercedes.com.ar\/principal\/wp-json\/wp\/v2\/users\/1"}],"replies":[{"embeddable":true,"href":"https:\/\/www.hoymercedes.com.ar\/principal\/wp-json\/wp\/v2\/comments?post=164937"}],"version-history":[{"count":0,"href":"https:\/\/www.hoymercedes.com.ar\/principal\/wp-json\/wp\/v2\/posts\/164937\/revisions"}],"wp:featuredmedia":[{"embeddable":true,"href":"https:\/\/www.hoymercedes.com.ar\/principal\/wp-json\/wp\/v2\/media\/164938"}],"wp:attachment":[{"href":"https:\/\/www.hoymercedes.com.ar\/principal\/wp-json\/wp\/v2\/media?parent=164937"}],"wp:term":[{"taxonomy":"category","embeddable":true,"href":"https:\/\/www.hoymercedes.com.ar\/principal\/wp-json\/wp\/v2\/categories?post=164937"},{"taxonomy":"post_tag","embeddable":true,"href":"https:\/\/www.hoymercedes.com.ar\/principal\/wp-json\/wp\/v2\/tags?post=164937"}],"curies":[{"name":"wp","href":"https:\/\/api.w.org\/{rel}","templated":true}]}}