{"id":164984,"date":"2023-07-25T07:30:00","date_gmt":"2023-07-25T10:30:00","guid":{"rendered":"https:\/\/www.hoymercedes.com.ar\/principal\/?p=164984"},"modified":"2023-07-25T00:33:48","modified_gmt":"2023-07-25T03:33:48","slug":"casa-velatoria-cambiemos-rechazo-la-contratacion-de-empleados-para-su-funcionamiento","status":"publish","type":"post","link":"https:\/\/www.hoymercedes.com.ar\/principal\/2023\/07\/25\/casa-velatoria-cambiemos-rechazo-la-contratacion-de-empleados-para-su-funcionamiento\/","title":{"rendered":"Casa Velatoria: Cambiemos rechaz\u00f3 la contrataci\u00f3n de empleados para su funcionamiento"},"content":{"rendered":"\n<figure class=\"wp-block-image size-large\"><img loading=\"lazy\" decoding=\"async\" width=\"1024\" height=\"576\" data-attachment-id=\"164985\" data-permalink=\"https:\/\/www.hoymercedes.com.ar\/principal\/2023\/07\/25\/casa-velatoria-cambiemos-rechazo-la-contratacion-de-empleados-para-su-funcionamiento\/cambiemos-mercedes-2023\/#main\" data-orig-file=\"https:\/\/www.hoymercedes.com.ar\/principal\/wp-content\/uploads\/2023\/07\/Cambiemos-Mercedes-2023-scaled.jpg\" data-orig-size=\"2560,1440\" data-comments-opened=\"0\" data-image-meta=\"{&quot;aperture&quot;:&quot;1.6&quot;,&quot;credit&quot;:&quot;&quot;,&quot;camera&quot;:&quot;motorola edge 30 ultra&quot;,&quot;caption&quot;:&quot;&quot;,&quot;created_timestamp&quot;:&quot;1690225961&quot;,&quot;copyright&quot;:&quot;&quot;,&quot;focal_length&quot;:&quot;7.18&quot;,&quot;iso&quot;:&quot;381&quot;,&quot;shutter_speed&quot;:&quot;0.02&quot;,&quot;title&quot;:&quot;&quot;,&quot;orientation&quot;:&quot;1&quot;}\" data-image-title=\"Cambiemos-Mercedes-2023\" data-image-description=\"\" data-image-caption=\"\" data-large-file=\"https:\/\/www.hoymercedes.com.ar\/principal\/wp-content\/uploads\/2023\/07\/Cambiemos-Mercedes-2023-1024x576.jpg\" src=\"https:\/\/www.hoymercedes.com.ar\/principal\/wp-content\/uploads\/2023\/07\/Cambiemos-Mercedes-2023-1024x576.jpg\" alt=\"\" class=\"wp-image-164985\" srcset=\"https:\/\/www.hoymercedes.com.ar\/principal\/wp-content\/uploads\/2023\/07\/Cambiemos-Mercedes-2023-1024x576.jpg 1024w, https:\/\/www.hoymercedes.com.ar\/principal\/wp-content\/uploads\/2023\/07\/Cambiemos-Mercedes-2023-630x354.jpg 630w, https:\/\/www.hoymercedes.com.ar\/principal\/wp-content\/uploads\/2023\/07\/Cambiemos-Mercedes-2023-150x84.jpg 150w, https:\/\/www.hoymercedes.com.ar\/principal\/wp-content\/uploads\/2023\/07\/Cambiemos-Mercedes-2023-1536x864.jpg 1536w, https:\/\/www.hoymercedes.com.ar\/principal\/wp-content\/uploads\/2023\/07\/Cambiemos-Mercedes-2023-2048x1152.jpg 2048w\" sizes=\"auto, (max-width: 1024px) 100vw, 1024px\" \/><\/figure>\n\n\n\n<p>El bloque de concejales de <strong>Cambiemos rechaz\u00f3<\/strong> esta noche la contrataci\u00f3n de empleados para el funcionamiento de la <strong>casa velatoria municipal<\/strong>, una iniciativa impulsada por el oficialismo que, entre otros objetivos, b<strong>usca dar un espacio donde las familias puedan despedir a sus seres queridos de manera digna,<\/strong> pero <strong>sin que los costos econ\u00f3micos sean un impedimento.<\/strong><\/p>\n\n\n\n<p>El rechazo expresado para la creaci\u00f3n de tres cargos especializados para un nuevo servicio es, directamente, un impedimento insalvable para la puesta en marcha de la casa velatoria municipal, un expediente que ya lleva m\u00e1s de un a\u00f1o en el Honorable Concejo Deliberante.<\/p>\n\n\n\n<p>En una sesi\u00f3n que volvi\u00f3 a poner de manifiesto la fractura entre los ediles opositores (la interna encarnada en las precandidatas a la intendencia, Evangelina Cabral y Noelia Ruiz), y en votaci\u00f3n dividida, Cambiemos \u201cacompa\u00f1\u00f3\u201d la idea de la creaci\u00f3n de la casa velatoria (depender\u00eda, seg\u00fan el proyecto, de la Secretar\u00eda de Desarrollo de la Comunidad), pero vot\u00f3 en contra de la creaci\u00f3n de nuevos cargos. A los efectos pr\u00e1cticos, un bloqueo total para el avance de la iniciativa.<\/p>\n\n\n\n<p>El texto del proyecto se viene trabajando intensamente desde hace tiempo en la Comisi\u00f3n de Salud y Acci\u00f3n Social. D\u00edas atr\u00e1s, la concejala Andrea Bozzini hab\u00eda expresado: \u201cAunque a\u00fan no se han logrado los acuerdos necesarios para la firma del despacho, continuamos trabajando en el expediente que se encuentra en discusi\u00f3n desde el a\u00f1o pasado y al que se le sum\u00f3 una solicitud particular con m\u00faltiples firmas. Creemos que las condiciones son propicias para su aprobaci\u00f3n\u201d.<\/p>\n\n\n\n<p>\u201cEs injusto que aquellos que no cuentan con los recursos necesarios para afrontar este gasto se vean privados del derecho a realizar un velorio\u201d, agreg\u00f3 entonces.<\/p>\n\n\n\n<p>Anoche, Bozzini especific\u00f3: \u201cNo se trata de m\u00e1s Estado o menos Estado, como se simplifica, sino de m\u00e1s derechos o menos derechos. La muerte forma parte de la vida y es importante acompa\u00f1ar en este proceso a todos, pero sobre todo a los que cuentan con menos recursos\u201d.<\/p>\n\n\n\n<p>Bozzini, ex funcionaria de Desarrollo Social, vio de cerca c\u00f3mo muchas familias se endeudan para llevar adelante el proceso de despedir a un familiar de acuerdo con sus creencias y convicciones espirituales y religiosas. Por eso consider\u00f3 que es fundamental que \u201cel Estado est\u00e9 presente para garantizar ese derecho, ya que se trata de un momento crucial en la vida de las personas\u201d.<\/p>\n\n\n\n<p>El proyecto de la casa municipal busca tambi\u00e9n la regulaci\u00f3n del precio de los velorios, en muchos casos inaccesible sobre todo para las familias de menos recursos. Y para el municipio representar\u00eda un gasto menor al aporte que hace hoy a las empresas privadas para la realizaci\u00f3n de servicios sociales.<\/p>\n","protected":false},"excerpt":{"rendered":"<p>El bloque de concejales de Cambiemos rechaz\u00f3 esta noche la contrataci\u00f3n de empleados para el funcionamiento de la casa velatoria &#8230; <a title=\"Casa Velatoria: Cambiemos rechaz\u00f3 la contrataci\u00f3n de empleados para su funcionamiento\" class=\"read-more\" href=\"https:\/\/www.hoymercedes.com.ar\/principal\/2023\/07\/25\/casa-velatoria-cambiemos-rechazo-la-contratacion-de-empleados-para-su-funcionamiento\/\" aria-label=\"Leer m\u00e1s sobre Casa Velatoria: Cambiemos rechaz\u00f3 la contrataci\u00f3n de empleados para su funcionamiento\">Leer m\u00e1s<\/a><\/p>\n","protected":false},"author":1,"featured_media":164985,"comment_status":"closed","ping_status":"open","sticky":false,"template":"","format":"standard","meta":{"_monsterinsights_skip_tracking":false,"_monsterinsights_sitenote_active":false,"_monsterinsights_sitenote_note":"","_monsterinsights_sitenote_category":0,"jetpack_post_was_ever_published":false,"_jetpack_newsletter_access":"","_jetpack_dont_email_post_to_subs":false,"_jetpack_newsletter_tier_id":0,"_jetpack_memberships_contains_paywalled_content":false,"_jetpack_memberships_contains_paid_content":false,"footnotes":"","jetpack_publicize_message":"","jetpack_publicize_feature_enabled":true,"jetpack_social_post_already_shared":true,"jetpack_social_options":{"image_generator_settings":{"template":"highway","default_image_id":0,"font":"","enabled":false},"version":2},"_wpas_customize_per_network":false},"categories":[8],"tags":[7963,18810],"class_list":["post-164984","post","type-post","status-publish","format-standard","has-post-thumbnail","hentry","category-sociedad","tag-cambiemos-mercedes","tag-casa-velatoria-mercedes","generate-columns","tablet-grid-50","mobile-grid-100","grid-parent","grid-50"],"jetpack_publicize_connections":[],"jetpack_featured_media_url":"https:\/\/www.hoymercedes.com.ar\/principal\/wp-content\/uploads\/2023\/07\/Cambiemos-Mercedes-2023-scaled.jpg","wps_subtitle":"Politica local ","jetpack_sharing_enabled":true,"_links":{"self":[{"href":"https:\/\/www.hoymercedes.com.ar\/principal\/wp-json\/wp\/v2\/posts\/164984","targetHints":{"allow":["GET"]}}],"collection":[{"href":"https:\/\/www.hoymercedes.com.ar\/principal\/wp-json\/wp\/v2\/posts"}],"about":[{"href":"https:\/\/www.hoymercedes.com.ar\/principal\/wp-json\/wp\/v2\/types\/post"}],"author":[{"embeddable":true,"href":"https:\/\/www.hoymercedes.com.ar\/principal\/wp-json\/wp\/v2\/users\/1"}],"replies":[{"embeddable":true,"href":"https:\/\/www.hoymercedes.com.ar\/principal\/wp-json\/wp\/v2\/comments?post=164984"}],"version-history":[{"count":0,"href":"https:\/\/www.hoymercedes.com.ar\/principal\/wp-json\/wp\/v2\/posts\/164984\/revisions"}],"wp:featuredmedia":[{"embeddable":true,"href":"https:\/\/www.hoymercedes.com.ar\/principal\/wp-json\/wp\/v2\/media\/164985"}],"wp:attachment":[{"href":"https:\/\/www.hoymercedes.com.ar\/principal\/wp-json\/wp\/v2\/media?parent=164984"}],"wp:term":[{"taxonomy":"category","embeddable":true,"href":"https:\/\/www.hoymercedes.com.ar\/principal\/wp-json\/wp\/v2\/categories?post=164984"},{"taxonomy":"post_tag","embeddable":true,"href":"https:\/\/www.hoymercedes.com.ar\/principal\/wp-json\/wp\/v2\/tags?post=164984"}],"curies":[{"name":"wp","href":"https:\/\/api.w.org\/{rel}","templated":true}]}}