{"id":165043,"date":"2023-07-27T18:39:00","date_gmt":"2023-07-27T21:39:00","guid":{"rendered":"https:\/\/www.hoymercedes.com.ar\/principal\/?p=165043"},"modified":"2023-07-27T21:53:11","modified_gmt":"2023-07-28T00:53:11","slug":"realizaron-trabajos-en-el-centro-de-transformacion-de-energia","status":"publish","type":"post","link":"https:\/\/www.hoymercedes.com.ar\/principal\/2023\/07\/27\/realizaron-trabajos-en-el-centro-de-transformacion-de-energia\/","title":{"rendered":"Realizaron trabajos en el Centro de Transformaci\u00f3n de Energ\u00eda"},"content":{"rendered":"\n<p>Desde la empresa EDEN informaron que realizaron trabajos de mantenimiento en la red de energ\u00eda de media tensi\u00f3n y por eso debieron interrumpir el servicio d\u00edas atr\u00e1s. Adem\u00e1s, hicieron un mantenimiento preventivo de su infraestructura de red. <\/p>\n\n\n\n<p>Es as\u00ed que EDEN realiz\u00f3 \u00abla normalizaci\u00f3n y puesta en servicio del Centro de Transformaci\u00f3n ubicado en la intersecci\u00f3n de las calles 2 y 107, y el cambio de instrumentos averiados con el objetivo de producir una mejora significativa en la confiabilidad del suministro el\u00e9ctrico frente a posibles oscilaciones de tensi\u00f3n\u00bb.<\/p>\n\n\n\n<p>Estas tareas fueron realizadas en la calle 19 y la Ruta 5, entre calle 2 y la v\u00eda, en la zona comprendida entre calles 5, 2, 108 y 109, y la zona norte de la ciudad, en las calles 103 bis, 24, 127 y la v\u00eda.<\/p>\n\n\n\n<p>De acuerdon a la informaci\u00f3n de la empresa,  2200 familias de Mercedes \u00abse ver\u00e1n beneficiadas con una mejora en la calidad del servicio de energ\u00eda el\u00e9ctrica\u00bb.<\/p>\n\n\n<div class=\"wp-block-image\">\n<figure class=\"aligncenter size-full\"><img loading=\"lazy\" decoding=\"async\" width=\"800\" height=\"528\" data-attachment-id=\"165045\" data-permalink=\"https:\/\/www.hoymercedes.com.ar\/principal\/2023\/07\/27\/realizaron-trabajos-en-el-centro-de-transformacion-de-energia\/mail-4-2\/#main\" data-orig-file=\"https:\/\/www.hoymercedes.com.ar\/principal\/wp-content\/uploads\/2023\/07\/mail-4.jpg\" data-orig-size=\"800,528\" data-comments-opened=\"0\" data-image-meta=\"{&quot;aperture&quot;:&quot;0&quot;,&quot;credit&quot;:&quot;&quot;,&quot;camera&quot;:&quot;&quot;,&quot;caption&quot;:&quot;&quot;,&quot;created_timestamp&quot;:&quot;1690493940&quot;,&quot;copyright&quot;:&quot;&quot;,&quot;focal_length&quot;:&quot;0&quot;,&quot;iso&quot;:&quot;0&quot;,&quot;shutter_speed&quot;:&quot;0&quot;,&quot;title&quot;:&quot;&quot;,&quot;orientation&quot;:&quot;1&quot;}\" data-image-title=\"mail (4)\" data-image-description=\"\" data-image-caption=\"\" data-large-file=\"https:\/\/www.hoymercedes.com.ar\/principal\/wp-content\/uploads\/2023\/07\/mail-4.jpg\" src=\"https:\/\/www.hoymercedes.com.ar\/principal\/wp-content\/uploads\/2023\/07\/mail-4.jpg\" alt=\"\" class=\"wp-image-165045\" srcset=\"https:\/\/www.hoymercedes.com.ar\/principal\/wp-content\/uploads\/2023\/07\/mail-4.jpg 800w, https:\/\/www.hoymercedes.com.ar\/principal\/wp-content\/uploads\/2023\/07\/mail-4-630x416.jpg 630w, https:\/\/www.hoymercedes.com.ar\/principal\/wp-content\/uploads\/2023\/07\/mail-4-150x99.jpg 150w\" sizes=\"auto, (max-width: 800px) 100vw, 800px\" \/><\/figure>\n<\/div>","protected":false},"excerpt":{"rendered":"<p>Desde la empresa EDEN informaron que realizaron trabajos de mantenimiento en la red de energ\u00eda de media tensi\u00f3n y por &#8230; <a title=\"Realizaron trabajos en el Centro de Transformaci\u00f3n de Energ\u00eda\" class=\"read-more\" href=\"https:\/\/www.hoymercedes.com.ar\/principal\/2023\/07\/27\/realizaron-trabajos-en-el-centro-de-transformacion-de-energia\/\" aria-label=\"Leer m\u00e1s sobre Realizaron trabajos en el Centro de Transformaci\u00f3n de Energ\u00eda\">Leer m\u00e1s<\/a><\/p>\n","protected":false},"author":1,"featured_media":165044,"comment_status":"closed","ping_status":"open","sticky":false,"template":"","format":"standard","meta":{"_monsterinsights_skip_tracking":false,"_monsterinsights_sitenote_active":false,"_monsterinsights_sitenote_note":"","_monsterinsights_sitenote_category":0,"jetpack_post_was_ever_published":false,"_jetpack_newsletter_access":"","_jetpack_dont_email_post_to_subs":false,"_jetpack_newsletter_tier_id":0,"_jetpack_memberships_contains_paywalled_content":false,"_jetpack_memberships_contains_paid_content":false,"footnotes":"","jetpack_publicize_message":"","jetpack_publicize_feature_enabled":true,"jetpack_social_post_already_shared":true,"jetpack_social_options":{"image_generator_settings":{"template":"highway","default_image_id":0,"font":"","enabled":false},"version":2},"_wpas_customize_per_network":false},"categories":[8],"tags":[],"class_list":["post-165043","post","type-post","status-publish","format-standard","has-post-thumbnail","hentry","category-sociedad","generate-columns","tablet-grid-50","mobile-grid-100","grid-parent","grid-50"],"jetpack_publicize_connections":[],"jetpack_featured_media_url":"https:\/\/www.hoymercedes.com.ar\/principal\/wp-content\/uploads\/2023\/07\/mail-2.jpg","wps_subtitle":"","jetpack_sharing_enabled":true,"_links":{"self":[{"href":"https:\/\/www.hoymercedes.com.ar\/principal\/wp-json\/wp\/v2\/posts\/165043","targetHints":{"allow":["GET"]}}],"collection":[{"href":"https:\/\/www.hoymercedes.com.ar\/principal\/wp-json\/wp\/v2\/posts"}],"about":[{"href":"https:\/\/www.hoymercedes.com.ar\/principal\/wp-json\/wp\/v2\/types\/post"}],"author":[{"embeddable":true,"href":"https:\/\/www.hoymercedes.com.ar\/principal\/wp-json\/wp\/v2\/users\/1"}],"replies":[{"embeddable":true,"href":"https:\/\/www.hoymercedes.com.ar\/principal\/wp-json\/wp\/v2\/comments?post=165043"}],"version-history":[{"count":0,"href":"https:\/\/www.hoymercedes.com.ar\/principal\/wp-json\/wp\/v2\/posts\/165043\/revisions"}],"wp:featuredmedia":[{"embeddable":true,"href":"https:\/\/www.hoymercedes.com.ar\/principal\/wp-json\/wp\/v2\/media\/165044"}],"wp:attachment":[{"href":"https:\/\/www.hoymercedes.com.ar\/principal\/wp-json\/wp\/v2\/media?parent=165043"}],"wp:term":[{"taxonomy":"category","embeddable":true,"href":"https:\/\/www.hoymercedes.com.ar\/principal\/wp-json\/wp\/v2\/categories?post=165043"},{"taxonomy":"post_tag","embeddable":true,"href":"https:\/\/www.hoymercedes.com.ar\/principal\/wp-json\/wp\/v2\/tags?post=165043"}],"curies":[{"name":"wp","href":"https:\/\/api.w.org\/{rel}","templated":true}]}}