{"id":165109,"date":"2023-07-29T17:28:00","date_gmt":"2023-07-29T20:28:00","guid":{"rendered":"https:\/\/www.hoymercedes.com.ar\/principal\/?p=165109"},"modified":"2023-07-29T15:37:04","modified_gmt":"2023-07-29T18:37:04","slug":"javier-curci-asume-la-direccion-de-la-clinica","status":"publish","type":"post","link":"https:\/\/www.hoymercedes.com.ar\/principal\/2023\/07\/29\/javier-curci-asume-la-direccion-de-la-clinica\/","title":{"rendered":"Javier Curci asume la direcci\u00f3n de la Cl\u00ednica"},"content":{"rendered":"\n<p>Desde la Cl\u00ednica Cruz Azul emitieron un comunicado de prensa anunciando que el doctor Javier Curci, es el nuevo director m\u00e9dico del centro de salud. <\/p>\n\n\n<div class=\"wp-block-image\">\n<figure class=\"aligncenter size-full\"><img loading=\"lazy\" decoding=\"async\" width=\"696\" height=\"445\" data-attachment-id=\"165110\" data-permalink=\"https:\/\/www.hoymercedes.com.ar\/principal\/2023\/07\/29\/javier-curci-asume-la-direccion-de-la-clinica\/image-19-6\/#main\" data-orig-file=\"https:\/\/www.hoymercedes.com.ar\/principal\/wp-content\/uploads\/2023\/07\/image-19.png\" data-orig-size=\"696,445\" data-comments-opened=\"0\" data-image-meta=\"{&quot;aperture&quot;:&quot;0&quot;,&quot;credit&quot;:&quot;&quot;,&quot;camera&quot;:&quot;&quot;,&quot;caption&quot;:&quot;&quot;,&quot;created_timestamp&quot;:&quot;0&quot;,&quot;copyright&quot;:&quot;&quot;,&quot;focal_length&quot;:&quot;0&quot;,&quot;iso&quot;:&quot;0&quot;,&quot;shutter_speed&quot;:&quot;0&quot;,&quot;title&quot;:&quot;&quot;,&quot;orientation&quot;:&quot;0&quot;}\" data-image-title=\"image-19\" data-image-description=\"\" data-image-caption=\"\" data-large-file=\"https:\/\/www.hoymercedes.com.ar\/principal\/wp-content\/uploads\/2023\/07\/image-19.png\" src=\"https:\/\/www.hoymercedes.com.ar\/principal\/wp-content\/uploads\/2023\/07\/image-19.png\" alt=\"\" class=\"wp-image-165110\" srcset=\"https:\/\/www.hoymercedes.com.ar\/principal\/wp-content\/uploads\/2023\/07\/image-19.png 696w, https:\/\/www.hoymercedes.com.ar\/principal\/wp-content\/uploads\/2023\/07\/image-19-630x403.png 630w, https:\/\/www.hoymercedes.com.ar\/principal\/wp-content\/uploads\/2023\/07\/image-19-150x96.png 150w\" sizes=\"auto, (max-width: 696px) 100vw, 696px\" \/><\/figure>\n<\/div>\n\n\n<p>El comunicado asegura que la noticia \u00abfue muy bien recibida en el \u00e1mbito sanitario dado el prestigio que se ha ganado Curci en el \u00e1mbito de la salud llevando adelante una importante labor en el Dubarry\u00bb. <\/p>\n\n\n\n<p>En el comunicado donde se confirma la asunci\u00f3n de Curci, los directivos de la Cl\u00ednica hacen p\u00fablico su agradecimiento al Dr. R\u00e1ul \u201cCacho\u201d Laporta, \u201cpor habernos acompa\u00f1ado a lo largo de estos a\u00f1os como director m\u00e9dico de nuestra cl\u00ednica. En conjunto con cada uno de los integrantes de este centro de salud, pudimos ir logrando cambios que fueron permitiendo mejorar la prestaci\u00f3n de nuestros servicios, siempre pensando en el bienestar de nuestra comunidad\u201d. \u00a0<\/p>\n\n\n\n<p>La informaci\u00f3n emanada por el centro asistencial da la bienvenida \u201ca la direcci\u00f3n m\u00e9dica al destacado profesional de nuestra ciudad, el Dr. Javier Curci, qui\u00e9n pondr\u00e1 al servicio de la salud de los mercedinos su valiosa experiencia en materia sanitaria. Confiamos en que en esta nueva etapa seguiremos manteniendo y promoviendo el crecimiento de nuestra cl\u00ednica, la cual reviste de gran importancia para la salud de la comunidad de Mercedes y de la regi\u00f3n\u201d.<\/p>\n","protected":false},"excerpt":{"rendered":"<p>Desde la Cl\u00ednica Cruz Azul emitieron un comunicado de prensa anunciando que el doctor Javier Curci, es el nuevo director &#8230; <a title=\"Javier Curci asume la direcci\u00f3n de la Cl\u00ednica\" class=\"read-more\" href=\"https:\/\/www.hoymercedes.com.ar\/principal\/2023\/07\/29\/javier-curci-asume-la-direccion-de-la-clinica\/\" aria-label=\"Leer m\u00e1s sobre Javier Curci asume la direcci\u00f3n de la Cl\u00ednica\">Leer m\u00e1s<\/a><\/p>\n","protected":false},"author":1,"featured_media":165110,"comment_status":"closed","ping_status":"open","sticky":false,"template":"","format":"standard","meta":{"_monsterinsights_skip_tracking":false,"_monsterinsights_sitenote_active":false,"_monsterinsights_sitenote_note":"","_monsterinsights_sitenote_category":0,"jetpack_post_was_ever_published":false,"_jetpack_newsletter_access":"","_jetpack_dont_email_post_to_subs":false,"_jetpack_newsletter_tier_id":0,"_jetpack_memberships_contains_paywalled_content":false,"_jetpack_memberships_contains_paid_content":false,"footnotes":"","jetpack_publicize_message":"","jetpack_publicize_feature_enabled":true,"jetpack_social_post_already_shared":true,"jetpack_social_options":{"image_generator_settings":{"template":"highway","default_image_id":0,"font":"","enabled":false},"version":2},"_wpas_customize_per_network":false},"categories":[8],"tags":[],"class_list":["post-165109","post","type-post","status-publish","format-standard","has-post-thumbnail","hentry","category-sociedad","generate-columns","tablet-grid-50","mobile-grid-100","grid-parent","grid-50"],"jetpack_publicize_connections":[],"jetpack_featured_media_url":"https:\/\/www.hoymercedes.com.ar\/principal\/wp-content\/uploads\/2023\/07\/image-19.png","wps_subtitle":"","jetpack_sharing_enabled":true,"_links":{"self":[{"href":"https:\/\/www.hoymercedes.com.ar\/principal\/wp-json\/wp\/v2\/posts\/165109","targetHints":{"allow":["GET"]}}],"collection":[{"href":"https:\/\/www.hoymercedes.com.ar\/principal\/wp-json\/wp\/v2\/posts"}],"about":[{"href":"https:\/\/www.hoymercedes.com.ar\/principal\/wp-json\/wp\/v2\/types\/post"}],"author":[{"embeddable":true,"href":"https:\/\/www.hoymercedes.com.ar\/principal\/wp-json\/wp\/v2\/users\/1"}],"replies":[{"embeddable":true,"href":"https:\/\/www.hoymercedes.com.ar\/principal\/wp-json\/wp\/v2\/comments?post=165109"}],"version-history":[{"count":0,"href":"https:\/\/www.hoymercedes.com.ar\/principal\/wp-json\/wp\/v2\/posts\/165109\/revisions"}],"wp:featuredmedia":[{"embeddable":true,"href":"https:\/\/www.hoymercedes.com.ar\/principal\/wp-json\/wp\/v2\/media\/165110"}],"wp:attachment":[{"href":"https:\/\/www.hoymercedes.com.ar\/principal\/wp-json\/wp\/v2\/media?parent=165109"}],"wp:term":[{"taxonomy":"category","embeddable":true,"href":"https:\/\/www.hoymercedes.com.ar\/principal\/wp-json\/wp\/v2\/categories?post=165109"},{"taxonomy":"post_tag","embeddable":true,"href":"https:\/\/www.hoymercedes.com.ar\/principal\/wp-json\/wp\/v2\/tags?post=165109"}],"curies":[{"name":"wp","href":"https:\/\/api.w.org\/{rel}","templated":true}]}}