{"id":165112,"date":"2023-07-29T18:37:00","date_gmt":"2023-07-29T21:37:00","guid":{"rendered":"https:\/\/www.hoymercedes.com.ar\/principal\/?p=165112"},"modified":"2023-07-29T15:45:20","modified_gmt":"2023-07-29T18:45:20","slug":"propuesta-del-centro-de-ingenieros-de-mercedes-ante-el-fenomeno-de-el-nino-y-las-lluvias-excesivas","status":"publish","type":"post","link":"https:\/\/www.hoymercedes.com.ar\/principal\/2023\/07\/29\/propuesta-del-centro-de-ingenieros-de-mercedes-ante-el-fenomeno-de-el-nino-y-las-lluvias-excesivas\/","title":{"rendered":"Propuesta del Centro de Ingenieros de Mercedes ante el fen\u00f3meno de El Ni\u00f1o y\u00a0las lluvias excesivas"},"content":{"rendered":"\n<p><strong>Los servicios meteorol\u00f3gicos dan la posibilidad cierta que se produzcan, a partir de la primavera pr\u00f3xima, importantes precipitaciones y riesgo de inundaciones en los sectores cercanos al R\u00edo Luj\u00e1n.<\/strong><\/p>\n\n\n<div class=\"wp-block-image\">\n<figure class=\"aligncenter size-full\"><img loading=\"lazy\" decoding=\"async\" width=\"665\" height=\"381\" data-attachment-id=\"165113\" data-permalink=\"https:\/\/www.hoymercedes.com.ar\/principal\/2023\/07\/29\/propuesta-del-centro-de-ingenieros-de-mercedes-ante-el-fenomeno-de-el-nino-y-las-lluvias-excesivas\/image-20-6\/#main\" data-orig-file=\"https:\/\/www.hoymercedes.com.ar\/principal\/wp-content\/uploads\/2023\/07\/image-20.png\" data-orig-size=\"665,381\" data-comments-opened=\"0\" data-image-meta=\"{&quot;aperture&quot;:&quot;0&quot;,&quot;credit&quot;:&quot;&quot;,&quot;camera&quot;:&quot;&quot;,&quot;caption&quot;:&quot;&quot;,&quot;created_timestamp&quot;:&quot;0&quot;,&quot;copyright&quot;:&quot;&quot;,&quot;focal_length&quot;:&quot;0&quot;,&quot;iso&quot;:&quot;0&quot;,&quot;shutter_speed&quot;:&quot;0&quot;,&quot;title&quot;:&quot;&quot;,&quot;orientation&quot;:&quot;0&quot;}\" data-image-title=\"image-20\" data-image-description=\"\" data-image-caption=\"\" data-large-file=\"https:\/\/www.hoymercedes.com.ar\/principal\/wp-content\/uploads\/2023\/07\/image-20.png\" src=\"https:\/\/www.hoymercedes.com.ar\/principal\/wp-content\/uploads\/2023\/07\/image-20.png\" alt=\"\" class=\"wp-image-165113\" srcset=\"https:\/\/www.hoymercedes.com.ar\/principal\/wp-content\/uploads\/2023\/07\/image-20.png 665w, https:\/\/www.hoymercedes.com.ar\/principal\/wp-content\/uploads\/2023\/07\/image-20-630x361.png 630w, https:\/\/www.hoymercedes.com.ar\/principal\/wp-content\/uploads\/2023\/07\/image-20-150x86.png 150w\" sizes=\"auto, (max-width: 665px) 100vw, 665px\" \/><\/figure>\n<\/div>\n\n\n<p>En el a\u00f1o 2015 acontecen dos hechos importantes, por un lado se dicta la Ley 14.410 (modificada por la ley 14.817), que crea el&nbsp; Comit\u00e9 de Cuenca del R\u00edo Luj\u00e1n (COMILU), y por oro lado se presenta el Plan Maestro para la regulaci\u00f3n y saneamiento del R\u00edo Luj\u00e1n, realizado por la Consultora SERMAN y Asociados, que le dieron un rol m\u00e1s importante al ComiLu y permiti\u00f3 tener un plan de trabajos para la realizaci\u00f3n de las obras a lo largo del todo el cauce del R\u00edo Lujan, desde su nacimiento en los arroyos Del Durazno y Los Leones hasta su desembocadura en el Paran\u00e1 de la Palmas.<\/p>\n\n\n\n<p>En el 2021 aparece la &nbsp;Actualizaci\u00f3n del Plan de Manejo Integral de la Cuenca del R\u00edo Luj\u00e1n, que introduce la problem\u00e1tica de algunas subcuencas de zonas muy pobladas, no incluidas en el Plan original, con problemas de inundaciones y calidad de agua, el drenaje pluvial en algunas zonas urbanas, la calidad del agua que inunda las zonas aleda\u00f1as a los cursos cuando se supera de condici\u00f3n de dise\u00f1o de las obras,&nbsp; la expansi\u00f3n urbana impactada por los posibles cambios en los h\u00e1bitos habitacionales producidos por el COVID 19, la ocupaci\u00f3n de los espacios ribere\u00f1os factibles de ser afectados por los desbordes de los cursos de agua, y el abastecimiento de agua potable y cloacas, a fin de repercutir sobre la vulnerabilidad social.<\/p>\n\n\n\n<p>A partir del a\u00f1o 2017 se comienzan algunas obras,&nbsp; meses despu\u00e9s varias se paralizan y otras contin\u00faan o comienzan su ejecuci\u00f3n En la actualidad y seg\u00fan la p\u00e1gina web de la ComiLu el estado de las obras siguiente:<\/p>\n\n\n<div class=\"wp-block-image\">\n<figure class=\"aligncenter\"><a href=\"https:\/\/www.datoposta.com\/wp-content\/uploads\/2023\/07\/obras-rio-Lujan.jpg\" target=\"_blank\" rel=\"noopener\"><img decoding=\"async\" src=\"https:\/\/www.datoposta.com\/wp-content\/uploads\/2023\/07\/obras-rio-Lujan.jpg\" alt=\"\" class=\"wp-image-40399\"\/><\/a><\/figure>\n<\/div>\n\n\n<p><strong>Otras obras licitadas o a licitar en Mercedes:<\/strong><\/p>\n\n\n\n<ol class=\"wp-block-list\">\n<li>Adecuaci\u00f3n del tramo Medio del R\u00edo Luj\u00e1n<\/li>\n\n\n\n<li>Recambio del Colector principal desde la 29 y 40 hasta la Plata Depuradora.<\/li>\n\n\n\n<li>Ampliaci\u00f3n de la Planta Depuradora Cloacal.<\/li>\n\n\n\n<li>Paseo Ribere\u00f1o Etapa I<\/li>\n\n\n\n<li>Redes de Agua en la Zona Oeste.<\/li>\n\n\n\n<li>Provisi\u00f3n del Servicio de Agua Potable.<\/li>\n\n\n\n<li>Expansi\u00f3n del Servicio de Recolecci\u00f3n de Desag\u00fces Cloacales \u2013 Redes Cloacales Zona Oeste.<\/li>\n<\/ol>\n\n\n\n<p>Como podemos ver, las obras m\u00e1s adelantadas corresponden a la cuenca baja y medias del R\u00edo Luj\u00e1n, en cambio en la cuenca alta, de Suipacha hasta J\u00e1uregui, poco se ha realizado, solamente el puente entre Godney y Olivera.<\/p>\n\n\n\n<p>Es probable que si hoy ocurrieran fuertes precipitaciones, en algunos sectores del Rio donde se ha ensanchado, el agua pueda escurrir m\u00e1s r\u00e1pidamente y eso aliviar un poco al Partido de Mercedes. Sin embargo la no realizaci\u00f3n de ninguna obra desde Suipacha a Mercedes y con el agravante del mayor caudal que va a llevar el Arroyo Las Pulgas, a ra\u00edz del canal que se construy\u00f3 a lo largo de la Ruta Nacional 5 desde la rotonda de entrada a Mercedes hasta dicho Arroyo, con lo cual un amplio sector que antes desaguaba agua abajo del Rio Luj\u00e1n respecto a nuestra Ciudad, ahora va a parar al&nbsp; Arroyo las Pulgas que desemboca en el R\u00edo agua arriba de los barrios que m\u00e1s sufren la consecuencias de las crecidas, crear\u00e1 un nuevo problema, situaci\u00f3n que se debe &nbsp;rever.<\/p>\n\n\n\n<p>En la cuenca alta y puntualmente en Suipacha, Mercedes y Olivera faltar\u00eda realizar o recomenzar las siguientes obras estructurales:<\/p>\n\n\n\n<ol class=\"wp-block-list\">\n<li><strong>OBRAS DE \u00c1REAS DE RETENCI\u00d3N TEMPORAL DE EXCEDENTES H\u00cdDRICOS<\/strong><\/li>\n<\/ol>\n\n\n\n<ul class=\"wp-block-list\">\n<li>2 sobre el Arroyo Los Leones.<\/li>\n\n\n\n<li>2 sobre el Arroyo Moyano.<\/li>\n\n\n\n<li>1 sobre el Arroyo Leguizam\u00f3n.<\/li>\n\n\n\n<li>1 sobre el Arroyo Grande.<\/li>\n\n\n\n<li>1 sobre el Arroyo del Oro.<\/li>\n\n\n\n<li>2 sobre el R\u00edo Luj\u00e1n.<\/li>\n<\/ul>\n\n\n\n<ol class=\"wp-block-list\">\n<li><strong>PUENTES A AMPLIAR:<\/strong><\/li>\n<\/ol>\n\n\n\n<ul class=\"wp-block-list\">\n<li>Puente Vecinal \u00abDel Ca\u00f1\u00f3n\u00bb<\/li>\n\n\n\n<li>Puente Pasarela Balneario Municipal Mercedes<\/li>\n\n\n\n<li>Puente Vecinal calle 43 \u2013 Mercedes<\/li>\n\n\n\n<li>Puente Ruta Provincial N\u00ba 41<\/li>\n\n\n\n<li>Puente Vecinal Calle 29<\/li>\n\n\n\n<li>Puente Vecinal Calle 26<\/li>\n<\/ul>\n\n\n\n<ol class=\"wp-block-list\">\n<li><strong>AMPLIACI\u00d3N DEL CAUCE PRINCIPAL:<\/strong><\/li>\n<\/ol>\n\n\n\n<ul class=\"wp-block-list\">\n<li>Ampliaci\u00f3n de Cauce en la Localidad de Mercedes.<\/li>\n\n\n\n<li>Ampliaci\u00f3n de Cauce en la Localidad de Olivera.<\/li>\n<\/ul>\n\n\n\n<ol class=\"wp-block-list\">\n<li><strong>OBRAS DE RECONSTRUCCI\u00d3N DE COMPUERTAS:<\/strong><\/li>\n<\/ol>\n\n\n\n<ul class=\"wp-block-list\">\n<li>Presa inflable Pasarela Parque Municipal de la Localidad de Mercedes.<\/li>\n<\/ul>\n\n\n\n<p><strong>CONCLUSI\u00d3N:<\/strong><\/p>\n\n\n\n<p>La realidad nos muestra que hay un largo camino para recorrer, a ocho (8) a\u00f1os de vigencia del Plan Maestro para la regulaci\u00f3n y saneamiento del R\u00edo Luj\u00e1n, realizado por la Consultora Serman, que preve\u00eda un plazo para la realizaci\u00f3n de todas las obras previstas de cinco a\u00f1os (ya pasaron desde el 2017, cuando dieron comienzo las obras, seis (6) a\u00f1os), solamente se han realizado algunas de ellas, y las que se tienen previstas en el corto plazo, no todas tienen que ver con la posibilidad de evitar las inundaciones ante el fen\u00f3meno de \u201cEl Ni\u00f1o\u201d.<\/p>\n\n\n\n<p>En \u00e9ste momento, las obras m\u00e1s importantes para Mercedes ser\u00edan:<\/p>\n\n\n\n<ol class=\"wp-block-list\">\n<li>Las obras de ARTEH (\u00c1REAS DE RETENCI\u00d3N TEMPORAL DE EXCEDENTES H\u00cdDRICOS), que se encuentran ubicadas aguas arriba de Mercedes, y que permitir\u00e1n morigerar el paso de caudales hacia las zonas media\/baja, conformadas por estructuras de descarga para eventos ordinarios y vertederos para crecidas extraordinarias.<\/li>\n\n\n\n<li>El ensanche de todos los puentes y las ampliaciones del cauce del R\u00edo en la cuenca alta, media y baja.<\/li>\n\n\n\n<li>La Presa inflable en la Pasarela del Parque Municipal.<\/li>\n\n\n\n<li>La eliminaci\u00f3n o la sustituci\u00f3n por una inflable de la represa ubicada en la ex hilander\u00eda de J\u00e1uregui<\/li>\n\n\n\n<li>La eliminaci\u00f3n del canal paralelo a la Ruta nacional 5 desde rotonda de entrada a Mercedes hasta el arroyo \u201cLas pulgas\u201d, que aumenta el caudal del mismo y ser\u00eda un factor negativo para los numerosos barrios que se encuentran aguas abajo de la desembocadura de dicho arroyo al R\u00edo Luj\u00e1n.<\/li>\n\n\n\n<li>Sistema de Alerta Temprana: La propuesta de un sistema de alerta temprana (SAT) de f\u00e1cil aplicaci\u00f3n, operable y que entregue la informaci\u00f3n necesaria para ser usada por las entidades involucradas en las situaciones de crecidas (DiPSOH, SMN, Comit\u00e9 de Cuenca del R\u00edo Luj\u00e1n (COMILU), Municipio, Defensa Civil, Bomberos), as\u00ed como a los medios de difusi\u00f3n y poblaci\u00f3n en su conjunto.<\/li>\n<\/ol>\n\n\n\n<p>El Centro de Ingenieros de Mercedes (B), ha tomado contacto con las autoridades de la ComiLu, las cuales nos han invitado a participar del Consejo Consultivo Honorario de la Cuenca, que hemos aceptado, y comenzamos a participar a partir del 12 de Julio pasado.<\/p>\n\n\n\n<p>Es nuestro prop\u00f3sito a trav\u00e9s de los medios de comunicaci\u00f3n alertar a nuestros vecinos y autoridades, ante la posibilidad de que se produzcan lluvias extraordinarias, para que se tomen todas las medidas y acciones concretas de manera de mitigar los efectos negativos que puedan ocasionar.<\/p>\n\n\n\n<p>El Centro queda a disposici\u00f3n de vecinos y autoridades para brindar m\u00e1s detalles sobre todo lo expresado en \u00e9ste informe, como en el anterior referente a los \u201cDesag\u00fces pluviales de la Ciudad \u201c<\/p>\n\n\n\n<p>Mercedes (B), Julio de 2023.-<\/p>\n\n\n\n<p>COMISI\u00d3N DIRECTIVA<\/p>\n","protected":false},"excerpt":{"rendered":"<p>Los servicios meteorol\u00f3gicos dan la posibilidad cierta que se produzcan, a partir de la primavera pr\u00f3xima, importantes precipitaciones y riesgo &#8230; <a title=\"Propuesta del Centro de Ingenieros de Mercedes ante el fen\u00f3meno de El Ni\u00f1o y\u00a0las lluvias excesivas\" class=\"read-more\" href=\"https:\/\/www.hoymercedes.com.ar\/principal\/2023\/07\/29\/propuesta-del-centro-de-ingenieros-de-mercedes-ante-el-fenomeno-de-el-nino-y-las-lluvias-excesivas\/\" aria-label=\"Leer m\u00e1s sobre Propuesta del Centro de Ingenieros de Mercedes ante el fen\u00f3meno de El Ni\u00f1o y\u00a0las lluvias excesivas\">Leer m\u00e1s<\/a><\/p>\n","protected":false},"author":1,"featured_media":165114,"comment_status":"closed","ping_status":"open","sticky":false,"template":"","format":"standard","meta":{"_monsterinsights_skip_tracking":false,"_monsterinsights_sitenote_active":false,"_monsterinsights_sitenote_note":"","_monsterinsights_sitenote_category":0,"jetpack_post_was_ever_published":false,"_jetpack_newsletter_access":"","_jetpack_dont_email_post_to_subs":false,"_jetpack_newsletter_tier_id":0,"_jetpack_memberships_contains_paywalled_content":false,"_jetpack_memberships_contains_paid_content":false,"footnotes":"","jetpack_publicize_message":"","jetpack_publicize_feature_enabled":true,"jetpack_social_post_already_shared":true,"jetpack_social_options":{"image_generator_settings":{"template":"highway","default_image_id":0,"font":"","enabled":false},"version":2},"_wpas_customize_per_network":false},"categories":[8],"tags":[],"class_list":["post-165112","post","type-post","status-publish","format-standard","has-post-thumbnail","hentry","category-sociedad","generate-columns","tablet-grid-50","mobile-grid-100","grid-parent","grid-50"],"jetpack_publicize_connections":[],"jetpack_featured_media_url":"https:\/\/www.hoymercedes.com.ar\/principal\/wp-content\/uploads\/2023\/07\/bb2ca5a4-c7fb-46f1-9855-66571f9613fc.jpg","wps_subtitle":"","jetpack_sharing_enabled":true,"_links":{"self":[{"href":"https:\/\/www.hoymercedes.com.ar\/principal\/wp-json\/wp\/v2\/posts\/165112","targetHints":{"allow":["GET"]}}],"collection":[{"href":"https:\/\/www.hoymercedes.com.ar\/principal\/wp-json\/wp\/v2\/posts"}],"about":[{"href":"https:\/\/www.hoymercedes.com.ar\/principal\/wp-json\/wp\/v2\/types\/post"}],"author":[{"embeddable":true,"href":"https:\/\/www.hoymercedes.com.ar\/principal\/wp-json\/wp\/v2\/users\/1"}],"replies":[{"embeddable":true,"href":"https:\/\/www.hoymercedes.com.ar\/principal\/wp-json\/wp\/v2\/comments?post=165112"}],"version-history":[{"count":0,"href":"https:\/\/www.hoymercedes.com.ar\/principal\/wp-json\/wp\/v2\/posts\/165112\/revisions"}],"wp:featuredmedia":[{"embeddable":true,"href":"https:\/\/www.hoymercedes.com.ar\/principal\/wp-json\/wp\/v2\/media\/165114"}],"wp:attachment":[{"href":"https:\/\/www.hoymercedes.com.ar\/principal\/wp-json\/wp\/v2\/media?parent=165112"}],"wp:term":[{"taxonomy":"category","embeddable":true,"href":"https:\/\/www.hoymercedes.com.ar\/principal\/wp-json\/wp\/v2\/categories?post=165112"},{"taxonomy":"post_tag","embeddable":true,"href":"https:\/\/www.hoymercedes.com.ar\/principal\/wp-json\/wp\/v2\/tags?post=165112"}],"curies":[{"name":"wp","href":"https:\/\/api.w.org\/{rel}","templated":true}]}}