{"id":165122,"date":"2023-07-30T19:38:20","date_gmt":"2023-07-30T22:38:20","guid":{"rendered":"https:\/\/www.hoymercedes.com.ar\/principal\/?p=165122"},"modified":"2023-07-30T19:38:24","modified_gmt":"2023-07-30T22:38:24","slug":"salud-municipal-impulsa-programa-para-pacientes-oncologicos","status":"publish","type":"post","link":"https:\/\/www.hoymercedes.com.ar\/principal\/2023\/07\/30\/salud-municipal-impulsa-programa-para-pacientes-oncologicos\/","title":{"rendered":"Salud Municipal impulsa programa para pacientes oncol\u00f3gicos"},"content":{"rendered":"\n<p>Desde el Municipio de Mercedes informaron que pondr\u00e1n en marcha un \u00abprograma de gimnasia y acompa\u00f1amiento a pacientes oncol\u00f3gicos\u00bb. Las personas interesadas deber\u00e1n inscribirse en la Secretar\u00eda de Salud o en el Centro de Entrenamiento para Adultos Mayores (CEDAM) en calle 48 y Av. Escolta. <\/p>\n\n\n<div class=\"wp-block-image\">\n<figure class=\"aligncenter size-full\"><img loading=\"lazy\" decoding=\"async\" width=\"800\" height=\"533\" data-attachment-id=\"165123\" data-permalink=\"https:\/\/www.hoymercedes.com.ar\/principal\/2023\/07\/30\/salud-municipal-impulsa-programa-para-pacientes-oncologicos\/dr-nestorpisapia-2\/#main\" data-orig-file=\"https:\/\/www.hoymercedes.com.ar\/principal\/wp-content\/uploads\/2023\/07\/Dr.NestorPisapia.2.jpg\" data-orig-size=\"800,533\" data-comments-opened=\"0\" data-image-meta=\"{&quot;aperture&quot;:&quot;0&quot;,&quot;credit&quot;:&quot;&quot;,&quot;camera&quot;:&quot;&quot;,&quot;caption&quot;:&quot;&quot;,&quot;created_timestamp&quot;:&quot;0&quot;,&quot;copyright&quot;:&quot;&quot;,&quot;focal_length&quot;:&quot;0&quot;,&quot;iso&quot;:&quot;0&quot;,&quot;shutter_speed&quot;:&quot;0&quot;,&quot;title&quot;:&quot;&quot;,&quot;orientation&quot;:&quot;0&quot;}\" data-image-title=\"Dr.N\u00e9storPisapia.2\" data-image-description=\"\" data-image-caption=\"\" data-large-file=\"https:\/\/www.hoymercedes.com.ar\/principal\/wp-content\/uploads\/2023\/07\/Dr.NestorPisapia.2.jpg\" src=\"https:\/\/www.hoymercedes.com.ar\/principal\/wp-content\/uploads\/2023\/07\/Dr.NestorPisapia.2.jpg\" alt=\"\" class=\"wp-image-165123\" srcset=\"https:\/\/www.hoymercedes.com.ar\/principal\/wp-content\/uploads\/2023\/07\/Dr.NestorPisapia.2.jpg 800w, https:\/\/www.hoymercedes.com.ar\/principal\/wp-content\/uploads\/2023\/07\/Dr.NestorPisapia.2-630x420.jpg 630w, https:\/\/www.hoymercedes.com.ar\/principal\/wp-content\/uploads\/2023\/07\/Dr.NestorPisapia.2-150x100.jpg 150w, https:\/\/www.hoymercedes.com.ar\/principal\/wp-content\/uploads\/2023\/07\/Dr.NestorPisapia.2-700x465.jpg 700w\" sizes=\"auto, (max-width: 800px) 100vw, 800px\" \/><\/figure>\n<\/div>\n\n\n<p>El secretario de salud, N\u00e9stor Pisapia explic\u00f3 en la presentaci\u00f3n del espacio f\u00edsico que el programa sanitario es \u00abuna prestaci\u00f3n para adultos en general que tengan alguna patolog\u00eda oncol\u00f3gica, donde para su recuperaci\u00f3n es importante la actividad f\u00edsica\u201d. \u00a0<\/p>\n\n\n\n<p>\u00abNo s\u00f3lo tiene que ver con recuperar el estado f\u00edsico, sino tambi\u00e9n, la parte an\u00edmica, el psicol\u00f3gico, donde es importante el poder compartir con otras personas que tienen las mismas dolencias. Nosotros tenemos programas para cada una de las patolog\u00edas oncol\u00f3gicas y rehabilitaci\u00f3n\u201d, agreg\u00f3 el m\u00e9dico pediatra. \u00a0<\/p>\n\n\n\n<p>Es as\u00ed que invit\u00f3  los interesados a inscribirse y de acuerdo a la patolog\u00eda se har\u00e1 una evaluaci\u00f3n para brindar una actividad f\u00edsica personalizada.<\/p>\n\n\n\n<p><\/p>\n\n\n\n<p>Conjuntamente, el Dr. Pisapia indic\u00f3 \u201cpara m\u00e1s informaci\u00f3n pueden comunicarse o acercarse a la Secretar\u00eda de Salud o al CEDAM, todo a partir de la semana que viene, averiguando cuales son las condiciones, los d\u00edas, horarios y los requisitos para poder acceder a la actividad\u201d y destac\u00f3 \u201cla actividad f\u00edsica y poder hacerlo en un espacio controlado, y con otras personas, creo que eso ayuda mucho en lo f\u00edsico y en lo emocional, lo que determina que sea un complemento a lo que realizan, bastante importante. Esta es una prestaci\u00f3n que en el mundo ya se est\u00e1 realizando, donde se est\u00e1n generando programas en pa\u00edses desarrollados, y nosotros trajimos esta experiencia para implementarla en este dispositivo\u201d. &nbsp;<\/p>\n","protected":false},"excerpt":{"rendered":"<p>Desde el Municipio de Mercedes informaron que pondr\u00e1n en marcha un \u00abprograma de gimnasia y acompa\u00f1amiento a pacientes oncol\u00f3gicos\u00bb. Las &#8230; <a title=\"Salud Municipal impulsa programa para pacientes oncol\u00f3gicos\" class=\"read-more\" href=\"https:\/\/www.hoymercedes.com.ar\/principal\/2023\/07\/30\/salud-municipal-impulsa-programa-para-pacientes-oncologicos\/\" aria-label=\"Leer m\u00e1s sobre Salud Municipal impulsa programa para pacientes oncol\u00f3gicos\">Leer m\u00e1s<\/a><\/p>\n","protected":false},"author":1,"featured_media":165123,"comment_status":"closed","ping_status":"open","sticky":false,"template":"","format":"standard","meta":{"_monsterinsights_skip_tracking":false,"_monsterinsights_sitenote_active":false,"_monsterinsights_sitenote_note":"","_monsterinsights_sitenote_category":0,"jetpack_post_was_ever_published":false,"_jetpack_newsletter_access":"","_jetpack_dont_email_post_to_subs":false,"_jetpack_newsletter_tier_id":0,"_jetpack_memberships_contains_paywalled_content":false,"_jetpack_memberships_contains_paid_content":false,"footnotes":"","jetpack_publicize_message":"","jetpack_publicize_feature_enabled":true,"jetpack_social_post_already_shared":true,"jetpack_social_options":{"image_generator_settings":{"template":"highway","default_image_id":0,"font":"","enabled":false},"version":2},"_wpas_customize_per_network":false},"categories":[8],"tags":[],"class_list":["post-165122","post","type-post","status-publish","format-standard","has-post-thumbnail","hentry","category-sociedad","generate-columns","tablet-grid-50","mobile-grid-100","grid-parent","grid-50"],"jetpack_publicize_connections":[],"jetpack_featured_media_url":"https:\/\/www.hoymercedes.com.ar\/principal\/wp-content\/uploads\/2023\/07\/Dr.NestorPisapia.2.jpg","wps_subtitle":"","jetpack_sharing_enabled":true,"_links":{"self":[{"href":"https:\/\/www.hoymercedes.com.ar\/principal\/wp-json\/wp\/v2\/posts\/165122","targetHints":{"allow":["GET"]}}],"collection":[{"href":"https:\/\/www.hoymercedes.com.ar\/principal\/wp-json\/wp\/v2\/posts"}],"about":[{"href":"https:\/\/www.hoymercedes.com.ar\/principal\/wp-json\/wp\/v2\/types\/post"}],"author":[{"embeddable":true,"href":"https:\/\/www.hoymercedes.com.ar\/principal\/wp-json\/wp\/v2\/users\/1"}],"replies":[{"embeddable":true,"href":"https:\/\/www.hoymercedes.com.ar\/principal\/wp-json\/wp\/v2\/comments?post=165122"}],"version-history":[{"count":0,"href":"https:\/\/www.hoymercedes.com.ar\/principal\/wp-json\/wp\/v2\/posts\/165122\/revisions"}],"wp:featuredmedia":[{"embeddable":true,"href":"https:\/\/www.hoymercedes.com.ar\/principal\/wp-json\/wp\/v2\/media\/165123"}],"wp:attachment":[{"href":"https:\/\/www.hoymercedes.com.ar\/principal\/wp-json\/wp\/v2\/media?parent=165122"}],"wp:term":[{"taxonomy":"category","embeddable":true,"href":"https:\/\/www.hoymercedes.com.ar\/principal\/wp-json\/wp\/v2\/categories?post=165122"},{"taxonomy":"post_tag","embeddable":true,"href":"https:\/\/www.hoymercedes.com.ar\/principal\/wp-json\/wp\/v2\/tags?post=165122"}],"curies":[{"name":"wp","href":"https:\/\/api.w.org\/{rel}","templated":true}]}}