{"id":165136,"date":"2023-07-31T13:15:00","date_gmt":"2023-07-31T16:15:00","guid":{"rendered":"https:\/\/www.hoymercedes.com.ar\/principal\/?p=165136"},"modified":"2023-07-31T00:16:11","modified_gmt":"2023-07-31T03:16:11","slug":"detenido-por-amenazas-y-uso-de-armas","status":"publish","type":"post","link":"https:\/\/www.hoymercedes.com.ar\/principal\/2023\/07\/31\/detenido-por-amenazas-y-uso-de-armas\/","title":{"rendered":"Detenido por amenazas y uso de armas"},"content":{"rendered":"\n<figure class=\"wp-block-image size-full is-resized\"><img loading=\"lazy\" decoding=\"async\" data-attachment-id=\"165137\" data-permalink=\"https:\/\/www.hoymercedes.com.ar\/principal\/2023\/07\/31\/detenido-por-amenazas-y-uso-de-armas\/usodearma\/#main\" data-orig-file=\"https:\/\/www.hoymercedes.com.ar\/principal\/wp-content\/uploads\/2023\/07\/UsoDeArma.jpeg\" data-orig-size=\"720,490\" data-comments-opened=\"0\" data-image-meta=\"{&quot;aperture&quot;:&quot;0&quot;,&quot;credit&quot;:&quot;&quot;,&quot;camera&quot;:&quot;&quot;,&quot;caption&quot;:&quot;&quot;,&quot;created_timestamp&quot;:&quot;0&quot;,&quot;copyright&quot;:&quot;&quot;,&quot;focal_length&quot;:&quot;0&quot;,&quot;iso&quot;:&quot;0&quot;,&quot;shutter_speed&quot;:&quot;0&quot;,&quot;title&quot;:&quot;&quot;,&quot;orientation&quot;:&quot;0&quot;}\" data-image-title=\"UsoDeArma\" data-image-description=\"\" data-image-caption=\"\" data-large-file=\"https:\/\/www.hoymercedes.com.ar\/principal\/wp-content\/uploads\/2023\/07\/UsoDeArma.jpeg\" src=\"https:\/\/www.hoymercedes.com.ar\/principal\/wp-content\/uploads\/2023\/07\/UsoDeArma.jpeg\" alt=\"\" class=\"wp-image-165137\" width=\"962\" height=\"655\" srcset=\"https:\/\/www.hoymercedes.com.ar\/principal\/wp-content\/uploads\/2023\/07\/UsoDeArma.jpeg 720w, https:\/\/www.hoymercedes.com.ar\/principal\/wp-content\/uploads\/2023\/07\/UsoDeArma-630x429.jpeg 630w, https:\/\/www.hoymercedes.com.ar\/principal\/wp-content\/uploads\/2023\/07\/UsoDeArma-150x102.jpeg 150w\" sizes=\"auto, (max-width: 962px) 100vw, 962px\" \/><\/figure>\n\n\n\n<p>Un hombre de 24 a\u00f1os de edad fue detenido con portaci\u00f3n de armas y amenazas. La intervenci\u00f3n preventiva de la Polic\u00eda Comunal logr\u00f3 poner la situaci\u00f3n en orden sin llegar a mayores consecuencias.<\/p>\n\n\n\n<p>El sujeto, tras una discusi\u00f3n con otro masculino, empez\u00f3 el acto de amenaza con un arma blanca, a sabiendas de la gravedad y consecuencias que puede causar en el pr\u00f3jimo.<\/p>\n\n\n\n<p>Finalmente, en 24 y 109 fue detenido y puesto a disposici\u00f3n de la justicia.<\/p>\n\n\n\n<p>Intervino la U.F.I N\u00ba3 del Departamento Judicial Mercedes.<\/p>\n","protected":false},"excerpt":{"rendered":"<p>Un hombre de 24 a\u00f1os de edad fue detenido con portaci\u00f3n de armas y amenazas. La intervenci\u00f3n preventiva de la &#8230; <a title=\"Detenido por amenazas y uso de armas\" class=\"read-more\" href=\"https:\/\/www.hoymercedes.com.ar\/principal\/2023\/07\/31\/detenido-por-amenazas-y-uso-de-armas\/\" aria-label=\"Leer m\u00e1s sobre Detenido por amenazas y uso de armas\">Leer m\u00e1s<\/a><\/p>\n","protected":false},"author":1,"featured_media":165137,"comment_status":"closed","ping_status":"open","sticky":false,"template":"","format":"standard","meta":{"_monsterinsights_skip_tracking":false,"_monsterinsights_sitenote_active":false,"_monsterinsights_sitenote_note":"","_monsterinsights_sitenote_category":0,"jetpack_post_was_ever_published":false,"_jetpack_newsletter_access":"","_jetpack_dont_email_post_to_subs":false,"_jetpack_newsletter_tier_id":0,"_jetpack_memberships_contains_paywalled_content":false,"_jetpack_memberships_contains_paid_content":false,"footnotes":"","jetpack_publicize_message":"","jetpack_publicize_feature_enabled":true,"jetpack_social_post_already_shared":true,"jetpack_social_options":{"image_generator_settings":{"template":"highway","default_image_id":0,"font":"","enabled":false},"version":2},"_wpas_customize_per_network":false},"categories":[8],"tags":[],"class_list":["post-165136","post","type-post","status-publish","format-standard","has-post-thumbnail","hentry","category-sociedad","generate-columns","tablet-grid-50","mobile-grid-100","grid-parent","grid-50"],"jetpack_publicize_connections":[],"jetpack_featured_media_url":"https:\/\/www.hoymercedes.com.ar\/principal\/wp-content\/uploads\/2023\/07\/UsoDeArma.jpeg","wps_subtitle":"Tras las rejas","jetpack_sharing_enabled":true,"_links":{"self":[{"href":"https:\/\/www.hoymercedes.com.ar\/principal\/wp-json\/wp\/v2\/posts\/165136","targetHints":{"allow":["GET"]}}],"collection":[{"href":"https:\/\/www.hoymercedes.com.ar\/principal\/wp-json\/wp\/v2\/posts"}],"about":[{"href":"https:\/\/www.hoymercedes.com.ar\/principal\/wp-json\/wp\/v2\/types\/post"}],"author":[{"embeddable":true,"href":"https:\/\/www.hoymercedes.com.ar\/principal\/wp-json\/wp\/v2\/users\/1"}],"replies":[{"embeddable":true,"href":"https:\/\/www.hoymercedes.com.ar\/principal\/wp-json\/wp\/v2\/comments?post=165136"}],"version-history":[{"count":0,"href":"https:\/\/www.hoymercedes.com.ar\/principal\/wp-json\/wp\/v2\/posts\/165136\/revisions"}],"wp:featuredmedia":[{"embeddable":true,"href":"https:\/\/www.hoymercedes.com.ar\/principal\/wp-json\/wp\/v2\/media\/165137"}],"wp:attachment":[{"href":"https:\/\/www.hoymercedes.com.ar\/principal\/wp-json\/wp\/v2\/media?parent=165136"}],"wp:term":[{"taxonomy":"category","embeddable":true,"href":"https:\/\/www.hoymercedes.com.ar\/principal\/wp-json\/wp\/v2\/categories?post=165136"},{"taxonomy":"post_tag","embeddable":true,"href":"https:\/\/www.hoymercedes.com.ar\/principal\/wp-json\/wp\/v2\/tags?post=165136"}],"curies":[{"name":"wp","href":"https:\/\/api.w.org\/{rel}","templated":true}]}}