{"id":165152,"date":"2023-07-31T14:00:00","date_gmt":"2023-07-31T17:00:00","guid":{"rendered":"https:\/\/www.hoymercedes.com.ar\/principal\/?p=165152"},"modified":"2023-07-31T12:49:15","modified_gmt":"2023-07-31T15:49:15","slug":"all-boys-solidario-lanza-la-campana-voy-por-vos","status":"publish","type":"post","link":"https:\/\/www.hoymercedes.com.ar\/principal\/2023\/07\/31\/all-boys-solidario-lanza-la-campana-voy-por-vos\/","title":{"rendered":"All Boys Solidario lanza la campa\u00f1a \u00abVoy por Vos\u00bb"},"content":{"rendered":"\n<p>Desde All Boys Solidario informaron el lanzamiento de la campa\u00f1a \u00abVoy por Vos\u00bb  en pro de visibilizar la Distrofia Muscular de Duchenne y as\u00ed potenciar la b\u00fasqueda de una cura. <\/p>\n\n\n<div class=\"wp-block-image\">\n<figure class=\"alignleft size-full\"><img loading=\"lazy\" decoding=\"async\" width=\"280\" height=\"498\" data-attachment-id=\"165153\" data-permalink=\"https:\/\/www.hoymercedes.com.ar\/principal\/2023\/07\/31\/all-boys-solidario-lanza-la-campana-voy-por-vos\/image-23-5\/#main\" data-orig-file=\"https:\/\/www.hoymercedes.com.ar\/principal\/wp-content\/uploads\/2023\/07\/image-23.png\" data-orig-size=\"280,498\" data-comments-opened=\"0\" data-image-meta=\"{&quot;aperture&quot;:&quot;0&quot;,&quot;credit&quot;:&quot;&quot;,&quot;camera&quot;:&quot;&quot;,&quot;caption&quot;:&quot;&quot;,&quot;created_timestamp&quot;:&quot;0&quot;,&quot;copyright&quot;:&quot;&quot;,&quot;focal_length&quot;:&quot;0&quot;,&quot;iso&quot;:&quot;0&quot;,&quot;shutter_speed&quot;:&quot;0&quot;,&quot;title&quot;:&quot;&quot;,&quot;orientation&quot;:&quot;0&quot;}\" data-image-title=\"image-23\" data-image-description=\"\" data-image-caption=\"\" data-large-file=\"https:\/\/www.hoymercedes.com.ar\/principal\/wp-content\/uploads\/2023\/07\/image-23.png\" src=\"https:\/\/www.hoymercedes.com.ar\/principal\/wp-content\/uploads\/2023\/07\/image-23.png\" alt=\"\" class=\"wp-image-165153\" srcset=\"https:\/\/www.hoymercedes.com.ar\/principal\/wp-content\/uploads\/2023\/07\/image-23.png 280w, https:\/\/www.hoymercedes.com.ar\/principal\/wp-content\/uploads\/2023\/07\/image-23-84x150.png 84w\" sizes=\"auto, (max-width: 280px) 100vw, 280px\" \/><\/figure>\n<\/div>\n\n\n<p>Con el apoyo y la adhesi\u00f3n de pa\u00edses europeos, latinoamericanos, de jugadores de f\u00fatbol, artistas, m\u00e9dicos y personas de nuestro pa\u00eds \u00abla intenci\u00f3n es encontrar la cura para la distrofia muscular Duchenne\u00bb y \u00abunir todo el pa\u00eds a trav\u00e9s de esta campa\u00f1a y tambi\u00e9n Latinoam\u00e9rica para que juntos se invierta en investigar y encontrar una cura para esta patolog\u00eda\u00bb<\/p>\n\n\n\n<p>\u00abA pesar de su minoritario alcance, la Distrofia Muscular de Duchenne es una enfermedad progresiva, da\u00f1ina, letal, y que no tiene cura. Justamente estamos en busca de resolver esa patolog\u00eda son nuestros objetivo y prop\u00f3sito en All Boys Solidario en la campa\u00f1a \u00abVoy por vos\u00bb, centrada de concientizar al respecto y potenciar la b\u00fasqueda de un m\u00e9todo de sanaci\u00f3n\u00bb, destacan. <\/p>\n\n\n\n<p>Es as\u00ed que agradecen a los pa\u00edses que se comprometieron y adhieren a la campa\u00f1a. Entre ellos M\u00e9xico,Nicaragua, Venezuela, Colombia, Ecuador, EEUU, Reino Unido, Chile, Francia y Cuba. As\u00ed como a las personalidades argentinas que tambi\u00e9n se sumaron: Esteban Bullrich, Soledad Silveyra, Facundo Manes, Mart\u00edn Perazzo, Osvaldo Principi, Lionel Messi, Sergio Lapeg\u00fce, Claribel Medina,\u00a0entre\u00a0otros. <\/p>\n\n\n<div class=\"wp-block-image\">\n<figure class=\"aligncenter size-large\"><img loading=\"lazy\" decoding=\"async\" width=\"900\" height=\"600\" data-attachment-id=\"165155\" data-permalink=\"https:\/\/www.hoymercedes.com.ar\/principal\/image-24-6\/\" data-orig-file=\"https:\/\/www.hoymercedes.com.ar\/principal\/wp-content\/uploads\/2023\/07\/image-24-edited.png\" data-orig-size=\"900,600\" data-comments-opened=\"0\" data-image-meta=\"{&quot;aperture&quot;:&quot;0&quot;,&quot;credit&quot;:&quot;&quot;,&quot;camera&quot;:&quot;&quot;,&quot;caption&quot;:&quot;&quot;,&quot;created_timestamp&quot;:&quot;0&quot;,&quot;copyright&quot;:&quot;&quot;,&quot;focal_length&quot;:&quot;0&quot;,&quot;iso&quot;:&quot;0&quot;,&quot;shutter_speed&quot;:&quot;0&quot;,&quot;title&quot;:&quot;&quot;,&quot;orientation&quot;:&quot;0&quot;}\" data-image-title=\"image-24\" data-image-description=\"\" data-image-caption=\"\" data-large-file=\"https:\/\/www.hoymercedes.com.ar\/principal\/wp-content\/uploads\/2023\/07\/image-24-edited.png\" src=\"https:\/\/www.hoymercedes.com.ar\/principal\/wp-content\/uploads\/2023\/07\/image-24-edited.png\" alt=\"\" class=\"wp-image-165155\" srcset=\"https:\/\/www.hoymercedes.com.ar\/principal\/wp-content\/uploads\/2023\/07\/image-24-edited.png 900w, https:\/\/www.hoymercedes.com.ar\/principal\/wp-content\/uploads\/2023\/07\/image-24-edited-630x420.png 630w, https:\/\/www.hoymercedes.com.ar\/principal\/wp-content\/uploads\/2023\/07\/image-24-edited-150x100.png 150w\" sizes=\"auto, (max-width: 900px) 100vw, 900px\" \/><\/figure>\n<\/div>","protected":false},"excerpt":{"rendered":"<p>Desde All Boys Solidario informaron el lanzamiento de la campa\u00f1a \u00abVoy por Vos\u00bb en pro de visibilizar la Distrofia Muscular &#8230; <a title=\"All Boys Solidario lanza la campa\u00f1a \u00abVoy por Vos\u00bb\" class=\"read-more\" href=\"https:\/\/www.hoymercedes.com.ar\/principal\/2023\/07\/31\/all-boys-solidario-lanza-la-campana-voy-por-vos\/\" aria-label=\"Leer m\u00e1s sobre All Boys Solidario lanza la campa\u00f1a \u00abVoy por Vos\u00bb\">Leer m\u00e1s<\/a><\/p>\n","protected":false},"author":1,"featured_media":165155,"comment_status":"closed","ping_status":"open","sticky":false,"template":"","format":"standard","meta":{"_monsterinsights_skip_tracking":false,"_monsterinsights_sitenote_active":false,"_monsterinsights_sitenote_note":"","_monsterinsights_sitenote_category":0,"jetpack_post_was_ever_published":false,"_jetpack_newsletter_access":"","_jetpack_dont_email_post_to_subs":false,"_jetpack_newsletter_tier_id":0,"_jetpack_memberships_contains_paywalled_content":false,"_jetpack_memberships_contains_paid_content":false,"footnotes":"","jetpack_publicize_message":"","jetpack_publicize_feature_enabled":true,"jetpack_social_post_already_shared":true,"jetpack_social_options":{"image_generator_settings":{"template":"highway","default_image_id":0,"font":"","enabled":false},"version":2},"_wpas_customize_per_network":false},"categories":[8],"tags":[],"class_list":["post-165152","post","type-post","status-publish","format-standard","has-post-thumbnail","hentry","category-sociedad","generate-columns","tablet-grid-50","mobile-grid-100","grid-parent","grid-50"],"jetpack_publicize_connections":[],"jetpack_featured_media_url":"https:\/\/www.hoymercedes.com.ar\/principal\/wp-content\/uploads\/2023\/07\/image-24-edited.png","wps_subtitle":"","jetpack_sharing_enabled":true,"_links":{"self":[{"href":"https:\/\/www.hoymercedes.com.ar\/principal\/wp-json\/wp\/v2\/posts\/165152","targetHints":{"allow":["GET"]}}],"collection":[{"href":"https:\/\/www.hoymercedes.com.ar\/principal\/wp-json\/wp\/v2\/posts"}],"about":[{"href":"https:\/\/www.hoymercedes.com.ar\/principal\/wp-json\/wp\/v2\/types\/post"}],"author":[{"embeddable":true,"href":"https:\/\/www.hoymercedes.com.ar\/principal\/wp-json\/wp\/v2\/users\/1"}],"replies":[{"embeddable":true,"href":"https:\/\/www.hoymercedes.com.ar\/principal\/wp-json\/wp\/v2\/comments?post=165152"}],"version-history":[{"count":0,"href":"https:\/\/www.hoymercedes.com.ar\/principal\/wp-json\/wp\/v2\/posts\/165152\/revisions"}],"wp:featuredmedia":[{"embeddable":true,"href":"https:\/\/www.hoymercedes.com.ar\/principal\/wp-json\/wp\/v2\/media\/165155"}],"wp:attachment":[{"href":"https:\/\/www.hoymercedes.com.ar\/principal\/wp-json\/wp\/v2\/media?parent=165152"}],"wp:term":[{"taxonomy":"category","embeddable":true,"href":"https:\/\/www.hoymercedes.com.ar\/principal\/wp-json\/wp\/v2\/categories?post=165152"},{"taxonomy":"post_tag","embeddable":true,"href":"https:\/\/www.hoymercedes.com.ar\/principal\/wp-json\/wp\/v2\/tags?post=165152"}],"curies":[{"name":"wp","href":"https:\/\/api.w.org\/{rel}","templated":true}]}}