{"id":165219,"date":"2023-08-01T18:38:04","date_gmt":"2023-08-01T21:38:04","guid":{"rendered":"https:\/\/www.hoymercedes.com.ar\/principal\/?p=165219"},"modified":"2023-08-01T18:39:23","modified_gmt":"2023-08-01T21:39:23","slug":"sigue-la-capacitacion-en-rcp-y-maniobra-de-heimlich","status":"publish","type":"post","link":"https:\/\/www.hoymercedes.com.ar\/principal\/2023\/08\/01\/sigue-la-capacitacion-en-rcp-y-maniobra-de-heimlich\/","title":{"rendered":"Sigue la capacitaci\u00f3n en RCP y Maniobra de Heimlich"},"content":{"rendered":"\n<p>Desde Red Reanimar siguen capacitando a los vecinos en maniobras de reanimaci\u00f3n, as\u00ed como de primeros socorros, RCP y DEA. <\/p>\n\n\n\n<p>\u00abBuscamos aportar nuestro peque\u00f1o granito de arena para que todos estemos preparados para salvar vidas. Ac\u00e1 vemos la importancia de saber realizar la Maniobra de Heimlich y tener la valent\u00eda de llevarla a cabo\u00bb, explican desde la Red.<\/p>\n\n\n\n<p>\u00abTodos lo podemos hacer. Por eso invitamos a las capacitaciones. Capacitamos de manera Voluntaria y sin fines de lucro porque agradecemos a la vida\u00bb destacan. <\/p>\n\n\n\n<p>\u00abEsta amada vocaci\u00f3n, y la solidaridad, es devolverle a la vida, la alegr\u00eda de poder vivirla, sabiendo q todos nos necesitamos y nadie se salva solo\u00bb, agrega Mat\u00edas Dematei, integrante de Red Reanimar e instructor en primeros socorros, RCP y DEA.<\/p>\n\n\n<div class=\"wp-block-image\">\n<figure class=\"aligncenter size-large\"><img loading=\"lazy\" decoding=\"async\" width=\"713\" height=\"1024\" data-attachment-id=\"165221\" data-permalink=\"https:\/\/www.hoymercedes.com.ar\/principal\/2023\/08\/01\/sigue-la-capacitacion-en-rcp-y-maniobra-de-heimlich\/img-20230801-wa0007\/#main\" data-orig-file=\"https:\/\/www.hoymercedes.com.ar\/principal\/wp-content\/uploads\/2023\/08\/IMG-20230801-WA0007.jpg\" data-orig-size=\"891,1280\" data-comments-opened=\"0\" data-image-meta=\"{&quot;aperture&quot;:&quot;0&quot;,&quot;credit&quot;:&quot;&quot;,&quot;camera&quot;:&quot;&quot;,&quot;caption&quot;:&quot;&quot;,&quot;created_timestamp&quot;:&quot;0&quot;,&quot;copyright&quot;:&quot;&quot;,&quot;focal_length&quot;:&quot;0&quot;,&quot;iso&quot;:&quot;0&quot;,&quot;shutter_speed&quot;:&quot;0&quot;,&quot;title&quot;:&quot;&quot;,&quot;orientation&quot;:&quot;0&quot;}\" data-image-title=\"IMG-20230801-WA0007\" data-image-description=\"\" data-image-caption=\"\" data-large-file=\"https:\/\/www.hoymercedes.com.ar\/principal\/wp-content\/uploads\/2023\/08\/IMG-20230801-WA0007-713x1024.jpg\" src=\"https:\/\/www.hoymercedes.com.ar\/principal\/wp-content\/uploads\/2023\/08\/IMG-20230801-WA0007-713x1024.jpg\" alt=\"\" class=\"wp-image-165221\" srcset=\"https:\/\/www.hoymercedes.com.ar\/principal\/wp-content\/uploads\/2023\/08\/IMG-20230801-WA0007-713x1024.jpg 713w, https:\/\/www.hoymercedes.com.ar\/principal\/wp-content\/uploads\/2023\/08\/IMG-20230801-WA0007-432x620.jpg 432w, https:\/\/www.hoymercedes.com.ar\/principal\/wp-content\/uploads\/2023\/08\/IMG-20230801-WA0007-104x150.jpg 104w, https:\/\/www.hoymercedes.com.ar\/principal\/wp-content\/uploads\/2023\/08\/IMG-20230801-WA0007.jpg 891w\" sizes=\"auto, (max-width: 713px) 100vw, 713px\" \/><\/figure>\n<\/div>","protected":false},"excerpt":{"rendered":"<p>Desde Red Reanimar siguen capacitando a los vecinos en maniobras de reanimaci\u00f3n, as\u00ed como de primeros socorros, RCP y DEA. &#8230; <a title=\"Sigue la capacitaci\u00f3n en RCP y Maniobra de Heimlich\" class=\"read-more\" href=\"https:\/\/www.hoymercedes.com.ar\/principal\/2023\/08\/01\/sigue-la-capacitacion-en-rcp-y-maniobra-de-heimlich\/\" aria-label=\"Leer m\u00e1s sobre Sigue la capacitaci\u00f3n en RCP y Maniobra de Heimlich\">Leer m\u00e1s<\/a><\/p>\n","protected":false},"author":1,"featured_media":165220,"comment_status":"closed","ping_status":"open","sticky":false,"template":"","format":"standard","meta":{"_monsterinsights_skip_tracking":false,"_monsterinsights_sitenote_active":false,"_monsterinsights_sitenote_note":"","_monsterinsights_sitenote_category":0,"jetpack_post_was_ever_published":false,"_jetpack_newsletter_access":"","_jetpack_dont_email_post_to_subs":false,"_jetpack_newsletter_tier_id":0,"_jetpack_memberships_contains_paywalled_content":false,"_jetpack_memberships_contains_paid_content":false,"footnotes":"","jetpack_publicize_message":"","jetpack_publicize_feature_enabled":true,"jetpack_social_post_already_shared":true,"jetpack_social_options":{"image_generator_settings":{"template":"highway","default_image_id":0,"font":"","enabled":false},"version":2},"_wpas_customize_per_network":false},"categories":[8],"tags":[],"class_list":["post-165219","post","type-post","status-publish","format-standard","has-post-thumbnail","hentry","category-sociedad","generate-columns","tablet-grid-50","mobile-grid-100","grid-parent","grid-50"],"jetpack_publicize_connections":[],"jetpack_featured_media_url":"https:\/\/www.hoymercedes.com.ar\/principal\/wp-content\/uploads\/2023\/08\/IMG-20230801-WA0008.jpg","wps_subtitle":"","jetpack_sharing_enabled":true,"_links":{"self":[{"href":"https:\/\/www.hoymercedes.com.ar\/principal\/wp-json\/wp\/v2\/posts\/165219","targetHints":{"allow":["GET"]}}],"collection":[{"href":"https:\/\/www.hoymercedes.com.ar\/principal\/wp-json\/wp\/v2\/posts"}],"about":[{"href":"https:\/\/www.hoymercedes.com.ar\/principal\/wp-json\/wp\/v2\/types\/post"}],"author":[{"embeddable":true,"href":"https:\/\/www.hoymercedes.com.ar\/principal\/wp-json\/wp\/v2\/users\/1"}],"replies":[{"embeddable":true,"href":"https:\/\/www.hoymercedes.com.ar\/principal\/wp-json\/wp\/v2\/comments?post=165219"}],"version-history":[{"count":0,"href":"https:\/\/www.hoymercedes.com.ar\/principal\/wp-json\/wp\/v2\/posts\/165219\/revisions"}],"wp:featuredmedia":[{"embeddable":true,"href":"https:\/\/www.hoymercedes.com.ar\/principal\/wp-json\/wp\/v2\/media\/165220"}],"wp:attachment":[{"href":"https:\/\/www.hoymercedes.com.ar\/principal\/wp-json\/wp\/v2\/media?parent=165219"}],"wp:term":[{"taxonomy":"category","embeddable":true,"href":"https:\/\/www.hoymercedes.com.ar\/principal\/wp-json\/wp\/v2\/categories?post=165219"},{"taxonomy":"post_tag","embeddable":true,"href":"https:\/\/www.hoymercedes.com.ar\/principal\/wp-json\/wp\/v2\/tags?post=165219"}],"curies":[{"name":"wp","href":"https:\/\/api.w.org\/{rel}","templated":true}]}}