{"id":165251,"date":"2023-08-02T11:45:00","date_gmt":"2023-08-02T14:45:00","guid":{"rendered":"https:\/\/www.hoymercedes.com.ar\/principal\/?p=165251"},"modified":"2023-08-02T11:39:46","modified_gmt":"2023-08-02T14:39:46","slug":"locura-tropical-en-el-teatro-talia","status":"publish","type":"post","link":"https:\/\/www.hoymercedes.com.ar\/principal\/2023\/08\/02\/locura-tropical-en-el-teatro-talia\/","title":{"rendered":"Locura Tropical en el Teatro Tal\u00eda"},"content":{"rendered":"\n<p>El venidero s\u00e1bado 5 de agosto, se presentar\u00e1 en la sala teatral Tal\u00eda de calle 20, la obra \u201cLocura tropical\u201d, una versi\u00f3n libre de la obra de Carlos Gorostiza \u2013 El acompa\u00f1amiento). Act\u00faan Celina Di Paolo y \u00c1ngel Rutigliano, bajo la direcci\u00f3n de Claudio Mateo. <\/p>\n\n\n<div class=\"wp-block-image\">\n<figure class=\"aligncenter size-full\"><img loading=\"lazy\" decoding=\"async\" width=\"600\" height=\"848\" data-attachment-id=\"165252\" data-permalink=\"https:\/\/www.hoymercedes.com.ar\/principal\/2023\/08\/02\/locura-tropical-en-el-teatro-talia\/img-20230802-wa0003_copy_600x848\/#main\" data-orig-file=\"https:\/\/www.hoymercedes.com.ar\/principal\/wp-content\/uploads\/2023\/08\/IMG-20230802-WA0003_copy_600x848.jpg\" data-orig-size=\"600,848\" data-comments-opened=\"0\" data-image-meta=\"{&quot;aperture&quot;:&quot;0&quot;,&quot;credit&quot;:&quot;&quot;,&quot;camera&quot;:&quot;&quot;,&quot;caption&quot;:&quot;&quot;,&quot;created_timestamp&quot;:&quot;0&quot;,&quot;copyright&quot;:&quot;&quot;,&quot;focal_length&quot;:&quot;0&quot;,&quot;iso&quot;:&quot;0&quot;,&quot;shutter_speed&quot;:&quot;0&quot;,&quot;title&quot;:&quot;&quot;,&quot;orientation&quot;:&quot;0&quot;}\" data-image-title=\"IMG-20230802-WA0003_copy_600x848\" data-image-description=\"\" data-image-caption=\"\" data-large-file=\"https:\/\/www.hoymercedes.com.ar\/principal\/wp-content\/uploads\/2023\/08\/IMG-20230802-WA0003_copy_600x848.jpg\" src=\"https:\/\/www.hoymercedes.com.ar\/principal\/wp-content\/uploads\/2023\/08\/IMG-20230802-WA0003_copy_600x848.jpg\" alt=\"\" class=\"wp-image-165252\" srcset=\"https:\/\/www.hoymercedes.com.ar\/principal\/wp-content\/uploads\/2023\/08\/IMG-20230802-WA0003_copy_600x848.jpg 600w, https:\/\/www.hoymercedes.com.ar\/principal\/wp-content\/uploads\/2023\/08\/IMG-20230802-WA0003_copy_600x848-439x620.jpg 439w, https:\/\/www.hoymercedes.com.ar\/principal\/wp-content\/uploads\/2023\/08\/IMG-20230802-WA0003_copy_600x848-106x150.jpg 106w\" sizes=\"auto, (max-width: 600px) 100vw, 600px\" \/><\/figure>\n<\/div>\n\n\n<p>Sinopsis de la propuesta teatral: Contra la voluntad de su familia. Pirucha deja los quehaceres dom\u00e9sticos y se encierra en un cuartito de su casa a cantar melod\u00edas tropicales. De pronto, ha sentido la necesidad de cumplir su sue\u00f1o de la juventud: Seguir los pasos de Carmen Miranda y desarrollar una carrera art\u00edstica. Mientras ensaya espera que llegue el bongosero que un supuesto amigo le prometi\u00f3.La familia de Pirucha manda a Sebasti\u00e1n, su primo, para que la rescate de ese destino incierto. Debido a esta visita se inicia una profunda trama donde se plantean cuestiones universales como la libertad, el valor de los sue\u00f1os, el significado del \u00e9xito y del fracaso, el peso de las decisiones y la verdad que puede esconderse detr\u00e1s de la locura. <\/p>\n\n\n\n<p>\u201cLocura Tropical\u201d es puesta en escena con Celina Dipaolo, Angel Rutigliano con la direcci\u00f3n de Caludio Mateo. Entradas en venta anticipadas de 18 a 20 hs en Teatro Tal\u00eda, y la Libreria Libros a Nuevo de 28 esq 23. Tambi\u00e9n se pueden reservar al celular 2324-641621 . <\/p>\n\n\n\n<p><\/p>\n","protected":false},"excerpt":{"rendered":"<p>El venidero s\u00e1bado 5 de agosto, se presentar\u00e1 en la sala teatral Tal\u00eda de calle 20, la obra \u201cLocura tropical\u201d, &#8230; <a title=\"Locura Tropical en el Teatro Tal\u00eda\" class=\"read-more\" href=\"https:\/\/www.hoymercedes.com.ar\/principal\/2023\/08\/02\/locura-tropical-en-el-teatro-talia\/\" aria-label=\"Leer m\u00e1s sobre Locura Tropical en el Teatro Tal\u00eda\">Leer m\u00e1s<\/a><\/p>\n","protected":false},"author":1,"featured_media":165252,"comment_status":"closed","ping_status":"open","sticky":false,"template":"","format":"standard","meta":{"_monsterinsights_skip_tracking":false,"_monsterinsights_sitenote_active":false,"_monsterinsights_sitenote_note":"","_monsterinsights_sitenote_category":0,"jetpack_post_was_ever_published":false,"_jetpack_newsletter_access":"","_jetpack_dont_email_post_to_subs":false,"_jetpack_newsletter_tier_id":0,"_jetpack_memberships_contains_paywalled_content":false,"_jetpack_memberships_contains_paid_content":false,"footnotes":"","jetpack_publicize_message":"","jetpack_publicize_feature_enabled":true,"jetpack_social_post_already_shared":true,"jetpack_social_options":{"image_generator_settings":{"template":"highway","default_image_id":0,"font":"","enabled":false},"version":2},"_wpas_customize_per_network":false},"categories":[104],"tags":[7805],"class_list":["post-165251","post","type-post","status-publish","format-standard","has-post-thumbnail","hentry","category-cultura","tag-cultura","generate-columns","tablet-grid-50","mobile-grid-100","grid-parent","grid-50"],"jetpack_publicize_connections":[],"jetpack_featured_media_url":"https:\/\/www.hoymercedes.com.ar\/principal\/wp-content\/uploads\/2023\/08\/IMG-20230802-WA0003_copy_600x848.jpg","wps_subtitle":"","jetpack_sharing_enabled":true,"_links":{"self":[{"href":"https:\/\/www.hoymercedes.com.ar\/principal\/wp-json\/wp\/v2\/posts\/165251","targetHints":{"allow":["GET"]}}],"collection":[{"href":"https:\/\/www.hoymercedes.com.ar\/principal\/wp-json\/wp\/v2\/posts"}],"about":[{"href":"https:\/\/www.hoymercedes.com.ar\/principal\/wp-json\/wp\/v2\/types\/post"}],"author":[{"embeddable":true,"href":"https:\/\/www.hoymercedes.com.ar\/principal\/wp-json\/wp\/v2\/users\/1"}],"replies":[{"embeddable":true,"href":"https:\/\/www.hoymercedes.com.ar\/principal\/wp-json\/wp\/v2\/comments?post=165251"}],"version-history":[{"count":0,"href":"https:\/\/www.hoymercedes.com.ar\/principal\/wp-json\/wp\/v2\/posts\/165251\/revisions"}],"wp:featuredmedia":[{"embeddable":true,"href":"https:\/\/www.hoymercedes.com.ar\/principal\/wp-json\/wp\/v2\/media\/165252"}],"wp:attachment":[{"href":"https:\/\/www.hoymercedes.com.ar\/principal\/wp-json\/wp\/v2\/media?parent=165251"}],"wp:term":[{"taxonomy":"category","embeddable":true,"href":"https:\/\/www.hoymercedes.com.ar\/principal\/wp-json\/wp\/v2\/categories?post=165251"},{"taxonomy":"post_tag","embeddable":true,"href":"https:\/\/www.hoymercedes.com.ar\/principal\/wp-json\/wp\/v2\/tags?post=165251"}],"curies":[{"name":"wp","href":"https:\/\/api.w.org\/{rel}","templated":true}]}}