{"id":165273,"date":"2023-08-02T17:44:47","date_gmt":"2023-08-02T20:44:47","guid":{"rendered":"https:\/\/www.hoymercedes.com.ar\/principal\/?p=165273"},"modified":"2023-08-02T17:44:51","modified_gmt":"2023-08-02T20:44:51","slug":"farmaceuticos-brindara-curso-de-primeros-auxilios","status":"publish","type":"post","link":"https:\/\/www.hoymercedes.com.ar\/principal\/2023\/08\/02\/farmaceuticos-brindara-curso-de-primeros-auxilios\/","title":{"rendered":"Farmac\u00e9uticos brindar\u00e1 curso de Primeros Auxilios"},"content":{"rendered":"\n<p>Desde el Colegio de Farmac\u00e9uticos de Mercedes anunciaron que el venidero viernes 11 de agosto realizar\u00e1n una conferencia presencial y gratuita, a cargo de Germ\u00e1n Avrutsky. El tema central del curso son los Primeros Auxilios. La inscripci\u00f3n es de manera online. <\/p>\n\n\n<div class=\"wp-block-image\">\n<figure class=\"aligncenter size-full\"><img loading=\"lazy\" decoding=\"async\" width=\"585\" height=\"585\" data-attachment-id=\"165274\" data-permalink=\"https:\/\/www.hoymercedes.com.ar\/principal\/2023\/08\/02\/farmaceuticos-brindara-curso-de-primeros-auxilios\/image-2-15\/#main\" data-orig-file=\"https:\/\/www.hoymercedes.com.ar\/principal\/wp-content\/uploads\/2023\/08\/image-2.png\" data-orig-size=\"585,585\" data-comments-opened=\"0\" data-image-meta=\"{&quot;aperture&quot;:&quot;0&quot;,&quot;credit&quot;:&quot;&quot;,&quot;camera&quot;:&quot;&quot;,&quot;caption&quot;:&quot;&quot;,&quot;created_timestamp&quot;:&quot;0&quot;,&quot;copyright&quot;:&quot;&quot;,&quot;focal_length&quot;:&quot;0&quot;,&quot;iso&quot;:&quot;0&quot;,&quot;shutter_speed&quot;:&quot;0&quot;,&quot;title&quot;:&quot;&quot;,&quot;orientation&quot;:&quot;0&quot;}\" data-image-title=\"image-2\" data-image-description=\"\" data-image-caption=\"\" data-large-file=\"https:\/\/www.hoymercedes.com.ar\/principal\/wp-content\/uploads\/2023\/08\/image-2.png\" src=\"https:\/\/www.hoymercedes.com.ar\/principal\/wp-content\/uploads\/2023\/08\/image-2.png\" alt=\"\" class=\"wp-image-165274\" srcset=\"https:\/\/www.hoymercedes.com.ar\/principal\/wp-content\/uploads\/2023\/08\/image-2.png 585w, https:\/\/www.hoymercedes.com.ar\/principal\/wp-content\/uploads\/2023\/08\/image-2-150x150.png 150w\" sizes=\"auto, (max-width: 585px) 100vw, 585px\" \/><\/figure>\n<\/div>\n\n\n<p>El inicio de la actividad ser\u00e1 a la hora 14 del viernes 11 de agosto. Por lo tanto, los interesados podr\u00e1n inscribirse hasta una hora antes de la charla. La actividad ser\u00e1 en la sede del Colegio de Farmac\u00e9uticos de Mercedes en calle 13 N\u00b0 760 (entre 32 y 34). <\/p>\n\n\n\n<p>Cabe destacarse que las inscripciones son exclusivamente on line.\u00a0La inscripci\u00f3n para Farmac\u00e9uticos Matriculados de C.F.P.B.A :\u00a0<a href=\"http:\/\/www.adminportal.cfpba.org.ar\/servicios\/compras.aspx?p=1534\" target=\"_blank\" rel=\"noopener\"><strong>click aqu\u00ed.<\/strong><\/a>  y la inscripci\u00f3n de otras personas interesados en cursar:\u00a0<a href=\"https:\/\/adminportal.cfpba.org.ar:1443\/nomatriculados\/frmFichaAdhesion.aspx?p=1534\" target=\"_blank\" rel=\"noopener\"><strong>click aqu\u00ed<\/strong><\/a><\/p>\n\n\n\n<p><\/p>\n","protected":false},"excerpt":{"rendered":"<p>Desde el Colegio de Farmac\u00e9uticos de Mercedes anunciaron que el venidero viernes 11 de agosto realizar\u00e1n una conferencia presencial y &#8230; <a title=\"Farmac\u00e9uticos brindar\u00e1 curso de Primeros Auxilios\" class=\"read-more\" href=\"https:\/\/www.hoymercedes.com.ar\/principal\/2023\/08\/02\/farmaceuticos-brindara-curso-de-primeros-auxilios\/\" aria-label=\"Leer m\u00e1s sobre Farmac\u00e9uticos brindar\u00e1 curso de Primeros Auxilios\">Leer m\u00e1s<\/a><\/p>\n","protected":false},"author":1,"featured_media":165274,"comment_status":"closed","ping_status":"open","sticky":false,"template":"","format":"standard","meta":{"_monsterinsights_skip_tracking":false,"_monsterinsights_sitenote_active":false,"_monsterinsights_sitenote_note":"","_monsterinsights_sitenote_category":0,"jetpack_post_was_ever_published":false,"_jetpack_newsletter_access":"","_jetpack_dont_email_post_to_subs":false,"_jetpack_newsletter_tier_id":0,"_jetpack_memberships_contains_paywalled_content":false,"_jetpack_memberships_contains_paid_content":false,"footnotes":"","jetpack_publicize_message":"","jetpack_publicize_feature_enabled":true,"jetpack_social_post_already_shared":true,"jetpack_social_options":{"image_generator_settings":{"template":"highway","default_image_id":0,"font":"","enabled":false},"version":2},"_wpas_customize_per_network":false},"categories":[8],"tags":[],"class_list":["post-165273","post","type-post","status-publish","format-standard","has-post-thumbnail","hentry","category-sociedad","generate-columns","tablet-grid-50","mobile-grid-100","grid-parent","grid-50"],"jetpack_publicize_connections":[],"jetpack_featured_media_url":"https:\/\/www.hoymercedes.com.ar\/principal\/wp-content\/uploads\/2023\/08\/image-2.png","wps_subtitle":"","jetpack_sharing_enabled":true,"_links":{"self":[{"href":"https:\/\/www.hoymercedes.com.ar\/principal\/wp-json\/wp\/v2\/posts\/165273","targetHints":{"allow":["GET"]}}],"collection":[{"href":"https:\/\/www.hoymercedes.com.ar\/principal\/wp-json\/wp\/v2\/posts"}],"about":[{"href":"https:\/\/www.hoymercedes.com.ar\/principal\/wp-json\/wp\/v2\/types\/post"}],"author":[{"embeddable":true,"href":"https:\/\/www.hoymercedes.com.ar\/principal\/wp-json\/wp\/v2\/users\/1"}],"replies":[{"embeddable":true,"href":"https:\/\/www.hoymercedes.com.ar\/principal\/wp-json\/wp\/v2\/comments?post=165273"}],"version-history":[{"count":0,"href":"https:\/\/www.hoymercedes.com.ar\/principal\/wp-json\/wp\/v2\/posts\/165273\/revisions"}],"wp:featuredmedia":[{"embeddable":true,"href":"https:\/\/www.hoymercedes.com.ar\/principal\/wp-json\/wp\/v2\/media\/165274"}],"wp:attachment":[{"href":"https:\/\/www.hoymercedes.com.ar\/principal\/wp-json\/wp\/v2\/media?parent=165273"}],"wp:term":[{"taxonomy":"category","embeddable":true,"href":"https:\/\/www.hoymercedes.com.ar\/principal\/wp-json\/wp\/v2\/categories?post=165273"},{"taxonomy":"post_tag","embeddable":true,"href":"https:\/\/www.hoymercedes.com.ar\/principal\/wp-json\/wp\/v2\/tags?post=165273"}],"curies":[{"name":"wp","href":"https:\/\/api.w.org\/{rel}","templated":true}]}}