{"id":165291,"date":"2023-08-03T14:45:00","date_gmt":"2023-08-03T17:45:00","guid":{"rendered":"https:\/\/www.hoymercedes.com.ar\/principal\/?p=165291"},"modified":"2023-08-03T14:26:41","modified_gmt":"2023-08-03T17:26:41","slug":"barb-enheimer-en-el-cine-mercedes","status":"publish","type":"post","link":"https:\/\/www.hoymercedes.com.ar\/principal\/2023\/08\/03\/barb-enheimer-en-el-cine-mercedes\/","title":{"rendered":"Barb-enheimer en el Cine Mercedes"},"content":{"rendered":"\n<p>El Cine Mercedes proyectar\u00e1 los dos pel\u00edculas del a\u00f1o que supieron estrenarse en simult\u00e1neo y gener\u00f3 un fen\u00f3meno internacional conocido como \u00abBarbenheimer\u00bb. Del viernes 4 al martes 8 de agosto, podr\u00e1 verse \u00abBarbie\u00bb en el horario de la tarde, mientras que en la funci\u00f3n de la noche se proyecta \u00abOppenheimer\u00bb. <\/p>\n\n\n<div class=\"wp-block-image\">\n<figure class=\"aligncenter size-full\"><img loading=\"lazy\" decoding=\"async\" width=\"616\" height=\"800\" data-attachment-id=\"165293\" data-permalink=\"https:\/\/www.hoymercedes.com.ar\/principal\/2023\/08\/03\/barb-enheimer-en-el-cine-mercedes\/gacetilla-cine-mercedes-42-2\/#main\" data-orig-file=\"https:\/\/www.hoymercedes.com.ar\/principal\/wp-content\/uploads\/2023\/08\/Gacetilla-Cine-Mercedes-42.jpg\" data-orig-size=\"616,800\" data-comments-opened=\"0\" data-image-meta=\"{&quot;aperture&quot;:&quot;0&quot;,&quot;credit&quot;:&quot;&quot;,&quot;camera&quot;:&quot;&quot;,&quot;caption&quot;:&quot;&quot;,&quot;created_timestamp&quot;:&quot;0&quot;,&quot;copyright&quot;:&quot;&quot;,&quot;focal_length&quot;:&quot;0&quot;,&quot;iso&quot;:&quot;0&quot;,&quot;shutter_speed&quot;:&quot;0&quot;,&quot;title&quot;:&quot;&quot;,&quot;orientation&quot;:&quot;1&quot;}\" data-image-title=\"Gacetilla Cine Mercedes (42)\" data-image-description=\"\" data-image-caption=\"\" data-large-file=\"https:\/\/www.hoymercedes.com.ar\/principal\/wp-content\/uploads\/2023\/08\/Gacetilla-Cine-Mercedes-42.jpg\" src=\"https:\/\/www.hoymercedes.com.ar\/principal\/wp-content\/uploads\/2023\/08\/Gacetilla-Cine-Mercedes-42.jpg\" alt=\"\" class=\"wp-image-165293\" srcset=\"https:\/\/www.hoymercedes.com.ar\/principal\/wp-content\/uploads\/2023\/08\/Gacetilla-Cine-Mercedes-42.jpg 616w, https:\/\/www.hoymercedes.com.ar\/principal\/wp-content\/uploads\/2023\/08\/Gacetilla-Cine-Mercedes-42-477x620.jpg 477w, https:\/\/www.hoymercedes.com.ar\/principal\/wp-content\/uploads\/2023\/08\/Gacetilla-Cine-Mercedes-42-116x150.jpg 116w\" sizes=\"auto, (max-width: 616px) 100vw, 616px\" \/><\/figure>\n<\/div>\n\n\n<p>Sinopsis \u00abBarbie\u00bb: Barbie (Margot Robbie) lleva una vida ideal en Barbieland, all\u00ed todo es perfecto, con chupi fiestas llenas de m\u00fasica y color, y todos los d\u00edas son el mejor d\u00eda. Claro que Barbie se hace algunas preguntas, cuestiones bastante inc\u00f3modas que no encajan con el mundo id\u00edlico en el que ella y las dem\u00e1s Barbies viven. Cuando Barbie se d\u00e9 cuenta de que es capaz de apoyar los talones en el suelo, y tener los pies planos, decidir\u00e1 calzarse unos zapatos sin tacones y viajar hasta el mundo real.<\/p>\n\n\n\n<p>Sinopsis \u00abOppenheimer\u00bb: En tiempos de guerra, el brillante f\u00edsico estadounidense Julius Robert Oppenheimer (Cillian Murphy), al frente del \u00abProyecto Manhattan\u00bb, lidera los ensayos nucleares para construir la bomba at\u00f3mica para su pa\u00eds. Impactado por su poder destructivo, Oppenheimer se cuestiona las consecuencias morales de su creaci\u00f3n. Desde entonces y el resto de su vida, se opondr\u00eda firmemente al uso de armas nucleares.<\/p>\n","protected":false},"excerpt":{"rendered":"<p>El Cine Mercedes proyectar\u00e1 los dos pel\u00edculas del a\u00f1o que supieron estrenarse en simult\u00e1neo y gener\u00f3 un fen\u00f3meno internacional conocido &#8230; <a title=\"Barb-enheimer en el Cine Mercedes\" class=\"read-more\" href=\"https:\/\/www.hoymercedes.com.ar\/principal\/2023\/08\/03\/barb-enheimer-en-el-cine-mercedes\/\" aria-label=\"Leer m\u00e1s sobre Barb-enheimer en el Cine Mercedes\">Leer m\u00e1s<\/a><\/p>\n","protected":false},"author":1,"featured_media":165292,"comment_status":"closed","ping_status":"open","sticky":false,"template":"","format":"standard","meta":{"_monsterinsights_skip_tracking":false,"_monsterinsights_sitenote_active":false,"_monsterinsights_sitenote_note":"","_monsterinsights_sitenote_category":0,"jetpack_post_was_ever_published":false,"_jetpack_newsletter_access":"","_jetpack_dont_email_post_to_subs":false,"_jetpack_newsletter_tier_id":0,"_jetpack_memberships_contains_paywalled_content":false,"_jetpack_memberships_contains_paid_content":false,"footnotes":"","jetpack_publicize_message":"","jetpack_publicize_feature_enabled":true,"jetpack_social_post_already_shared":true,"jetpack_social_options":{"image_generator_settings":{"template":"highway","default_image_id":0,"font":"","enabled":false},"version":2},"_wpas_customize_per_network":false},"categories":[104],"tags":[7805],"class_list":["post-165291","post","type-post","status-publish","format-standard","has-post-thumbnail","hentry","category-cultura","tag-cultura","generate-columns","tablet-grid-50","mobile-grid-100","grid-parent","grid-50"],"jetpack_publicize_connections":[],"jetpack_featured_media_url":"https:\/\/www.hoymercedes.com.ar\/principal\/wp-content\/uploads\/2023\/08\/Oppenheimer.jpg","wps_subtitle":"","jetpack_sharing_enabled":true,"_links":{"self":[{"href":"https:\/\/www.hoymercedes.com.ar\/principal\/wp-json\/wp\/v2\/posts\/165291","targetHints":{"allow":["GET"]}}],"collection":[{"href":"https:\/\/www.hoymercedes.com.ar\/principal\/wp-json\/wp\/v2\/posts"}],"about":[{"href":"https:\/\/www.hoymercedes.com.ar\/principal\/wp-json\/wp\/v2\/types\/post"}],"author":[{"embeddable":true,"href":"https:\/\/www.hoymercedes.com.ar\/principal\/wp-json\/wp\/v2\/users\/1"}],"replies":[{"embeddable":true,"href":"https:\/\/www.hoymercedes.com.ar\/principal\/wp-json\/wp\/v2\/comments?post=165291"}],"version-history":[{"count":0,"href":"https:\/\/www.hoymercedes.com.ar\/principal\/wp-json\/wp\/v2\/posts\/165291\/revisions"}],"wp:featuredmedia":[{"embeddable":true,"href":"https:\/\/www.hoymercedes.com.ar\/principal\/wp-json\/wp\/v2\/media\/165292"}],"wp:attachment":[{"href":"https:\/\/www.hoymercedes.com.ar\/principal\/wp-json\/wp\/v2\/media?parent=165291"}],"wp:term":[{"taxonomy":"category","embeddable":true,"href":"https:\/\/www.hoymercedes.com.ar\/principal\/wp-json\/wp\/v2\/categories?post=165291"},{"taxonomy":"post_tag","embeddable":true,"href":"https:\/\/www.hoymercedes.com.ar\/principal\/wp-json\/wp\/v2\/tags?post=165291"}],"curies":[{"name":"wp","href":"https:\/\/api.w.org\/{rel}","templated":true}]}}