{"id":165355,"date":"2023-08-05T19:00:00","date_gmt":"2023-08-05T22:00:00","guid":{"rendered":"https:\/\/www.hoymercedes.com.ar\/principal\/?p=165355"},"modified":"2023-08-05T19:40:47","modified_gmt":"2023-08-05T22:40:47","slug":"adultos-mayores-lleno-la-trocha-de-alegria-y-encuentro-de-amistad","status":"publish","type":"post","link":"https:\/\/www.hoymercedes.com.ar\/principal\/2023\/08\/05\/adultos-mayores-lleno-la-trocha-de-alegria-y-encuentro-de-amistad\/","title":{"rendered":"Adultos Mayores llen\u00f3 La Trocha de alegr\u00eda y encuentro de amistad"},"content":{"rendered":"\n<figure class=\"wp-block-image size-large\"><img loading=\"lazy\" decoding=\"async\" width=\"1024\" height=\"682\" data-attachment-id=\"165356\" data-permalink=\"https:\/\/www.hoymercedes.com.ar\/principal\/2023\/08\/05\/adultos-mayores-lleno-la-trocha-de-alegria-y-encuentro-de-amistad\/dsc_0142\/#main\" data-orig-file=\"https:\/\/www.hoymercedes.com.ar\/principal\/wp-content\/uploads\/2023\/08\/DSC_0142.jpg\" data-orig-size=\"1319,879\" data-comments-opened=\"0\" data-image-meta=\"{&quot;aperture&quot;:&quot;0&quot;,&quot;credit&quot;:&quot;&quot;,&quot;camera&quot;:&quot;&quot;,&quot;caption&quot;:&quot;&quot;,&quot;created_timestamp&quot;:&quot;0&quot;,&quot;copyright&quot;:&quot;&quot;,&quot;focal_length&quot;:&quot;0&quot;,&quot;iso&quot;:&quot;0&quot;,&quot;shutter_speed&quot;:&quot;0&quot;,&quot;title&quot;:&quot;&quot;,&quot;orientation&quot;:&quot;0&quot;}\" data-image-title=\"DSC_0142\" data-image-description=\"\" data-image-caption=\"\" data-large-file=\"https:\/\/www.hoymercedes.com.ar\/principal\/wp-content\/uploads\/2023\/08\/DSC_0142-1024x682.jpg\" src=\"https:\/\/www.hoymercedes.com.ar\/principal\/wp-content\/uploads\/2023\/08\/DSC_0142-1024x682.jpg\" alt=\"\" class=\"wp-image-165356\" srcset=\"https:\/\/www.hoymercedes.com.ar\/principal\/wp-content\/uploads\/2023\/08\/DSC_0142-1024x682.jpg 1024w, https:\/\/www.hoymercedes.com.ar\/principal\/wp-content\/uploads\/2023\/08\/DSC_0142-630x420.jpg 630w, https:\/\/www.hoymercedes.com.ar\/principal\/wp-content\/uploads\/2023\/08\/DSC_0142-150x100.jpg 150w, https:\/\/www.hoymercedes.com.ar\/principal\/wp-content\/uploads\/2023\/08\/DSC_0142-700x465.jpg 700w, https:\/\/www.hoymercedes.com.ar\/principal\/wp-content\/uploads\/2023\/08\/DSC_0142.jpg 1319w\" sizes=\"auto, (max-width: 1024px) 100vw, 1024px\" \/><\/figure>\n\n\n\n<p>Un gran encuentro se vivi\u00f3 en La Trocha promovido por Adultos Mayores Municipal y PAMI. La camarader\u00eda, el encuentro y la amistad fueron el eje para disfrutar de una tarde de m\u00fasica y baile. El lleno fue total y el intendente Juani Ustarroz agradeci\u00f3 \u201ca cada una y uno de ustedes por este hermoso encuentro de amistad\u201d.<\/p>\n\n\n\n<p>La actividad inici\u00f3 a la ma\u00f1ana con m\u00faltiples propuestas y un almuerzo de familiaridad desde el mediod\u00eda. En La Trocha las instalaciones fueron colmadas.<\/p>\n\n\n\n<p>Hubo tambi\u00e9n varias presentaciones art\u00edsticas, con ballets, salsa, m\u00fasica tropical y folklore, en un abanico solidario para que las y los vecinos disfruten de los artistas locales.<\/p>\n\n\n\n<figure class=\"wp-block-image size-large\"><img loading=\"lazy\" decoding=\"async\" width=\"1024\" height=\"682\" data-attachment-id=\"165357\" data-permalink=\"https:\/\/www.hoymercedes.com.ar\/principal\/2023\/08\/05\/adultos-mayores-lleno-la-trocha-de-alegria-y-encuentro-de-amistad\/dsc_0183-2\/#main\" data-orig-file=\"https:\/\/www.hoymercedes.com.ar\/principal\/wp-content\/uploads\/2023\/08\/DSC_0183.jpg\" data-orig-size=\"1319,879\" data-comments-opened=\"0\" data-image-meta=\"{&quot;aperture&quot;:&quot;0&quot;,&quot;credit&quot;:&quot;&quot;,&quot;camera&quot;:&quot;&quot;,&quot;caption&quot;:&quot;&quot;,&quot;created_timestamp&quot;:&quot;0&quot;,&quot;copyright&quot;:&quot;&quot;,&quot;focal_length&quot;:&quot;0&quot;,&quot;iso&quot;:&quot;0&quot;,&quot;shutter_speed&quot;:&quot;0&quot;,&quot;title&quot;:&quot;&quot;,&quot;orientation&quot;:&quot;0&quot;}\" data-image-title=\"DSC_0183\" data-image-description=\"\" data-image-caption=\"\" data-large-file=\"https:\/\/www.hoymercedes.com.ar\/principal\/wp-content\/uploads\/2023\/08\/DSC_0183-1024x682.jpg\" src=\"https:\/\/www.hoymercedes.com.ar\/principal\/wp-content\/uploads\/2023\/08\/DSC_0183-1024x682.jpg\" alt=\"\" class=\"wp-image-165357\" srcset=\"https:\/\/www.hoymercedes.com.ar\/principal\/wp-content\/uploads\/2023\/08\/DSC_0183-1024x682.jpg 1024w, https:\/\/www.hoymercedes.com.ar\/principal\/wp-content\/uploads\/2023\/08\/DSC_0183-630x420.jpg 630w, https:\/\/www.hoymercedes.com.ar\/principal\/wp-content\/uploads\/2023\/08\/DSC_0183-150x100.jpg 150w, https:\/\/www.hoymercedes.com.ar\/principal\/wp-content\/uploads\/2023\/08\/DSC_0183-700x465.jpg 700w, https:\/\/www.hoymercedes.com.ar\/principal\/wp-content\/uploads\/2023\/08\/DSC_0183.jpg 1319w\" sizes=\"auto, (max-width: 1024px) 100vw, 1024px\" \/><\/figure>\n\n\n\n<p><strong>Victoria Odel<\/strong>, directora de adultos mayores, record\u00f3 que \u201ctodo el a\u00f1o trabajamos por estos y otros encuentros, pero tambi\u00e9n nos cuidamos, por eso jerarquizamos el Hogar Villa Abrille, apoyamos al Ulises D\u00b4Andrea, creamos el primer Centro de Atenci\u00f3n a la Salud exclusivo, construimos el Centro de Entrenamiento en Cilla del Parque, el espacio modelo Villa Juanita, apoyamos a todos los centros de jubilados y especialmente nos encontramos constantemente, porque es fundamental\u201d coment\u00f3 entre otros conceptos.<\/p>\n\n\n\n<p>El intendente <strong>Juani Ustarroz<\/strong> agradeci\u00f3 la confianza y el apoyo constante a las acciones municipales y remarc\u00f3 que \u201cuna sociedad donde los adultos mayores y la ni\u00f1ez son una prioridad es una sociedad donde vale la pena vivir y en Mercedes eso sucede, con Mil D\u00edas, Mercedes Aprende Unida, ProEBa, Estaci\u00f3n Juego y tantos dispositivos creados para el bienestar de nuestro pueblo\u201d destac\u00f3 entre otras expresiones.<\/p>\n\n\n\n<p>La gran fiesta que cont\u00f3 con una multitud termin\u00f3 entrada la tarde con un baile que oblig\u00f3 a mover las mesas y tablones para hacer lugar a una pista repleta de energ\u00eda y alegr\u00eda.<\/p>\n","protected":false},"excerpt":{"rendered":"<p>Un gran encuentro se vivi\u00f3 en La Trocha promovido por Adultos Mayores Municipal y PAMI. La camarader\u00eda, el encuentro y &#8230; <a title=\"Adultos Mayores llen\u00f3 La Trocha de alegr\u00eda y encuentro de amistad\" class=\"read-more\" href=\"https:\/\/www.hoymercedes.com.ar\/principal\/2023\/08\/05\/adultos-mayores-lleno-la-trocha-de-alegria-y-encuentro-de-amistad\/\" aria-label=\"Leer m\u00e1s sobre Adultos Mayores llen\u00f3 La Trocha de alegr\u00eda y encuentro de amistad\">Leer m\u00e1s<\/a><\/p>\n","protected":false},"author":1,"featured_media":165356,"comment_status":"closed","ping_status":"open","sticky":false,"template":"","format":"standard","meta":{"_monsterinsights_skip_tracking":false,"_monsterinsights_sitenote_active":false,"_monsterinsights_sitenote_note":"","_monsterinsights_sitenote_category":0,"jetpack_post_was_ever_published":false,"_jetpack_newsletter_access":"","_jetpack_dont_email_post_to_subs":false,"_jetpack_newsletter_tier_id":0,"_jetpack_memberships_contains_paywalled_content":false,"_jetpack_memberships_contains_paid_content":false,"footnotes":"","jetpack_publicize_message":"","jetpack_publicize_feature_enabled":true,"jetpack_social_post_already_shared":false,"jetpack_social_options":{"image_generator_settings":{"template":"highway","default_image_id":0,"font":"","enabled":false},"version":2},"_wpas_customize_per_network":false},"categories":[8],"tags":[18815,424,10341],"class_list":["post-165355","post","type-post","status-publish","format-standard","has-post-thumbnail","hentry","category-sociedad","tag-adultos-mayores-mercedes","tag-ustarroz","tag-victoria-odel","generate-columns","tablet-grid-50","mobile-grid-100","grid-parent","grid-50"],"jetpack_publicize_connections":[],"jetpack_featured_media_url":"https:\/\/www.hoymercedes.com.ar\/principal\/wp-content\/uploads\/2023\/08\/DSC_0142.jpg","wps_subtitle":"Encuentro de bienestar","jetpack_sharing_enabled":true,"_links":{"self":[{"href":"https:\/\/www.hoymercedes.com.ar\/principal\/wp-json\/wp\/v2\/posts\/165355","targetHints":{"allow":["GET"]}}],"collection":[{"href":"https:\/\/www.hoymercedes.com.ar\/principal\/wp-json\/wp\/v2\/posts"}],"about":[{"href":"https:\/\/www.hoymercedes.com.ar\/principal\/wp-json\/wp\/v2\/types\/post"}],"author":[{"embeddable":true,"href":"https:\/\/www.hoymercedes.com.ar\/principal\/wp-json\/wp\/v2\/users\/1"}],"replies":[{"embeddable":true,"href":"https:\/\/www.hoymercedes.com.ar\/principal\/wp-json\/wp\/v2\/comments?post=165355"}],"version-history":[{"count":0,"href":"https:\/\/www.hoymercedes.com.ar\/principal\/wp-json\/wp\/v2\/posts\/165355\/revisions"}],"wp:featuredmedia":[{"embeddable":true,"href":"https:\/\/www.hoymercedes.com.ar\/principal\/wp-json\/wp\/v2\/media\/165356"}],"wp:attachment":[{"href":"https:\/\/www.hoymercedes.com.ar\/principal\/wp-json\/wp\/v2\/media?parent=165355"}],"wp:term":[{"taxonomy":"category","embeddable":true,"href":"https:\/\/www.hoymercedes.com.ar\/principal\/wp-json\/wp\/v2\/categories?post=165355"},{"taxonomy":"post_tag","embeddable":true,"href":"https:\/\/www.hoymercedes.com.ar\/principal\/wp-json\/wp\/v2\/tags?post=165355"}],"curies":[{"name":"wp","href":"https:\/\/api.w.org\/{rel}","templated":true}]}}