{"id":165516,"date":"2023-08-09T09:40:56","date_gmt":"2023-08-09T12:40:56","guid":{"rendered":"https:\/\/www.hoymercedes.com.ar\/principal\/?p=165516"},"modified":"2023-08-09T09:40:59","modified_gmt":"2023-08-09T12:40:59","slug":"mercedes-rumbo-a-la-final-provincial-de-beach-handball","status":"publish","type":"post","link":"https:\/\/www.hoymercedes.com.ar\/principal\/2023\/08\/09\/mercedes-rumbo-a-la-final-provincial-de-beach-handball\/","title":{"rendered":"Mercedes rumbo a la final provincial de beach handball"},"content":{"rendered":"\n<p>La Escuela Municipal de Handball de Mercedes clasific\u00f3 a la Final Provincial de los Juegos Bonaerenses de Beach Handball en sus categor\u00edas sub 16 damas  y sub 18 caballeros. <\/p>\n\n\n\n<figure class=\"wp-block-image size-full\"><img loading=\"lazy\" decoding=\"async\" width=\"800\" height=\"800\" data-attachment-id=\"165517\" data-permalink=\"https:\/\/www.hoymercedes.com.ar\/principal\/2023\/08\/09\/mercedes-rumbo-a-la-final-provincial-de-beach-handball\/fb_img_1691584510969_copy_800x800\/#main\" data-orig-file=\"https:\/\/www.hoymercedes.com.ar\/principal\/wp-content\/uploads\/2023\/08\/FB_IMG_1691584510969_copy_800x800.jpg\" data-orig-size=\"800,800\" data-comments-opened=\"0\" data-image-meta=\"{&quot;aperture&quot;:&quot;0&quot;,&quot;credit&quot;:&quot;&quot;,&quot;camera&quot;:&quot;&quot;,&quot;caption&quot;:&quot;&quot;,&quot;created_timestamp&quot;:&quot;0&quot;,&quot;copyright&quot;:&quot;&quot;,&quot;focal_length&quot;:&quot;0&quot;,&quot;iso&quot;:&quot;0&quot;,&quot;shutter_speed&quot;:&quot;0&quot;,&quot;title&quot;:&quot;&quot;,&quot;orientation&quot;:&quot;0&quot;}\" data-image-title=\"FB_IMG_1691584510969_copy_800x800\" data-image-description=\"\" data-image-caption=\"\" data-large-file=\"https:\/\/www.hoymercedes.com.ar\/principal\/wp-content\/uploads\/2023\/08\/FB_IMG_1691584510969_copy_800x800.jpg\" src=\"https:\/\/www.hoymercedes.com.ar\/principal\/wp-content\/uploads\/2023\/08\/FB_IMG_1691584510969_copy_800x800.jpg\" alt=\"\" class=\"wp-image-165517\" srcset=\"https:\/\/www.hoymercedes.com.ar\/principal\/wp-content\/uploads\/2023\/08\/FB_IMG_1691584510969_copy_800x800.jpg 800w, https:\/\/www.hoymercedes.com.ar\/principal\/wp-content\/uploads\/2023\/08\/FB_IMG_1691584510969_copy_800x800-620x620.jpg 620w, https:\/\/www.hoymercedes.com.ar\/principal\/wp-content\/uploads\/2023\/08\/FB_IMG_1691584510969_copy_800x800-150x150.jpg 150w\" sizes=\"auto, (max-width: 800px) 100vw, 800px\" \/><\/figure>\n\n\n\n<p>Durante el martes, se disput\u00f3 en el predio del Ce.Mu.A.D.R.A. la etapa regional de los Juegos Deportivos Bonaerenses en la modalidad de Beach Handball de las categor\u00edas Sub 16 y Sub 18.<\/p>\n\n\n\n<p>En la competencia estuvieron presentes equipos de las ciudades de Chivilcoy, San Andr\u00e9s de Giles, San Antonio de Areco, Suipacha. Nuestra ciudad estuvo representada por los equipos de la Escuela Municipal de Handball, obteniendo la clasificaci\u00f3n a la final provincial los equipos de las categor\u00edas Sub 18 masculina y Sub 16 femenina <\/p>\n\n\n\n<p>El primer equipo en ingresar al rect\u00e1ngulo de arena, fue el equipo Sub 18 masculino, que debi\u00f3 disputar tres encuentros durante la jornada para poder obtener su clasificaci\u00f3n a la final provincial.  En su partido presentaci\u00f3n el equipo Mercedino venci\u00f3 a su par de San Antonio de Areco, al que supero claramente por 2 set a 0 (15-4 y 9-8).<\/p>\n\n\n\n<p>Luego, lleg\u00f3 el momento de disputar una dif\u00edcil semifinal ante el representativo de Chivilcoy, dividiendo puntos en ambos sets reglamentarios (17-10 y 9-11), debiendo definir el juego a trav\u00e9s de los shut outs, en donde se impusieron por 4 a 3, qued\u00e1ndose con el resultado final por 2 sets a 1. En el partido final, el equipo de la Escuela Municipal de Handball, debi\u00f3 superar al conjunto de Suipacha, ganando muy f\u00e1cil el primer set por 20 a 8, pero cayendo en el segundo set por 10 a 12. Nuevamente en la definici\u00f3n de los shut outs el equipo local se impuso, en esta ocasi\u00f3n fue por 4 a 2. <\/p>\n\n\n\n<p>El equipo Mercedino estuvo integrado por Costas, Bondanza, De Antoni, Espindola, Ponce, Tulian y RossiEn la rama femenina, el equipo Sub 16 de la Escuela Municipal de Handball comenz\u00f3 su competencia enfrentando al equipo de San Antonio de Areco, ganando f\u00e1cilmente por 2 sets a 0 (14-6 y 11-6). Con este resultado a favor, accedieron a jugar la final de la etapa ante el conjunto de Chivilcoy, al que venci\u00f3 tambi\u00e9n por 2 sets a 0 (8-7 y 12-7)<\/p>\n\n\n\n<p>De esta manera, el equipo integrado por Balcaza, Bidarth, Castillo, Dinova, Hardoy, Losauro, Lucero y Scoty, obtuvo la clasificaci\u00f3n a la final provincial de Mar del Plata. Mientras que el equipo de sub 16 masculino y sub 18 femenino, no lograron su clasificaci\u00f3n cayendo ajustadamente ante Chivilcoy por 1 a 2 (13-14 y 15-11; definici\u00f3n de shut outs 6-7) y  Suipacha por 2 set a 0 (2-21 y 5-10) respectivamente. <\/p>\n\n\n\n<p>Fuente Prensa LIMEBA <\/p>\n","protected":false},"excerpt":{"rendered":"<p>La Escuela Municipal de Handball de Mercedes clasific\u00f3 a la Final Provincial de los Juegos Bonaerenses de Beach Handball en &#8230; <a title=\"Mercedes rumbo a la final provincial de beach handball\" class=\"read-more\" href=\"https:\/\/www.hoymercedes.com.ar\/principal\/2023\/08\/09\/mercedes-rumbo-a-la-final-provincial-de-beach-handball\/\" aria-label=\"Leer m\u00e1s sobre Mercedes rumbo a la final provincial de beach handball\">Leer m\u00e1s<\/a><\/p>\n","protected":false},"author":1,"featured_media":165517,"comment_status":"closed","ping_status":"open","sticky":false,"template":"","format":"standard","meta":{"_monsterinsights_skip_tracking":false,"_monsterinsights_sitenote_active":false,"_monsterinsights_sitenote_note":"","_monsterinsights_sitenote_category":0,"jetpack_post_was_ever_published":false,"_jetpack_newsletter_access":"","_jetpack_dont_email_post_to_subs":false,"_jetpack_newsletter_tier_id":0,"_jetpack_memberships_contains_paywalled_content":false,"_jetpack_memberships_contains_paid_content":false,"footnotes":"","jetpack_publicize_message":"","jetpack_publicize_feature_enabled":true,"jetpack_social_post_already_shared":true,"jetpack_social_options":{"image_generator_settings":{"template":"highway","default_image_id":0,"font":"","enabled":false},"version":2},"_wpas_customize_per_network":false},"categories":[8],"tags":[204],"class_list":["post-165516","post","type-post","status-publish","format-standard","has-post-thumbnail","hentry","category-sociedad","tag-deportes-2","generate-columns","tablet-grid-50","mobile-grid-100","grid-parent","grid-50"],"jetpack_publicize_connections":[],"jetpack_featured_media_url":"https:\/\/www.hoymercedes.com.ar\/principal\/wp-content\/uploads\/2023\/08\/FB_IMG_1691584510969_copy_800x800.jpg","wps_subtitle":"","jetpack_sharing_enabled":true,"_links":{"self":[{"href":"https:\/\/www.hoymercedes.com.ar\/principal\/wp-json\/wp\/v2\/posts\/165516","targetHints":{"allow":["GET"]}}],"collection":[{"href":"https:\/\/www.hoymercedes.com.ar\/principal\/wp-json\/wp\/v2\/posts"}],"about":[{"href":"https:\/\/www.hoymercedes.com.ar\/principal\/wp-json\/wp\/v2\/types\/post"}],"author":[{"embeddable":true,"href":"https:\/\/www.hoymercedes.com.ar\/principal\/wp-json\/wp\/v2\/users\/1"}],"replies":[{"embeddable":true,"href":"https:\/\/www.hoymercedes.com.ar\/principal\/wp-json\/wp\/v2\/comments?post=165516"}],"version-history":[{"count":0,"href":"https:\/\/www.hoymercedes.com.ar\/principal\/wp-json\/wp\/v2\/posts\/165516\/revisions"}],"wp:featuredmedia":[{"embeddable":true,"href":"https:\/\/www.hoymercedes.com.ar\/principal\/wp-json\/wp\/v2\/media\/165517"}],"wp:attachment":[{"href":"https:\/\/www.hoymercedes.com.ar\/principal\/wp-json\/wp\/v2\/media?parent=165516"}],"wp:term":[{"taxonomy":"category","embeddable":true,"href":"https:\/\/www.hoymercedes.com.ar\/principal\/wp-json\/wp\/v2\/categories?post=165516"},{"taxonomy":"post_tag","embeddable":true,"href":"https:\/\/www.hoymercedes.com.ar\/principal\/wp-json\/wp\/v2\/tags?post=165516"}],"curies":[{"name":"wp","href":"https:\/\/api.w.org\/{rel}","templated":true}]}}