{"id":165537,"date":"2023-08-10T13:58:00","date_gmt":"2023-08-10T16:58:00","guid":{"rendered":"https:\/\/www.hoymercedes.com.ar\/principal\/?p=165537"},"modified":"2023-08-10T16:13:54","modified_gmt":"2023-08-10T19:13:54","slug":"cartelera-de-teatro-en-el-talia","status":"publish","type":"post","link":"https:\/\/www.hoymercedes.com.ar\/principal\/2023\/08\/10\/cartelera-de-teatro-en-el-talia\/","title":{"rendered":"Cartelera de Teatro en el Tal\u00eda"},"content":{"rendered":"\n<p>Dos obras teatrales se presentar\u00e1n estos d\u00edas en la sala del Teatro Tal\u00eda en calle 20 casi 31. Ambas obras son dirigidas por Jos\u00e9 Iturrat que presentar la vuelva de \u00abCacho, el 48\u00bb para el viernes 11 y \u00abUn ramo de flores podrido y maloliente\u00bb el s\u00e1bado 12. <\/p>\n\n\n\n<p>Con Patricia Salvo, Pablo Rodr\u00edguez Silvia Viani, Agustina Serra y Gabriel Alfonsin en el elenco, la obra cuenta la historia de Cacho, un perdedor. Un d\u00eda tiene un accidente y&#8230;  \u00abQu\u00e9 pasa m\u00e1s all\u00e1 del m\u00e1s all\u00e1?\u00bb. Con humor absurdo, emoci\u00f3n profunda para contar la vida de un sujeto que est\u00e1 mas cerca del arpa que de la guitarra.<\/p>\n\n\n\n<p>En tanto,  \u00abUn ramo de flores podrido y maloliente\u00bb \u00abes lo incorrecto devenido en hecho teatral. Todos los t\u00f3picos sociales, humanos y de toda \u00edndole tienen lugar en la propuesta. Entonces, \u00bfqu\u00e9 hace la gente ante tanta desmesura? R\u00ede de principio a fin como si se tratara -se trata- de una catarsis.\u00bb<\/p>\n\n\n\n<p>Entradas en venta en el Teatro de lunes a viernes de de 18 a 20 hs. Reservas 2324-641621<\/p>\n\n\n<div class=\"wp-block-image\">\n<figure class=\"aligncenter size-full\"><img loading=\"lazy\" decoding=\"async\" width=\"899\" height=\"599\" data-attachment-id=\"165538\" data-permalink=\"https:\/\/www.hoymercedes.com.ar\/principal\/2023\/08\/10\/cartelera-de-teatro-en-el-talia\/image-10-8\/#main\" data-orig-file=\"https:\/\/www.hoymercedes.com.ar\/principal\/wp-content\/uploads\/2023\/08\/image-10.png\" data-orig-size=\"899,599\" data-comments-opened=\"0\" data-image-meta=\"{&quot;aperture&quot;:&quot;0&quot;,&quot;credit&quot;:&quot;&quot;,&quot;camera&quot;:&quot;&quot;,&quot;caption&quot;:&quot;&quot;,&quot;created_timestamp&quot;:&quot;0&quot;,&quot;copyright&quot;:&quot;&quot;,&quot;focal_length&quot;:&quot;0&quot;,&quot;iso&quot;:&quot;0&quot;,&quot;shutter_speed&quot;:&quot;0&quot;,&quot;title&quot;:&quot;&quot;,&quot;orientation&quot;:&quot;0&quot;}\" data-image-title=\"image-10\" data-image-description=\"\" data-image-caption=\"\" data-large-file=\"https:\/\/www.hoymercedes.com.ar\/principal\/wp-content\/uploads\/2023\/08\/image-10.png\" src=\"https:\/\/www.hoymercedes.com.ar\/principal\/wp-content\/uploads\/2023\/08\/image-10.png\" alt=\"\" class=\"wp-image-165538\" srcset=\"https:\/\/www.hoymercedes.com.ar\/principal\/wp-content\/uploads\/2023\/08\/image-10.png 899w, https:\/\/www.hoymercedes.com.ar\/principal\/wp-content\/uploads\/2023\/08\/image-10-630x420.png 630w, https:\/\/www.hoymercedes.com.ar\/principal\/wp-content\/uploads\/2023\/08\/image-10-150x100.png 150w, https:\/\/www.hoymercedes.com.ar\/principal\/wp-content\/uploads\/2023\/08\/image-10-700x465.png 700w\" sizes=\"auto, (max-width: 899px) 100vw, 899px\" \/><\/figure>\n<\/div>","protected":false},"excerpt":{"rendered":"<p>Dos obras teatrales se presentar\u00e1n estos d\u00edas en la sala del Teatro Tal\u00eda en calle 20 casi 31. Ambas obras &#8230; <a title=\"Cartelera de Teatro en el Tal\u00eda\" class=\"read-more\" href=\"https:\/\/www.hoymercedes.com.ar\/principal\/2023\/08\/10\/cartelera-de-teatro-en-el-talia\/\" aria-label=\"Leer m\u00e1s sobre Cartelera de Teatro en el Tal\u00eda\">Leer m\u00e1s<\/a><\/p>\n","protected":false},"author":1,"featured_media":165538,"comment_status":"closed","ping_status":"open","sticky":false,"template":"","format":"standard","meta":{"_monsterinsights_skip_tracking":false,"_monsterinsights_sitenote_active":false,"_monsterinsights_sitenote_note":"","_monsterinsights_sitenote_category":0,"jetpack_post_was_ever_published":false,"_jetpack_newsletter_access":"","_jetpack_dont_email_post_to_subs":false,"_jetpack_newsletter_tier_id":0,"_jetpack_memberships_contains_paywalled_content":false,"_jetpack_memberships_contains_paid_content":false,"footnotes":"","jetpack_publicize_message":"","jetpack_publicize_feature_enabled":true,"jetpack_social_post_already_shared":true,"jetpack_social_options":{"image_generator_settings":{"template":"highway","default_image_id":0,"font":"","enabled":false},"version":2},"_wpas_customize_per_network":false},"categories":[104],"tags":[7805],"class_list":["post-165537","post","type-post","status-publish","format-standard","has-post-thumbnail","hentry","category-cultura","tag-cultura","generate-columns","tablet-grid-50","mobile-grid-100","grid-parent","grid-50"],"jetpack_publicize_connections":[],"jetpack_featured_media_url":"https:\/\/www.hoymercedes.com.ar\/principal\/wp-content\/uploads\/2023\/08\/image-10.png","wps_subtitle":"","jetpack_sharing_enabled":true,"_links":{"self":[{"href":"https:\/\/www.hoymercedes.com.ar\/principal\/wp-json\/wp\/v2\/posts\/165537","targetHints":{"allow":["GET"]}}],"collection":[{"href":"https:\/\/www.hoymercedes.com.ar\/principal\/wp-json\/wp\/v2\/posts"}],"about":[{"href":"https:\/\/www.hoymercedes.com.ar\/principal\/wp-json\/wp\/v2\/types\/post"}],"author":[{"embeddable":true,"href":"https:\/\/www.hoymercedes.com.ar\/principal\/wp-json\/wp\/v2\/users\/1"}],"replies":[{"embeddable":true,"href":"https:\/\/www.hoymercedes.com.ar\/principal\/wp-json\/wp\/v2\/comments?post=165537"}],"version-history":[{"count":0,"href":"https:\/\/www.hoymercedes.com.ar\/principal\/wp-json\/wp\/v2\/posts\/165537\/revisions"}],"wp:featuredmedia":[{"embeddable":true,"href":"https:\/\/www.hoymercedes.com.ar\/principal\/wp-json\/wp\/v2\/media\/165538"}],"wp:attachment":[{"href":"https:\/\/www.hoymercedes.com.ar\/principal\/wp-json\/wp\/v2\/media?parent=165537"}],"wp:term":[{"taxonomy":"category","embeddable":true,"href":"https:\/\/www.hoymercedes.com.ar\/principal\/wp-json\/wp\/v2\/categories?post=165537"},{"taxonomy":"post_tag","embeddable":true,"href":"https:\/\/www.hoymercedes.com.ar\/principal\/wp-json\/wp\/v2\/tags?post=165537"}],"curies":[{"name":"wp","href":"https:\/\/api.w.org\/{rel}","templated":true}]}}