{"id":165541,"date":"2023-08-10T17:21:40","date_gmt":"2023-08-10T20:21:40","guid":{"rendered":"https:\/\/www.hoymercedes.com.ar\/principal\/?p=165541"},"modified":"2023-08-10T18:16:43","modified_gmt":"2023-08-10T21:16:43","slug":"cine-mercedes-proyecta-oppenheimer-y-megalodon","status":"publish","type":"post","link":"https:\/\/www.hoymercedes.com.ar\/principal\/2023\/08\/10\/cine-mercedes-proyecta-oppenheimer-y-megalodon\/","title":{"rendered":"Cine Mercedes proyecta Oppenheimer y Megalod\u00f3n"},"content":{"rendered":"\n<p>Desde el viernes 11 al martes 15 de agosto, el Cine Mercedes presentar\u00e1 dos pel\u00edculas aclamadas por el p\u00fablico.  Llega como estreno la segunda parte de Megalod\u00f3n en las funciones de las 17:15; mientras que contin\u00faa una semana m\u00e1s la biopic Oppenheimer en la funci\u00f3n de la hora 20. <\/p>\n\n\n<div class=\"wp-block-image\">\n<figure class=\"aligncenter size-full\"><img loading=\"lazy\" decoding=\"async\" width=\"646\" height=\"800\" data-attachment-id=\"165543\" data-permalink=\"https:\/\/www.hoymercedes.com.ar\/principal\/2023\/08\/10\/cine-mercedes-proyecta-oppenheimer-y-megalodon\/gacetilla-cine-mercedes-43-2\/#main\" data-orig-file=\"https:\/\/www.hoymercedes.com.ar\/principal\/wp-content\/uploads\/2023\/08\/Gacetilla-Cine-Mercedes-43.jpg\" data-orig-size=\"646,800\" data-comments-opened=\"0\" data-image-meta=\"{&quot;aperture&quot;:&quot;0&quot;,&quot;credit&quot;:&quot;&quot;,&quot;camera&quot;:&quot;&quot;,&quot;caption&quot;:&quot;&quot;,&quot;created_timestamp&quot;:&quot;0&quot;,&quot;copyright&quot;:&quot;&quot;,&quot;focal_length&quot;:&quot;0&quot;,&quot;iso&quot;:&quot;0&quot;,&quot;shutter_speed&quot;:&quot;0&quot;,&quot;title&quot;:&quot;&quot;,&quot;orientation&quot;:&quot;1&quot;}\" data-image-title=\"Gacetilla Cine Mercedes (43)\" data-image-description=\"\" data-image-caption=\"\" data-large-file=\"https:\/\/www.hoymercedes.com.ar\/principal\/wp-content\/uploads\/2023\/08\/Gacetilla-Cine-Mercedes-43.jpg\" src=\"https:\/\/www.hoymercedes.com.ar\/principal\/wp-content\/uploads\/2023\/08\/Gacetilla-Cine-Mercedes-43.jpg\" alt=\"\" class=\"wp-image-165543\" srcset=\"https:\/\/www.hoymercedes.com.ar\/principal\/wp-content\/uploads\/2023\/08\/Gacetilla-Cine-Mercedes-43.jpg 646w, https:\/\/www.hoymercedes.com.ar\/principal\/wp-content\/uploads\/2023\/08\/Gacetilla-Cine-Mercedes-43-501x620.jpg 501w, https:\/\/www.hoymercedes.com.ar\/principal\/wp-content\/uploads\/2023\/08\/Gacetilla-Cine-Mercedes-43-121x150.jpg 121w\" sizes=\"auto, (max-width: 646px) 100vw, 646px\" \/><\/figure>\n<\/div>\n\n\n<p>Sinopsis \u00abMegalod\u00f3n 2\u00bb: Un equipo de investigaci\u00f3n inicia una misi\u00f3n que va a explorar las profundidades m\u00e1s abismales del mar. Pero su viaje se convierte en caos cuando un mal\u00e9volo operativo minero amenaza su misi\u00f3n y los obliga a librar una batalla de alto riesgo por la supervivencia. Enfrentados a colosales Megalodones y a implacables saqueadores medioambientales, nuestros h\u00e9roes deben correr m\u00e1s r\u00e1pido, ser m\u00e1s astutos y nadar a mayor velocidad que sus despiadados depredadores en una trepidante carrera contra el tiempo.\u00a0<\/p>\n\n\n\n<p>Sinopsis \u00abOppenheimer\u00bb. En tiempos de guerra, el brillante f\u00edsico estadounidense Julius Robert Oppenheimer (Cillian Murphy), al frente del \u00abProyecto Manhattan\u00bb, lidera los ensayos nucleares para construir la bomba at\u00f3mica para su pa\u00eds. Impactado por su poder destructivo, Oppenheimer se cuestiona las consecuencias morales de su creaci\u00f3n. Desde entonces y el resto de su vida, se opondr\u00eda firmemente al uso de armas nucleares<\/p>\n","protected":false},"excerpt":{"rendered":"<p>Desde el viernes 11 al martes 15 de agosto, el Cine Mercedes presentar\u00e1 dos pel\u00edculas aclamadas por el p\u00fablico. Llega &#8230; <a title=\"Cine Mercedes proyecta Oppenheimer y Megalod\u00f3n\" class=\"read-more\" href=\"https:\/\/www.hoymercedes.com.ar\/principal\/2023\/08\/10\/cine-mercedes-proyecta-oppenheimer-y-megalodon\/\" aria-label=\"Leer m\u00e1s sobre Cine Mercedes proyecta Oppenheimer y Megalod\u00f3n\">Leer m\u00e1s<\/a><\/p>\n","protected":false},"author":1,"featured_media":165542,"comment_status":"closed","ping_status":"open","sticky":false,"template":"","format":"standard","meta":{"_monsterinsights_skip_tracking":false,"_monsterinsights_sitenote_active":false,"_monsterinsights_sitenote_note":"","_monsterinsights_sitenote_category":0,"jetpack_post_was_ever_published":false,"_jetpack_newsletter_access":"","_jetpack_dont_email_post_to_subs":false,"_jetpack_newsletter_tier_id":0,"_jetpack_memberships_contains_paywalled_content":false,"_jetpack_memberships_contains_paid_content":false,"footnotes":"","jetpack_publicize_message":"","jetpack_publicize_feature_enabled":true,"jetpack_social_post_already_shared":true,"jetpack_social_options":{"image_generator_settings":{"template":"highway","default_image_id":0,"font":"","enabled":false},"version":2},"_wpas_customize_per_network":false},"categories":[104],"tags":[7805],"class_list":["post-165541","post","type-post","status-publish","format-standard","has-post-thumbnail","hentry","category-cultura","tag-cultura","generate-columns","tablet-grid-50","mobile-grid-100","grid-parent","grid-50"],"jetpack_publicize_connections":[],"jetpack_featured_media_url":"https:\/\/www.hoymercedes.com.ar\/principal\/wp-content\/uploads\/2023\/08\/Megalodon.jpg","wps_subtitle":"","jetpack_sharing_enabled":true,"_links":{"self":[{"href":"https:\/\/www.hoymercedes.com.ar\/principal\/wp-json\/wp\/v2\/posts\/165541","targetHints":{"allow":["GET"]}}],"collection":[{"href":"https:\/\/www.hoymercedes.com.ar\/principal\/wp-json\/wp\/v2\/posts"}],"about":[{"href":"https:\/\/www.hoymercedes.com.ar\/principal\/wp-json\/wp\/v2\/types\/post"}],"author":[{"embeddable":true,"href":"https:\/\/www.hoymercedes.com.ar\/principal\/wp-json\/wp\/v2\/users\/1"}],"replies":[{"embeddable":true,"href":"https:\/\/www.hoymercedes.com.ar\/principal\/wp-json\/wp\/v2\/comments?post=165541"}],"version-history":[{"count":0,"href":"https:\/\/www.hoymercedes.com.ar\/principal\/wp-json\/wp\/v2\/posts\/165541\/revisions"}],"wp:featuredmedia":[{"embeddable":true,"href":"https:\/\/www.hoymercedes.com.ar\/principal\/wp-json\/wp\/v2\/media\/165542"}],"wp:attachment":[{"href":"https:\/\/www.hoymercedes.com.ar\/principal\/wp-json\/wp\/v2\/media?parent=165541"}],"wp:term":[{"taxonomy":"category","embeddable":true,"href":"https:\/\/www.hoymercedes.com.ar\/principal\/wp-json\/wp\/v2\/categories?post=165541"},{"taxonomy":"post_tag","embeddable":true,"href":"https:\/\/www.hoymercedes.com.ar\/principal\/wp-json\/wp\/v2\/tags?post=165541"}],"curies":[{"name":"wp","href":"https:\/\/api.w.org\/{rel}","templated":true}]}}