{"id":165547,"date":"2023-08-10T20:18:58","date_gmt":"2023-08-10T23:18:58","guid":{"rendered":"https:\/\/www.hoymercedes.com.ar\/principal\/?p=165547"},"modified":"2023-08-10T20:20:30","modified_gmt":"2023-08-10T23:20:30","slug":"malena-del-giudice-termino-su-instruccion-para-cumplir-con-la-expedicion-aconcagua-2024","status":"publish","type":"post","link":"https:\/\/www.hoymercedes.com.ar\/principal\/2023\/08\/10\/malena-del-giudice-termino-su-instruccion-para-cumplir-con-la-expedicion-aconcagua-2024\/","title":{"rendered":"Malena Del Giudice termin\u00f3 su instrucci\u00f3n para cumplir con la Expedici\u00f3n Aconcagua 2024"},"content":{"rendered":"\n<p>La campa\u00f1a \u00abVoy por Vos\u00bb para llegar y cumplir con la Expedici\u00f3n Aconcagua 2024 avanza cada d\u00eda. Malena Del Giudice, presidenta de All Boys Solidario termin\u00f3 recientemente parte de su instrucci\u00f3n y aclimataci\u00f3n a la alta monta\u00f1a con el fin de llegar al pico m\u00e1s alto argentino en busca de mandar un mensaje a la sociedad que genere conciencia sobre la distrofia muscular de Duchenne.<\/p>\n\n\n<div class=\"wp-block-image\">\n<figure class=\"aligncenter size-full\"><img loading=\"lazy\" decoding=\"async\" width=\"800\" height=\"533\" data-attachment-id=\"165550\" data-permalink=\"https:\/\/www.hoymercedes.com.ar\/principal\/2023\/08\/10\/malena-del-giudice-termino-su-instruccion-para-cumplir-con-la-expedicion-aconcagua-2024\/all-boys-aconcagua-2\/#main\" data-orig-file=\"https:\/\/www.hoymercedes.com.ar\/principal\/wp-content\/uploads\/2023\/08\/all-boys-aconcagua-2.jpg\" data-orig-size=\"800,533\" data-comments-opened=\"0\" data-image-meta=\"{&quot;aperture&quot;:&quot;0&quot;,&quot;credit&quot;:&quot;&quot;,&quot;camera&quot;:&quot;&quot;,&quot;caption&quot;:&quot;&quot;,&quot;created_timestamp&quot;:&quot;1691697188&quot;,&quot;copyright&quot;:&quot;&quot;,&quot;focal_length&quot;:&quot;0&quot;,&quot;iso&quot;:&quot;0&quot;,&quot;shutter_speed&quot;:&quot;0&quot;,&quot;title&quot;:&quot;&quot;,&quot;orientation&quot;:&quot;1&quot;}\" data-image-title=\"all boys aconcagua 2\" data-image-description=\"\" data-image-caption=\"\" data-large-file=\"https:\/\/www.hoymercedes.com.ar\/principal\/wp-content\/uploads\/2023\/08\/all-boys-aconcagua-2.jpg\" src=\"https:\/\/www.hoymercedes.com.ar\/principal\/wp-content\/uploads\/2023\/08\/all-boys-aconcagua-2.jpg\" alt=\"\" class=\"wp-image-165550\" srcset=\"https:\/\/www.hoymercedes.com.ar\/principal\/wp-content\/uploads\/2023\/08\/all-boys-aconcagua-2.jpg 800w, https:\/\/www.hoymercedes.com.ar\/principal\/wp-content\/uploads\/2023\/08\/all-boys-aconcagua-2-630x420.jpg 630w, https:\/\/www.hoymercedes.com.ar\/principal\/wp-content\/uploads\/2023\/08\/all-boys-aconcagua-2-150x100.jpg 150w, https:\/\/www.hoymercedes.com.ar\/principal\/wp-content\/uploads\/2023\/08\/all-boys-aconcagua-2-700x465.jpg 700w\" sizes=\"auto, (max-width: 800px) 100vw, 800px\" \/><\/figure>\n<\/div>\n\n\n<p>Malena estuvo acompa\u00f1ada por la Compa\u00f1\u00eda de Cazadores de Monta\u00f1a 8 que se uni\u00f3 a la causa de All Boys Solidario para generar conciencia sobre la distrofia muscular de Duchenne. El personal de la Compa\u00f1\u00eda brind\u00f3 la instrucci\u00f3n necesaria a Del Giudice, que incluy\u00f3 aclimataci\u00f3n y conocimiento en el entorno geogr\u00e1fico de alta monta\u00f1a. Malena es quien representa la iniciativa y forma parte de la expedici\u00f3n \u00abAconcagua 2024\u00bb.<\/p>\n\n\n\n<p>Durante el desarrollo de las pr\u00e1cticas, se realizaron ascensos en condiciones invernales tanto al cerro Cristo Redentor como al cerro Banderita Norte. Estas experiencias proporcion\u00f3 la preparaci\u00f3n de la mercedina para afinar las habilidades necesarias antes de enfrentar el desaf\u00edo principal: la conquista del cerro Aconcagua.<\/p>\n\n\n<div class=\"wp-block-image\">\n<figure class=\"aligncenter size-full\"><img loading=\"lazy\" decoding=\"async\" width=\"800\" height=\"533\" data-attachment-id=\"165551\" data-permalink=\"https:\/\/www.hoymercedes.com.ar\/principal\/2023\/08\/10\/malena-del-giudice-termino-su-instruccion-para-cumplir-con-la-expedicion-aconcagua-2024\/all-boys-aconcagua-3\/#main\" data-orig-file=\"https:\/\/www.hoymercedes.com.ar\/principal\/wp-content\/uploads\/2023\/08\/all-boys-aconcagua-3.jpg\" data-orig-size=\"800,533\" data-comments-opened=\"0\" data-image-meta=\"{&quot;aperture&quot;:&quot;0&quot;,&quot;credit&quot;:&quot;&quot;,&quot;camera&quot;:&quot;&quot;,&quot;caption&quot;:&quot;&quot;,&quot;created_timestamp&quot;:&quot;1691697210&quot;,&quot;copyright&quot;:&quot;&quot;,&quot;focal_length&quot;:&quot;0&quot;,&quot;iso&quot;:&quot;0&quot;,&quot;shutter_speed&quot;:&quot;0&quot;,&quot;title&quot;:&quot;&quot;,&quot;orientation&quot;:&quot;1&quot;}\" data-image-title=\"all boys aconcagua 3\" data-image-description=\"\" data-image-caption=\"\" data-large-file=\"https:\/\/www.hoymercedes.com.ar\/principal\/wp-content\/uploads\/2023\/08\/all-boys-aconcagua-3.jpg\" src=\"https:\/\/www.hoymercedes.com.ar\/principal\/wp-content\/uploads\/2023\/08\/all-boys-aconcagua-3.jpg\" alt=\"\" class=\"wp-image-165551\" srcset=\"https:\/\/www.hoymercedes.com.ar\/principal\/wp-content\/uploads\/2023\/08\/all-boys-aconcagua-3.jpg 800w, https:\/\/www.hoymercedes.com.ar\/principal\/wp-content\/uploads\/2023\/08\/all-boys-aconcagua-3-630x420.jpg 630w, https:\/\/www.hoymercedes.com.ar\/principal\/wp-content\/uploads\/2023\/08\/all-boys-aconcagua-3-150x100.jpg 150w, https:\/\/www.hoymercedes.com.ar\/principal\/wp-content\/uploads\/2023\/08\/all-boys-aconcagua-3-700x465.jpg 700w\" sizes=\"auto, (max-width: 800px) 100vw, 800px\" \/><\/figure>\n<\/div>","protected":false},"excerpt":{"rendered":"<p>La campa\u00f1a \u00abVoy por Vos\u00bb para llegar y cumplir con la Expedici\u00f3n Aconcagua 2024 avanza cada d\u00eda. Malena Del Giudice, &#8230; <a title=\"Malena Del Giudice termin\u00f3 su instrucci\u00f3n para cumplir con la Expedici\u00f3n Aconcagua 2024\" class=\"read-more\" href=\"https:\/\/www.hoymercedes.com.ar\/principal\/2023\/08\/10\/malena-del-giudice-termino-su-instruccion-para-cumplir-con-la-expedicion-aconcagua-2024\/\" aria-label=\"Leer m\u00e1s sobre Malena Del Giudice termin\u00f3 su instrucci\u00f3n para cumplir con la Expedici\u00f3n Aconcagua 2024\">Leer m\u00e1s<\/a><\/p>\n","protected":false},"author":1,"featured_media":165549,"comment_status":"closed","ping_status":"open","sticky":false,"template":"","format":"standard","meta":{"_monsterinsights_skip_tracking":false,"_monsterinsights_sitenote_active":false,"_monsterinsights_sitenote_note":"","_monsterinsights_sitenote_category":0,"jetpack_post_was_ever_published":false,"_jetpack_newsletter_access":"","_jetpack_dont_email_post_to_subs":false,"_jetpack_newsletter_tier_id":0,"_jetpack_memberships_contains_paywalled_content":false,"_jetpack_memberships_contains_paid_content":false,"footnotes":"","jetpack_publicize_message":"","jetpack_publicize_feature_enabled":true,"jetpack_social_post_already_shared":true,"jetpack_social_options":{"image_generator_settings":{"template":"highway","default_image_id":0,"font":"","enabled":false},"version":2},"_wpas_customize_per_network":false},"categories":[8],"tags":[],"class_list":["post-165547","post","type-post","status-publish","format-standard","has-post-thumbnail","hentry","category-sociedad","generate-columns","tablet-grid-50","mobile-grid-100","grid-parent","grid-50"],"jetpack_publicize_connections":[],"jetpack_featured_media_url":"https:\/\/www.hoymercedes.com.ar\/principal\/wp-content\/uploads\/2023\/08\/all-boys-aconcagua-1.jpg","wps_subtitle":"","jetpack_sharing_enabled":true,"_links":{"self":[{"href":"https:\/\/www.hoymercedes.com.ar\/principal\/wp-json\/wp\/v2\/posts\/165547","targetHints":{"allow":["GET"]}}],"collection":[{"href":"https:\/\/www.hoymercedes.com.ar\/principal\/wp-json\/wp\/v2\/posts"}],"about":[{"href":"https:\/\/www.hoymercedes.com.ar\/principal\/wp-json\/wp\/v2\/types\/post"}],"author":[{"embeddable":true,"href":"https:\/\/www.hoymercedes.com.ar\/principal\/wp-json\/wp\/v2\/users\/1"}],"replies":[{"embeddable":true,"href":"https:\/\/www.hoymercedes.com.ar\/principal\/wp-json\/wp\/v2\/comments?post=165547"}],"version-history":[{"count":0,"href":"https:\/\/www.hoymercedes.com.ar\/principal\/wp-json\/wp\/v2\/posts\/165547\/revisions"}],"wp:featuredmedia":[{"embeddable":true,"href":"https:\/\/www.hoymercedes.com.ar\/principal\/wp-json\/wp\/v2\/media\/165549"}],"wp:attachment":[{"href":"https:\/\/www.hoymercedes.com.ar\/principal\/wp-json\/wp\/v2\/media?parent=165547"}],"wp:term":[{"taxonomy":"category","embeddable":true,"href":"https:\/\/www.hoymercedes.com.ar\/principal\/wp-json\/wp\/v2\/categories?post=165547"},{"taxonomy":"post_tag","embeddable":true,"href":"https:\/\/www.hoymercedes.com.ar\/principal\/wp-json\/wp\/v2\/tags?post=165547"}],"curies":[{"name":"wp","href":"https:\/\/api.w.org\/{rel}","templated":true}]}}