{"id":165641,"date":"2023-08-13T12:06:52","date_gmt":"2023-08-13T15:06:52","guid":{"rendered":"https:\/\/www.hoymercedes.com.ar\/principal\/?p=165641"},"modified":"2023-08-13T12:06:56","modified_gmt":"2023-08-13T15:06:56","slug":"normal-y-agil-jornada-electoral","status":"publish","type":"post","link":"https:\/\/www.hoymercedes.com.ar\/principal\/2023\/08\/13\/normal-y-agil-jornada-electoral\/","title":{"rendered":"Normal y \u00e1gil jornada electoral"},"content":{"rendered":"\n<figure class=\"wp-block-image size-large\"><img loading=\"lazy\" decoding=\"async\" width=\"1024\" height=\"768\" data-attachment-id=\"165643\" data-permalink=\"https:\/\/www.hoymercedes.com.ar\/principal\/2023\/08\/13\/normal-y-agil-jornada-electoral\/20230813_101446\/#main\" data-orig-file=\"https:\/\/www.hoymercedes.com.ar\/principal\/wp-content\/uploads\/2023\/08\/20230813_101446-scaled.jpg\" data-orig-size=\"2560,1920\" data-comments-opened=\"0\" data-image-meta=\"{&quot;aperture&quot;:&quot;1.7&quot;,&quot;credit&quot;:&quot;&quot;,&quot;camera&quot;:&quot;Galaxy S23 Ultra&quot;,&quot;caption&quot;:&quot;&quot;,&quot;created_timestamp&quot;:&quot;1691921686&quot;,&quot;copyright&quot;:&quot;&quot;,&quot;focal_length&quot;:&quot;6.3&quot;,&quot;iso&quot;:&quot;400&quot;,&quot;shutter_speed&quot;:&quot;0.01&quot;,&quot;title&quot;:&quot;&quot;,&quot;orientation&quot;:&quot;1&quot;}\" data-image-title=\"20230813_101446\" data-image-description=\"\" data-image-caption=\"\" data-large-file=\"https:\/\/www.hoymercedes.com.ar\/principal\/wp-content\/uploads\/2023\/08\/20230813_101446-1024x768.jpg\" src=\"https:\/\/www.hoymercedes.com.ar\/principal\/wp-content\/uploads\/2023\/08\/20230813_101446-1024x768.jpg\" alt=\"\" class=\"wp-image-165643\" srcset=\"https:\/\/www.hoymercedes.com.ar\/principal\/wp-content\/uploads\/2023\/08\/20230813_101446-1024x768.jpg 1024w, https:\/\/www.hoymercedes.com.ar\/principal\/wp-content\/uploads\/2023\/08\/20230813_101446-630x473.jpg 630w, https:\/\/www.hoymercedes.com.ar\/principal\/wp-content\/uploads\/2023\/08\/20230813_101446-150x113.jpg 150w, https:\/\/www.hoymercedes.com.ar\/principal\/wp-content\/uploads\/2023\/08\/20230813_101446-1536x1152.jpg 1536w, https:\/\/www.hoymercedes.com.ar\/principal\/wp-content\/uploads\/2023\/08\/20230813_101446-2048x1536.jpg 2048w\" sizes=\"auto, (max-width: 1024px) 100vw, 1024px\" \/><\/figure>\n\n\n\n<p>Durante las primeras horas de la jornada electoral todo viene desarroll\u00e1ndose con normalidad. Buen flojo para los votantes que no han tenido que esperar m\u00e1s de lo normal en este tipo de intervenciones democr\u00e1ticas. Como siempre hay curiosidades, pero las mesas est\u00e1n todas activas.<\/p>\n\n\n\n<p>La jornada de PASO 2023 viene sin inconvenientes, afirmaron desde distintas fuertes.<\/p>\n\n\n\n<p>Las listas que se presentaron en Mercedes fueron 9, algunas con la denominada \u201clista corta\u201d y otras con internas a nivel local: Frente de Izquierda y Junto mientras que en Uni\u00f3n por la Patria hay interna a nivel nacional, igual que en Juntos.<\/p>\n\n\n\n<p>Como dato curioso es que en algunas escuelas fiscales no sab\u00edan si estaban por Ru\u00edz o Cabral, en una de las internas que se da en la ciudad, confusiones que le dicen.<\/p>\n\n\n\n<p>Por su parte el ministro De Pedro convoc\u00f3 a gran cantidad de medios en la Escuela N\u00ba10 donde vot\u00f3 a las 10hs puntual.<\/p>\n\n\n\n<p>Hubo por otro lado s\u00f3lo dos escuelas que empezaron con demora, pero ninguna super\u00f3 los 40m, narraron medios colegas.<\/p>\n","protected":false},"excerpt":{"rendered":"<p>Durante las primeras horas de la jornada electoral todo viene desarroll\u00e1ndose con normalidad. Buen flojo para los votantes que no &#8230; <a title=\"Normal y \u00e1gil jornada electoral\" class=\"read-more\" href=\"https:\/\/www.hoymercedes.com.ar\/principal\/2023\/08\/13\/normal-y-agil-jornada-electoral\/\" aria-label=\"Leer m\u00e1s sobre Normal y \u00e1gil jornada electoral\">Leer m\u00e1s<\/a><\/p>\n","protected":false},"author":1,"featured_media":165643,"comment_status":"closed","ping_status":"open","sticky":false,"template":"","format":"standard","meta":{"_monsterinsights_skip_tracking":false,"_monsterinsights_sitenote_active":false,"_monsterinsights_sitenote_note":"","_monsterinsights_sitenote_category":0,"jetpack_post_was_ever_published":false,"_jetpack_newsletter_access":"","_jetpack_dont_email_post_to_subs":false,"_jetpack_newsletter_tier_id":0,"_jetpack_memberships_contains_paywalled_content":false,"_jetpack_memberships_contains_paid_content":false,"footnotes":"","jetpack_publicize_message":"","jetpack_publicize_feature_enabled":true,"jetpack_social_post_already_shared":true,"jetpack_social_options":{"image_generator_settings":{"template":"highway","default_image_id":0,"font":"","enabled":false},"version":2},"_wpas_customize_per_network":false},"categories":[8],"tags":[18806],"class_list":["post-165641","post","type-post","status-publish","format-standard","has-post-thumbnail","hentry","category-sociedad","tag-paso-2023","generate-columns","tablet-grid-50","mobile-grid-100","grid-parent","grid-50"],"jetpack_publicize_connections":[],"jetpack_featured_media_url":"https:\/\/www.hoymercedes.com.ar\/principal\/wp-content\/uploads\/2023\/08\/20230813_101446-scaled.jpg","wps_subtitle":"PASO 2023","jetpack_sharing_enabled":true,"_links":{"self":[{"href":"https:\/\/www.hoymercedes.com.ar\/principal\/wp-json\/wp\/v2\/posts\/165641","targetHints":{"allow":["GET"]}}],"collection":[{"href":"https:\/\/www.hoymercedes.com.ar\/principal\/wp-json\/wp\/v2\/posts"}],"about":[{"href":"https:\/\/www.hoymercedes.com.ar\/principal\/wp-json\/wp\/v2\/types\/post"}],"author":[{"embeddable":true,"href":"https:\/\/www.hoymercedes.com.ar\/principal\/wp-json\/wp\/v2\/users\/1"}],"replies":[{"embeddable":true,"href":"https:\/\/www.hoymercedes.com.ar\/principal\/wp-json\/wp\/v2\/comments?post=165641"}],"version-history":[{"count":0,"href":"https:\/\/www.hoymercedes.com.ar\/principal\/wp-json\/wp\/v2\/posts\/165641\/revisions"}],"wp:featuredmedia":[{"embeddable":true,"href":"https:\/\/www.hoymercedes.com.ar\/principal\/wp-json\/wp\/v2\/media\/165643"}],"wp:attachment":[{"href":"https:\/\/www.hoymercedes.com.ar\/principal\/wp-json\/wp\/v2\/media?parent=165641"}],"wp:term":[{"taxonomy":"category","embeddable":true,"href":"https:\/\/www.hoymercedes.com.ar\/principal\/wp-json\/wp\/v2\/categories?post=165641"},{"taxonomy":"post_tag","embeddable":true,"href":"https:\/\/www.hoymercedes.com.ar\/principal\/wp-json\/wp\/v2\/tags?post=165641"}],"curies":[{"name":"wp","href":"https:\/\/api.w.org\/{rel}","templated":true}]}}