{"id":165653,"date":"2023-08-13T12:48:59","date_gmt":"2023-08-13T15:48:59","guid":{"rendered":"https:\/\/www.hoymercedes.com.ar\/principal\/?p=165653"},"modified":"2023-08-13T12:51:00","modified_gmt":"2023-08-13T15:51:00","slug":"ustarroz-pondero-la-importancia-de-elegir-a-40-anos-de-recuperar-la-democracia","status":"publish","type":"post","link":"https:\/\/www.hoymercedes.com.ar\/principal\/2023\/08\/13\/ustarroz-pondero-la-importancia-de-elegir-a-40-anos-de-recuperar-la-democracia\/","title":{"rendered":"Ustarroz ponder\u00f3 la importancia de elegir a 40 a\u00f1os de recuperar la democracia"},"content":{"rendered":"\n<figure class=\"wp-block-image size-full\"><img loading=\"lazy\" decoding=\"async\" width=\"1024\" height=\"616\" data-attachment-id=\"165654\" data-permalink=\"https:\/\/www.hoymercedes.com.ar\/principal\/2023\/08\/13\/ustarroz-pondero-la-importancia-de-elegir-a-40-anos-de-recuperar-la-democracia\/img_20230813_120242_572\/#main\" data-orig-file=\"https:\/\/www.hoymercedes.com.ar\/principal\/wp-content\/uploads\/2023\/08\/IMG_20230813_120242_572.jpg\" data-orig-size=\"1024,616\" data-comments-opened=\"0\" data-image-meta=\"{&quot;aperture&quot;:&quot;0&quot;,&quot;credit&quot;:&quot;&quot;,&quot;camera&quot;:&quot;&quot;,&quot;caption&quot;:&quot;&quot;,&quot;created_timestamp&quot;:&quot;0&quot;,&quot;copyright&quot;:&quot;&quot;,&quot;focal_length&quot;:&quot;0&quot;,&quot;iso&quot;:&quot;0&quot;,&quot;shutter_speed&quot;:&quot;0&quot;,&quot;title&quot;:&quot;&quot;,&quot;orientation&quot;:&quot;0&quot;}\" data-image-title=\"IMG_20230813_120242_572\" data-image-description=\"\" data-image-caption=\"\" data-large-file=\"https:\/\/www.hoymercedes.com.ar\/principal\/wp-content\/uploads\/2023\/08\/IMG_20230813_120242_572.jpg\" src=\"https:\/\/www.hoymercedes.com.ar\/principal\/wp-content\/uploads\/2023\/08\/IMG_20230813_120242_572.jpg\" alt=\"\" class=\"wp-image-165654\" srcset=\"https:\/\/www.hoymercedes.com.ar\/principal\/wp-content\/uploads\/2023\/08\/IMG_20230813_120242_572.jpg 1024w, https:\/\/www.hoymercedes.com.ar\/principal\/wp-content\/uploads\/2023\/08\/IMG_20230813_120242_572-630x379.jpg 630w, https:\/\/www.hoymercedes.com.ar\/principal\/wp-content\/uploads\/2023\/08\/IMG_20230813_120242_572-150x90.jpg 150w\" sizes=\"auto, (max-width: 1024px) 100vw, 1024px\" \/><\/figure>\n\n\n\n<p>El actual intendente y pre candidato, <strong>Juani Ustarroz,<\/strong> vot\u00f3 durante horas de la ma\u00f1ana y coment\u00f3 que \u201ca 40 a\u00f1os de la recuperaci\u00f3n de la democracia, ejercer el derecho a elegir sigue siendo un momento para celebrar. Con cada voto decidimos qu\u00e9 futuro queremos para nuestra Patria, nuestra provincia y nuestra ciudad\u201d.<\/p>\n\n\n\n<p><strong>Importante<\/strong><\/p>\n\n\n\n<p>A su vez expres\u00f3 que \u201ccreo que eso es muy importante que la gente pueda elegir, pongamos en valor nuestra democracia. Somos de los que creen que hay que fomentar la participaci\u00f3n, no solamente a trav\u00e9s del acto eleccionario, que es el d\u00eda tal vez m\u00e1s importante de la democracia, donde el pueblo soberano elige y decide, sino tambi\u00e9n a trav\u00e9s de la participaci\u00f3n en las instituciones y poder fortalecer una democracia a trav\u00e9s de acciones concretas todos los d\u00edas\u201d coment\u00f3 ante los medios.<\/p>\n\n\n\n<p><strong>Jornada<\/strong><\/p>\n\n\n\n<p>M\u00e1s adelante sostuvo que \u201ces una jornada tranquila, una jornada en paz, como debe ser\u201d<\/p>\n\n\n\n<p>Tambi\u00e9n agradeci\u00f3 a cada fiscal, a cada uno de los que son parte de este gran acto electoral, como as\u00ed tambi\u00e9n a la ciudadan\u00eda que se expresa en este d\u00eda tan importante.<\/p>\n","protected":false},"excerpt":{"rendered":"<p>El actual intendente y pre candidato, Juani Ustarroz, vot\u00f3 durante horas de la ma\u00f1ana y coment\u00f3 que \u201ca 40 a\u00f1os &#8230; <a title=\"Ustarroz ponder\u00f3 la importancia de elegir a 40 a\u00f1os de recuperar la democracia\" class=\"read-more\" href=\"https:\/\/www.hoymercedes.com.ar\/principal\/2023\/08\/13\/ustarroz-pondero-la-importancia-de-elegir-a-40-anos-de-recuperar-la-democracia\/\" aria-label=\"Leer m\u00e1s sobre Ustarroz ponder\u00f3 la importancia de elegir a 40 a\u00f1os de recuperar la democracia\">Leer m\u00e1s<\/a><\/p>\n","protected":false},"author":1,"featured_media":165654,"comment_status":"closed","ping_status":"open","sticky":false,"template":"","format":"standard","meta":{"_monsterinsights_skip_tracking":false,"_monsterinsights_sitenote_active":false,"_monsterinsights_sitenote_note":"","_monsterinsights_sitenote_category":0,"jetpack_post_was_ever_published":false,"_jetpack_newsletter_access":"","_jetpack_dont_email_post_to_subs":false,"_jetpack_newsletter_tier_id":0,"_jetpack_memberships_contains_paywalled_content":false,"_jetpack_memberships_contains_paid_content":false,"footnotes":"","jetpack_publicize_message":"","jetpack_publicize_feature_enabled":true,"jetpack_social_post_already_shared":true,"jetpack_social_options":{"image_generator_settings":{"template":"highway","default_image_id":0,"font":"","enabled":false},"version":2},"_wpas_customize_per_network":false},"categories":[8],"tags":[5995,18806,18821,18820],"class_list":["post-165653","post","type-post","status-publish","format-standard","has-post-thumbnail","hentry","category-sociedad","tag-juani","tag-paso-2023","tag-union-por-la-patria","tag-ustarroz-votando","generate-columns","tablet-grid-50","mobile-grid-100","grid-parent","grid-50"],"jetpack_publicize_connections":[],"jetpack_featured_media_url":"https:\/\/www.hoymercedes.com.ar\/principal\/wp-content\/uploads\/2023\/08\/IMG_20230813_120242_572.jpg","wps_subtitle":"","jetpack_sharing_enabled":true,"_links":{"self":[{"href":"https:\/\/www.hoymercedes.com.ar\/principal\/wp-json\/wp\/v2\/posts\/165653","targetHints":{"allow":["GET"]}}],"collection":[{"href":"https:\/\/www.hoymercedes.com.ar\/principal\/wp-json\/wp\/v2\/posts"}],"about":[{"href":"https:\/\/www.hoymercedes.com.ar\/principal\/wp-json\/wp\/v2\/types\/post"}],"author":[{"embeddable":true,"href":"https:\/\/www.hoymercedes.com.ar\/principal\/wp-json\/wp\/v2\/users\/1"}],"replies":[{"embeddable":true,"href":"https:\/\/www.hoymercedes.com.ar\/principal\/wp-json\/wp\/v2\/comments?post=165653"}],"version-history":[{"count":0,"href":"https:\/\/www.hoymercedes.com.ar\/principal\/wp-json\/wp\/v2\/posts\/165653\/revisions"}],"wp:featuredmedia":[{"embeddable":true,"href":"https:\/\/www.hoymercedes.com.ar\/principal\/wp-json\/wp\/v2\/media\/165654"}],"wp:attachment":[{"href":"https:\/\/www.hoymercedes.com.ar\/principal\/wp-json\/wp\/v2\/media?parent=165653"}],"wp:term":[{"taxonomy":"category","embeddable":true,"href":"https:\/\/www.hoymercedes.com.ar\/principal\/wp-json\/wp\/v2\/categories?post=165653"},{"taxonomy":"post_tag","embeddable":true,"href":"https:\/\/www.hoymercedes.com.ar\/principal\/wp-json\/wp\/v2\/tags?post=165653"}],"curies":[{"name":"wp","href":"https:\/\/api.w.org\/{rel}","templated":true}]}}