{"id":165662,"date":"2023-08-13T13:44:30","date_gmt":"2023-08-13T16:44:30","guid":{"rendered":"https:\/\/www.hoymercedes.com.ar\/principal\/?p=165662"},"modified":"2023-08-13T13:56:25","modified_gmt":"2023-08-13T16:56:25","slug":"wado-de-pedro-las-sociedades-que-siguen-intentando-mejorar-son-las-que-participan","status":"publish","type":"post","link":"https:\/\/www.hoymercedes.com.ar\/principal\/2023\/08\/13\/wado-de-pedro-las-sociedades-que-siguen-intentando-mejorar-son-las-que-participan\/","title":{"rendered":"Wado de Pedro: \u00abLas sociedades que siguen intentando mejorar, son las que participan\u00bb"},"content":{"rendered":"\n<figure class=\"wp-block-image size-large\"><img loading=\"lazy\" decoding=\"async\" width=\"1024\" height=\"579\" data-attachment-id=\"165663\" data-permalink=\"https:\/\/www.hoymercedes.com.ar\/principal\/2023\/08\/13\/wado-de-pedro-las-sociedades-que-siguen-intentando-mejorar-son-las-que-participan\/photo_2023-08-13_10-34-53\/#main\" data-orig-file=\"https:\/\/www.hoymercedes.com.ar\/principal\/wp-content\/uploads\/2023\/08\/photo_2023-08-13_10-34-53.jpg\" data-orig-size=\"1280,724\" data-comments-opened=\"0\" data-image-meta=\"{&quot;aperture&quot;:&quot;0&quot;,&quot;credit&quot;:&quot;&quot;,&quot;camera&quot;:&quot;&quot;,&quot;caption&quot;:&quot;&quot;,&quot;created_timestamp&quot;:&quot;0&quot;,&quot;copyright&quot;:&quot;&quot;,&quot;focal_length&quot;:&quot;0&quot;,&quot;iso&quot;:&quot;0&quot;,&quot;shutter_speed&quot;:&quot;0&quot;,&quot;title&quot;:&quot;&quot;,&quot;orientation&quot;:&quot;0&quot;}\" data-image-title=\"Wado de Pedro\" data-image-description=\"\" data-image-caption=\"\" data-large-file=\"https:\/\/www.hoymercedes.com.ar\/principal\/wp-content\/uploads\/2023\/08\/photo_2023-08-13_10-34-53-1024x579.jpg\" src=\"https:\/\/www.hoymercedes.com.ar\/principal\/wp-content\/uploads\/2023\/08\/photo_2023-08-13_10-34-53-1024x579.jpg\" alt=\"\" class=\"wp-image-165663\" srcset=\"https:\/\/www.hoymercedes.com.ar\/principal\/wp-content\/uploads\/2023\/08\/photo_2023-08-13_10-34-53-1024x579.jpg 1024w, https:\/\/www.hoymercedes.com.ar\/principal\/wp-content\/uploads\/2023\/08\/photo_2023-08-13_10-34-53-630x356.jpg 630w, https:\/\/www.hoymercedes.com.ar\/principal\/wp-content\/uploads\/2023\/08\/photo_2023-08-13_10-34-53-150x85.jpg 150w, https:\/\/www.hoymercedes.com.ar\/principal\/wp-content\/uploads\/2023\/08\/photo_2023-08-13_10-34-53.jpg 1280w\" sizes=\"auto, (max-width: 1024px) 100vw, 1024px\" \/><\/figure>\n\n\n\n<p>El ministro del interior y precandidato a senador por Uni\u00f3n por la Patria, Wado de Pedro, vot\u00f3 pasadas las 10.15 en la Escuela 10 de la ciudad Mercedes, donde asegur\u00f3 que \u00abhay que seguir por el camino de la participaci\u00f3n porque las sociedades que siguen intentando mejorar son las sociedades que participan\u00bb.<\/p>\n\n\n\n<p>A la vez, el Ministro aprovech\u00f3 la ocasi\u00f3n para \u00abfelicitar a los fiscales, como as\u00ed tambi\u00e9n a las casi cien mil personas que participan desde el Correo, el Ej\u00e9rcito, desde todas las fuerzas pol\u00edticas y el Poder Judicial\u00bb, quienes juntos son \u00abuna demostraci\u00f3n importante en la relaci\u00f3n a la transparencia en las elecciones\u00bb.<\/p>\n\n\n\n<p>Consultado por la prensa, record\u00f3 que como Ministro del Interior acord\u00f3 junto al Presidente que la Direcci\u00f3n Nacional Electoral (DINE) se traslade a la \u00f3rbita de la Secretar\u00eda General de la Presidencia : \u00abCon esa decisi\u00f3n mantenemos todos los criterios de transparencia que me toc\u00f3 implementar en el 202, como as\u00ed tambi\u00e9n los criterios tecnol\u00f3gicos para que la elecci\u00f3n pueda tener resultados en tiempo r\u00e9cord\u00bb, dijo.<\/p>\n\n\n\n<p>\u00abImplementamos m\u00e1s de 21 modificaciones a los pliegos para que todas las fuerzas pol\u00edticas puedan opinar y puedan decidir y puedan modificar el proceso, con lo cual tenemos un proceso valorado internacionalmente como uno de los procesos m\u00e1s abiertos y m\u00e1s transparentes\u00bb, cerr\u00f3.<\/p>\n","protected":false},"excerpt":{"rendered":"<p>El ministro del interior y precandidato a senador por Uni\u00f3n por la Patria, Wado de Pedro, vot\u00f3 pasadas las 10.15 &#8230; <a title=\"Wado de Pedro: \u00abLas sociedades que siguen intentando mejorar, son las que participan\u00bb\" class=\"read-more\" href=\"https:\/\/www.hoymercedes.com.ar\/principal\/2023\/08\/13\/wado-de-pedro-las-sociedades-que-siguen-intentando-mejorar-son-las-que-participan\/\" aria-label=\"Leer m\u00e1s sobre Wado de Pedro: \u00abLas sociedades que siguen intentando mejorar, son las que participan\u00bb\">Leer m\u00e1s<\/a><\/p>\n","protected":false},"author":1,"featured_media":165663,"comment_status":"closed","ping_status":"open","sticky":false,"template":"","format":"standard","meta":{"_monsterinsights_skip_tracking":false,"_monsterinsights_sitenote_active":false,"_monsterinsights_sitenote_note":"","_monsterinsights_sitenote_category":0,"jetpack_post_was_ever_published":false,"_jetpack_newsletter_access":"","_jetpack_dont_email_post_to_subs":false,"_jetpack_newsletter_tier_id":0,"_jetpack_memberships_contains_paywalled_content":false,"_jetpack_memberships_contains_paid_content":false,"footnotes":"","jetpack_publicize_message":"","jetpack_publicize_feature_enabled":true,"jetpack_social_post_already_shared":true,"jetpack_social_options":{"image_generator_settings":{"template":"highway","default_image_id":0,"font":"","enabled":false},"version":2},"_wpas_customize_per_network":false},"categories":[8],"tags":[18567,11105,281],"class_list":["post-165662","post","type-post","status-publish","format-standard","has-post-thumbnail","hentry","category-sociedad","tag-elecciones-2023","tag-paso","tag-wado-de-pedro","generate-columns","tablet-grid-50","mobile-grid-100","grid-parent","grid-50"],"jetpack_publicize_connections":[],"jetpack_featured_media_url":"https:\/\/www.hoymercedes.com.ar\/principal\/wp-content\/uploads\/2023\/08\/photo_2023-08-13_10-34-53.jpg","wps_subtitle":"","jetpack_sharing_enabled":true,"_links":{"self":[{"href":"https:\/\/www.hoymercedes.com.ar\/principal\/wp-json\/wp\/v2\/posts\/165662","targetHints":{"allow":["GET"]}}],"collection":[{"href":"https:\/\/www.hoymercedes.com.ar\/principal\/wp-json\/wp\/v2\/posts"}],"about":[{"href":"https:\/\/www.hoymercedes.com.ar\/principal\/wp-json\/wp\/v2\/types\/post"}],"author":[{"embeddable":true,"href":"https:\/\/www.hoymercedes.com.ar\/principal\/wp-json\/wp\/v2\/users\/1"}],"replies":[{"embeddable":true,"href":"https:\/\/www.hoymercedes.com.ar\/principal\/wp-json\/wp\/v2\/comments?post=165662"}],"version-history":[{"count":0,"href":"https:\/\/www.hoymercedes.com.ar\/principal\/wp-json\/wp\/v2\/posts\/165662\/revisions"}],"wp:featuredmedia":[{"embeddable":true,"href":"https:\/\/www.hoymercedes.com.ar\/principal\/wp-json\/wp\/v2\/media\/165663"}],"wp:attachment":[{"href":"https:\/\/www.hoymercedes.com.ar\/principal\/wp-json\/wp\/v2\/media?parent=165662"}],"wp:term":[{"taxonomy":"category","embeddable":true,"href":"https:\/\/www.hoymercedes.com.ar\/principal\/wp-json\/wp\/v2\/categories?post=165662"},{"taxonomy":"post_tag","embeddable":true,"href":"https:\/\/www.hoymercedes.com.ar\/principal\/wp-json\/wp\/v2\/tags?post=165662"}],"curies":[{"name":"wp","href":"https:\/\/api.w.org\/{rel}","templated":true}]}}