{"id":165667,"date":"2023-08-13T13:58:47","date_gmt":"2023-08-13T16:58:47","guid":{"rendered":"https:\/\/www.hoymercedes.com.ar\/principal\/?p=165667"},"modified":"2023-08-13T13:58:51","modified_gmt":"2023-08-13T16:58:51","slug":"lopez-baggio-destaco-la-importancia-de-la-participacion-ciudadana","status":"publish","type":"post","link":"https:\/\/www.hoymercedes.com.ar\/principal\/2023\/08\/13\/lopez-baggio-destaco-la-importancia-de-la-participacion-ciudadana\/","title":{"rendered":"L\u00f3pez Baggio destac\u00f3 la importancia de la participaci\u00f3n ciudadana"},"content":{"rendered":"\n<figure class=\"wp-block-image size-full\"><img loading=\"lazy\" decoding=\"async\" width=\"1024\" height=\"758\" data-attachment-id=\"165668\" data-permalink=\"https:\/\/www.hoymercedes.com.ar\/principal\/2023\/08\/13\/lopez-baggio-destaco-la-importancia-de-la-participacion-ciudadana\/lopez-baggio-3\/#main\" data-orig-file=\"https:\/\/www.hoymercedes.com.ar\/principal\/wp-content\/uploads\/2023\/08\/Lopez-Baggio.jpeg\" data-orig-size=\"1024,758\" data-comments-opened=\"0\" data-image-meta=\"{&quot;aperture&quot;:&quot;0&quot;,&quot;credit&quot;:&quot;&quot;,&quot;camera&quot;:&quot;&quot;,&quot;caption&quot;:&quot;&quot;,&quot;created_timestamp&quot;:&quot;0&quot;,&quot;copyright&quot;:&quot;&quot;,&quot;focal_length&quot;:&quot;0&quot;,&quot;iso&quot;:&quot;0&quot;,&quot;shutter_speed&quot;:&quot;0&quot;,&quot;title&quot;:&quot;&quot;,&quot;orientation&quot;:&quot;0&quot;}\" data-image-title=\"Lopez-Baggio\" data-image-description=\"\" data-image-caption=\"\" data-large-file=\"https:\/\/www.hoymercedes.com.ar\/principal\/wp-content\/uploads\/2023\/08\/Lopez-Baggio.jpeg\" src=\"https:\/\/www.hoymercedes.com.ar\/principal\/wp-content\/uploads\/2023\/08\/Lopez-Baggio.jpeg\" alt=\"\" class=\"wp-image-165668\" srcset=\"https:\/\/www.hoymercedes.com.ar\/principal\/wp-content\/uploads\/2023\/08\/Lopez-Baggio.jpeg 1024w, https:\/\/www.hoymercedes.com.ar\/principal\/wp-content\/uploads\/2023\/08\/Lopez-Baggio-630x466.jpeg 630w, https:\/\/www.hoymercedes.com.ar\/principal\/wp-content\/uploads\/2023\/08\/Lopez-Baggio-150x111.jpeg 150w\" sizes=\"auto, (max-width: 1024px) 100vw, 1024px\" \/><\/figure>\n\n\n\n<p>Juan Pablo L\u00f3pez Baggio, pre candidato al Palasur, expres\u00f3 que \u201cen estas elecciones se ve claramente reflejado el compromiso de un pueblo con la democracia, no solamente por todos los electores que se est\u00e1n acercando a votar y que en la Argentina siempre es un n\u00famero muy importante, de los n\u00fameros m\u00e1s elevados en la regi\u00f3n, sino tambi\u00e9n por el compromiso demostrado por cada autoridad de mesa\u201d dijo<\/p>\n\n\n\n<p>Ponder\u00f3 tambi\u00e9n a \u201ccada persona que ha sido designado tambi\u00e9n como suplente que ha asistido igualmente a la escuela, el comando electoral desplegado a lo largo y a lo ancho de todo el pa\u00eds y los delegados electorales\u201d como as\u00ed mismo a cada voluntario de todos los partidos.<\/p>\n\n\n\n<p>Al ser consultado destac\u00f3 que \u201cme pone muy contento, no solamente por lo que me toca desde el punto de vista participativo, sino por sobre todas las cosas como argentino que una vez m\u00e1s podamos elegir en democracia\u201d<\/p>\n","protected":false},"excerpt":{"rendered":"<p>Juan Pablo L\u00f3pez Baggio, pre candidato al Palasur, expres\u00f3 que \u201cen estas elecciones se ve claramente reflejado el compromiso de &#8230; <a title=\"L\u00f3pez Baggio destac\u00f3 la importancia de la participaci\u00f3n ciudadana\" class=\"read-more\" href=\"https:\/\/www.hoymercedes.com.ar\/principal\/2023\/08\/13\/lopez-baggio-destaco-la-importancia-de-la-participacion-ciudadana\/\" aria-label=\"Leer m\u00e1s sobre L\u00f3pez Baggio destac\u00f3 la importancia de la participaci\u00f3n ciudadana\">Leer m\u00e1s<\/a><\/p>\n","protected":false},"author":1,"featured_media":165668,"comment_status":"closed","ping_status":"open","sticky":false,"template":"","format":"standard","meta":{"_monsterinsights_skip_tracking":false,"_monsterinsights_sitenote_active":false,"_monsterinsights_sitenote_note":"","_monsterinsights_sitenote_category":0,"jetpack_post_was_ever_published":false,"_jetpack_newsletter_access":"","_jetpack_dont_email_post_to_subs":false,"_jetpack_newsletter_tier_id":0,"_jetpack_memberships_contains_paywalled_content":false,"_jetpack_memberships_contains_paid_content":false,"footnotes":"","jetpack_publicize_message":"","jetpack_publicize_feature_enabled":true,"jetpack_social_post_already_shared":true,"jetpack_social_options":{"image_generator_settings":{"template":"highway","default_image_id":0,"font":"","enabled":false},"version":2},"_wpas_customize_per_network":false},"categories":[8],"tags":[4297],"class_list":["post-165667","post","type-post","status-publish","format-standard","has-post-thumbnail","hentry","category-sociedad","tag-lopez-baggio","generate-columns","tablet-grid-50","mobile-grid-100","grid-parent","grid-50"],"jetpack_publicize_connections":[],"jetpack_featured_media_url":"https:\/\/www.hoymercedes.com.ar\/principal\/wp-content\/uploads\/2023\/08\/Lopez-Baggio.jpeg","wps_subtitle":"Paso 2023","jetpack_sharing_enabled":true,"_links":{"self":[{"href":"https:\/\/www.hoymercedes.com.ar\/principal\/wp-json\/wp\/v2\/posts\/165667","targetHints":{"allow":["GET"]}}],"collection":[{"href":"https:\/\/www.hoymercedes.com.ar\/principal\/wp-json\/wp\/v2\/posts"}],"about":[{"href":"https:\/\/www.hoymercedes.com.ar\/principal\/wp-json\/wp\/v2\/types\/post"}],"author":[{"embeddable":true,"href":"https:\/\/www.hoymercedes.com.ar\/principal\/wp-json\/wp\/v2\/users\/1"}],"replies":[{"embeddable":true,"href":"https:\/\/www.hoymercedes.com.ar\/principal\/wp-json\/wp\/v2\/comments?post=165667"}],"version-history":[{"count":0,"href":"https:\/\/www.hoymercedes.com.ar\/principal\/wp-json\/wp\/v2\/posts\/165667\/revisions"}],"wp:featuredmedia":[{"embeddable":true,"href":"https:\/\/www.hoymercedes.com.ar\/principal\/wp-json\/wp\/v2\/media\/165668"}],"wp:attachment":[{"href":"https:\/\/www.hoymercedes.com.ar\/principal\/wp-json\/wp\/v2\/media?parent=165667"}],"wp:term":[{"taxonomy":"category","embeddable":true,"href":"https:\/\/www.hoymercedes.com.ar\/principal\/wp-json\/wp\/v2\/categories?post=165667"},{"taxonomy":"post_tag","embeddable":true,"href":"https:\/\/www.hoymercedes.com.ar\/principal\/wp-json\/wp\/v2\/tags?post=165667"}],"curies":[{"name":"wp","href":"https:\/\/api.w.org\/{rel}","templated":true}]}}