{"id":16575,"date":"2012-10-01T14:03:19","date_gmt":"2012-10-01T14:03:19","guid":{"rendered":"http:\/\/www.hoymercedes.com.ar\/principal\/?p=16575"},"modified":"2012-10-01T14:06:19","modified_gmt":"2012-10-01T14:06:19","slug":"agasajaran-al-senador-assef-este-miercoles-en-unidad-y-lealtad","status":"publish","type":"post","link":"https:\/\/www.hoymercedes.com.ar\/principal\/2012\/10\/01\/agasajaran-al-senador-assef-este-miercoles-en-unidad-y-lealtad\/","title":{"rendered":"Agasajar\u00e1n al Senador Assef este mi\u00e9rcoles en \u00abUnidad y Lealtad\u00bb"},"content":{"rendered":"<p>El integrante del bloque de Uni\u00f3n Pro del Senado de la Provincia de Buenos Aires, Anibal Assef, ser\u00e1 \u00a0homenajeado por los integrantes de Unidad y Lealtad el pr\u00f3ximo mi\u00e9rcoles en el \u00e1mbito de la agrupaci\u00f3n dado que ha sido uno de los principales impulsores de que Mercedes tenga hoy un nuevo Juzgado de Familia en el Departamento Judicial, medida que fue recientemente aprobada por la legislatura provincial.<\/p>\n<p>Ser\u00e1 una cena en la cual\u00a0compartir\u00e1n\u00a0un momento pol\u00edtico con el cual buscan reconocer la tarea de Assef con la medida que ha beneficiado a nuestra comuna. Assef en un hombre de Moreno, pero, ello no le impidi\u00f3 trabajar fuertemente para esta realidad.<\/p>\n<p>El encuentro ser\u00e1 el mi\u00e9rcoles a las 20.30hs en el local de la agrupaci\u00f3n en calle 26 \u00a0entre 29 y 31. Quien desee participar podr\u00e1 hacerlo adquiriendo una tarjeta que estar\u00e1 a la venta en la misma Sede entre lsa 19.00hs y 21.00hs<\/p>\n","protected":false},"excerpt":{"rendered":"<p>El integrante del bloque de Uni\u00f3n Pro del Senado de la Provincia de Buenos Aires, Anibal Assef, ser\u00e1 \u00a0homenajeado por &#8230; <a title=\"Agasajar\u00e1n al Senador Assef este mi\u00e9rcoles en \u00abUnidad y Lealtad\u00bb\" class=\"read-more\" href=\"https:\/\/www.hoymercedes.com.ar\/principal\/2012\/10\/01\/agasajaran-al-senador-assef-este-miercoles-en-unidad-y-lealtad\/\" aria-label=\"Leer m\u00e1s sobre Agasajar\u00e1n al Senador Assef este mi\u00e9rcoles en \u00abUnidad y Lealtad\u00bb\">Leer m\u00e1s<\/a><\/p>\n","protected":false},"author":1,"featured_media":0,"comment_status":"open","ping_status":"open","sticky":false,"template":"","format":"standard","meta":{"_monsterinsights_skip_tracking":false,"_monsterinsights_sitenote_active":false,"_monsterinsights_sitenote_note":"","_monsterinsights_sitenote_category":0,"jetpack_post_was_ever_published":false,"_jetpack_newsletter_access":"","_jetpack_dont_email_post_to_subs":false,"_jetpack_newsletter_tier_id":0,"_jetpack_memberships_contains_paywalled_content":false,"_jetpack_memberships_contains_paid_content":false,"footnotes":"","jetpack_publicize_message":"","jetpack_publicize_feature_enabled":true,"jetpack_social_post_already_shared":false,"jetpack_social_options":{"image_generator_settings":{"template":"highway","default_image_id":0,"font":"","enabled":false},"version":2},"_wpas_customize_per_network":false},"categories":[5],"tags":[2779,313,2780],"class_list":["post-16575","post","type-post","status-publish","format-standard","hentry","category-politica","tag-anibal-assef","tag-juan-carlos-benitez","tag-unidad-y-lealtad-mercedes","generate-columns","tablet-grid-50","mobile-grid-100","grid-parent","grid-50"],"jetpack_publicize_connections":[],"jetpack_featured_media_url":"","wps_subtitle":"","jetpack_sharing_enabled":true,"_links":{"self":[{"href":"https:\/\/www.hoymercedes.com.ar\/principal\/wp-json\/wp\/v2\/posts\/16575","targetHints":{"allow":["GET"]}}],"collection":[{"href":"https:\/\/www.hoymercedes.com.ar\/principal\/wp-json\/wp\/v2\/posts"}],"about":[{"href":"https:\/\/www.hoymercedes.com.ar\/principal\/wp-json\/wp\/v2\/types\/post"}],"author":[{"embeddable":true,"href":"https:\/\/www.hoymercedes.com.ar\/principal\/wp-json\/wp\/v2\/users\/1"}],"replies":[{"embeddable":true,"href":"https:\/\/www.hoymercedes.com.ar\/principal\/wp-json\/wp\/v2\/comments?post=16575"}],"version-history":[{"count":0,"href":"https:\/\/www.hoymercedes.com.ar\/principal\/wp-json\/wp\/v2\/posts\/16575\/revisions"}],"wp:attachment":[{"href":"https:\/\/www.hoymercedes.com.ar\/principal\/wp-json\/wp\/v2\/media?parent=16575"}],"wp:term":[{"taxonomy":"category","embeddable":true,"href":"https:\/\/www.hoymercedes.com.ar\/principal\/wp-json\/wp\/v2\/categories?post=16575"},{"taxonomy":"post_tag","embeddable":true,"href":"https:\/\/www.hoymercedes.com.ar\/principal\/wp-json\/wp\/v2\/tags?post=16575"}],"curies":[{"name":"wp","href":"https:\/\/api.w.org\/{rel}","templated":true}]}}