{"id":165784,"date":"2023-08-14T19:10:00","date_gmt":"2023-08-14T22:10:00","guid":{"rendered":"https:\/\/www.hoymercedes.com.ar\/principal\/?p=165784"},"modified":"2023-08-14T22:13:26","modified_gmt":"2023-08-15T01:13:26","slug":"atletismo-debora-martinelli-busca-llegar-a-misiones","status":"publish","type":"post","link":"https:\/\/www.hoymercedes.com.ar\/principal\/2023\/08\/14\/atletismo-debora-martinelli-busca-llegar-a-misiones\/","title":{"rendered":"Atletismo: D\u00e9bora Martinelli busca llegar a Misiones"},"content":{"rendered":"\n<p>La atleta mercedina D\u00e9bora Martinelli busca llegar de la mejor manera al argentino de Misiones torneo que podr\u00eda convertirse en sede sudamericana.<\/p>\n\n\n<div class=\"wp-block-image\">\n<figure class=\"aligncenter size-full\"><img loading=\"lazy\" decoding=\"async\" width=\"640\" height=\"411\" data-attachment-id=\"165781\" data-permalink=\"https:\/\/www.hoymercedes.com.ar\/principal\/2023\/08\/14\/ajedrez-segunda-ronda-en-s-a-de-giles\/debora-martinelli-1408\/#main\" data-orig-file=\"https:\/\/www.hoymercedes.com.ar\/principal\/wp-content\/uploads\/2023\/08\/debora-martinelli-1408.jpg\" data-orig-size=\"640,411\" data-comments-opened=\"0\" data-image-meta=\"{&quot;aperture&quot;:&quot;0&quot;,&quot;credit&quot;:&quot;&quot;,&quot;camera&quot;:&quot;&quot;,&quot;caption&quot;:&quot;&quot;,&quot;created_timestamp&quot;:&quot;0&quot;,&quot;copyright&quot;:&quot;&quot;,&quot;focal_length&quot;:&quot;0&quot;,&quot;iso&quot;:&quot;0&quot;,&quot;shutter_speed&quot;:&quot;0&quot;,&quot;title&quot;:&quot;&quot;,&quot;orientation&quot;:&quot;0&quot;}\" data-image-title=\"debora martinelli 1408\" data-image-description=\"\" data-image-caption=\"\" data-large-file=\"https:\/\/www.hoymercedes.com.ar\/principal\/wp-content\/uploads\/2023\/08\/debora-martinelli-1408.jpg\" src=\"https:\/\/www.hoymercedes.com.ar\/principal\/wp-content\/uploads\/2023\/08\/debora-martinelli-1408.jpg\" alt=\"\" class=\"wp-image-165781\" srcset=\"https:\/\/www.hoymercedes.com.ar\/principal\/wp-content\/uploads\/2023\/08\/debora-martinelli-1408.jpg 640w, https:\/\/www.hoymercedes.com.ar\/principal\/wp-content\/uploads\/2023\/08\/debora-martinelli-1408-630x405.jpg 630w, https:\/\/www.hoymercedes.com.ar\/principal\/wp-content\/uploads\/2023\/08\/debora-martinelli-1408-150x96.jpg 150w\" sizes=\"auto, (max-width: 640px) 100vw, 640px\" \/><\/figure>\n<\/div>\n\n\n<p>Est\u00e1 inscrita en la divisional F 35 con el dorsal 240 y trabaja en la preparaci\u00f3n f\u00edsica en Bap Gym de nuestra ciudad.<br>De cara a lo que se viene, D\u00e9bora comparti\u00f3 entrenamientos con el futuro de la disciplina, dos j\u00f3venes lanzadores que realizan disco y bala representando a diversas instituciones educativas de la ciudad Pedro (San Luis) y Santiago (mejor marca personal en Bala dentro de los bonaerenses) del colegio industrial.<br>La atleta del Club Olimpia de CABA ir\u00e1 por la gesta de Misiones con el respaldo de las siguientes marcas locales: Emotiva, la tarde de Marce en radio Vida FM 104.3 Mhz, Eugenia entra y mira, Tass, colegios San Benito y Camila Rol\u00f3n.<\/p>\n\n\n\n<p>Colaboraci\u00f3n Mariano Oyarz\u00fa<\/p>\n","protected":false},"excerpt":{"rendered":"<p>La atleta mercedina D\u00e9bora Martinelli busca llegar de la mejor manera al argentino de Misiones torneo que podr\u00eda convertirse en &#8230; <a title=\"Atletismo: D\u00e9bora Martinelli busca llegar a Misiones\" class=\"read-more\" href=\"https:\/\/www.hoymercedes.com.ar\/principal\/2023\/08\/14\/atletismo-debora-martinelli-busca-llegar-a-misiones\/\" aria-label=\"Leer m\u00e1s sobre Atletismo: D\u00e9bora Martinelli busca llegar a Misiones\">Leer m\u00e1s<\/a><\/p>\n","protected":false},"author":1,"featured_media":165781,"comment_status":"closed","ping_status":"open","sticky":false,"template":"","format":"standard","meta":{"_monsterinsights_skip_tracking":false,"_monsterinsights_sitenote_active":false,"_monsterinsights_sitenote_note":"","_monsterinsights_sitenote_category":0,"jetpack_post_was_ever_published":false,"_jetpack_newsletter_access":"","_jetpack_dont_email_post_to_subs":false,"_jetpack_newsletter_tier_id":0,"_jetpack_memberships_contains_paywalled_content":false,"_jetpack_memberships_contains_paid_content":false,"footnotes":"","jetpack_publicize_message":"","jetpack_publicize_feature_enabled":true,"jetpack_social_post_already_shared":true,"jetpack_social_options":{"image_generator_settings":{"template":"highway","default_image_id":0,"font":"","enabled":false},"version":2},"_wpas_customize_per_network":false},"categories":[8],"tags":[803,14148,204],"class_list":["post-165784","post","type-post","status-publish","format-standard","has-post-thumbnail","hentry","category-sociedad","tag-atletismo","tag-debora-martinelli","tag-deportes-2","generate-columns","tablet-grid-50","mobile-grid-100","grid-parent","grid-50"],"jetpack_publicize_connections":[],"jetpack_featured_media_url":"https:\/\/www.hoymercedes.com.ar\/principal\/wp-content\/uploads\/2023\/08\/debora-martinelli-1408.jpg","wps_subtitle":"","jetpack_sharing_enabled":true,"_links":{"self":[{"href":"https:\/\/www.hoymercedes.com.ar\/principal\/wp-json\/wp\/v2\/posts\/165784","targetHints":{"allow":["GET"]}}],"collection":[{"href":"https:\/\/www.hoymercedes.com.ar\/principal\/wp-json\/wp\/v2\/posts"}],"about":[{"href":"https:\/\/www.hoymercedes.com.ar\/principal\/wp-json\/wp\/v2\/types\/post"}],"author":[{"embeddable":true,"href":"https:\/\/www.hoymercedes.com.ar\/principal\/wp-json\/wp\/v2\/users\/1"}],"replies":[{"embeddable":true,"href":"https:\/\/www.hoymercedes.com.ar\/principal\/wp-json\/wp\/v2\/comments?post=165784"}],"version-history":[{"count":0,"href":"https:\/\/www.hoymercedes.com.ar\/principal\/wp-json\/wp\/v2\/posts\/165784\/revisions"}],"wp:featuredmedia":[{"embeddable":true,"href":"https:\/\/www.hoymercedes.com.ar\/principal\/wp-json\/wp\/v2\/media\/165781"}],"wp:attachment":[{"href":"https:\/\/www.hoymercedes.com.ar\/principal\/wp-json\/wp\/v2\/media?parent=165784"}],"wp:term":[{"taxonomy":"category","embeddable":true,"href":"https:\/\/www.hoymercedes.com.ar\/principal\/wp-json\/wp\/v2\/categories?post=165784"},{"taxonomy":"post_tag","embeddable":true,"href":"https:\/\/www.hoymercedes.com.ar\/principal\/wp-json\/wp\/v2\/tags?post=165784"}],"curies":[{"name":"wp","href":"https:\/\/api.w.org\/{rel}","templated":true}]}}