{"id":165819,"date":"2023-08-15T20:05:00","date_gmt":"2023-08-15T23:05:00","guid":{"rendered":"https:\/\/www.hoymercedes.com.ar\/principal\/?p=165819"},"modified":"2023-08-15T18:22:37","modified_gmt":"2023-08-15T21:22:37","slug":"gran-fiesta-por-el-dia-de-la-ninez-en-la-trocha","status":"publish","type":"post","link":"https:\/\/www.hoymercedes.com.ar\/principal\/2023\/08\/15\/gran-fiesta-por-el-dia-de-la-ninez-en-la-trocha\/","title":{"rendered":"Gran fiesta por el d\u00eda de la ni\u00f1ez en La Trocha"},"content":{"rendered":"\n<figure class=\"wp-block-image size-large\"><img loading=\"lazy\" decoding=\"async\" width=\"1024\" height=\"680\" data-attachment-id=\"165824\" data-permalink=\"https:\/\/www.hoymercedes.com.ar\/principal\/2023\/08\/15\/gran-fiesta-por-el-dia-de-la-ninez-en-la-trocha\/infancias\/#main\" data-orig-file=\"https:\/\/www.hoymercedes.com.ar\/principal\/wp-content\/uploads\/2023\/08\/Infancias-.jpg\" data-orig-size=\"1323,879\" data-comments-opened=\"0\" data-image-meta=\"{&quot;aperture&quot;:&quot;0&quot;,&quot;credit&quot;:&quot;Moreira Mario Hugo    FOTOGRAFIA&quot;,&quot;camera&quot;:&quot;&quot;,&quot;caption&quot;:&quot;&quot;,&quot;created_timestamp&quot;:&quot;0&quot;,&quot;copyright&quot;:&quot;AW Fotografia   Moreira Mario Hugo&quot;,&quot;focal_length&quot;:&quot;0&quot;,&quot;iso&quot;:&quot;0&quot;,&quot;shutter_speed&quot;:&quot;0&quot;,&quot;title&quot;:&quot;&quot;,&quot;orientation&quot;:&quot;0&quot;}\" data-image-title=\"Infancias-\" data-image-description=\"\" data-image-caption=\"\" data-large-file=\"https:\/\/www.hoymercedes.com.ar\/principal\/wp-content\/uploads\/2023\/08\/Infancias--1024x680.jpg\" src=\"https:\/\/www.hoymercedes.com.ar\/principal\/wp-content\/uploads\/2023\/08\/Infancias--1024x680.jpg\" alt=\"\" class=\"wp-image-165824\" srcset=\"https:\/\/www.hoymercedes.com.ar\/principal\/wp-content\/uploads\/2023\/08\/Infancias--1024x680.jpg 1024w, https:\/\/www.hoymercedes.com.ar\/principal\/wp-content\/uploads\/2023\/08\/Infancias--630x419.jpg 630w, https:\/\/www.hoymercedes.com.ar\/principal\/wp-content\/uploads\/2023\/08\/Infancias--150x100.jpg 150w, https:\/\/www.hoymercedes.com.ar\/principal\/wp-content\/uploads\/2023\/08\/Infancias--700x465.jpg 700w, https:\/\/www.hoymercedes.com.ar\/principal\/wp-content\/uploads\/2023\/08\/Infancias-.jpg 1323w\" sizes=\"auto, (max-width: 1024px) 100vw, 1024px\" \/><\/figure>\n\n\n\n<p>El pr\u00f3ximo s\u00e1bado 19 se celebrar\u00e1 en La Trocha el d\u00eda de la ni\u00f1ez. Habr\u00e1 espect\u00e1culos en vivo, juegos, cine, inflables, espacios para la familia y m\u00e1s. Ser\u00e1 desde las 14hs y es libre y gratuito.<\/p>\n\n\n\n<p><strong>Fiesta<\/strong><\/p>\n\n\n\n<p>El Municipio de Mercedes a trav\u00e9s de sus diferentes \u00e1reas, prepara un gran festejo para todos los ni\u00f1os, ni\u00f1as y familias de nuestra ciudad, este s\u00e1bado 19 de agosto en el C.C La Trocha. El evento comienza a las 14:00 horas y habr\u00e1 inflables, juegos, payasos, m\u00fasica y cine, donde se proyectar\u00e1 \u201cYo Nena, Yo Princesa\u201d una pel\u00edcula de Federico Palazzo.<\/p>\n\n\n\n<p>Asimismo, se contar\u00e1 con un espacio de las juventudes, que tendr\u00e1 competencia de Freestyle y el show de Nenas Santas y Mirkins. &nbsp;<\/p>\n\n\n\n<p><strong>Celebraci\u00f3n<\/strong><\/p>\n\n\n\n<p>La directora de ni\u00f1ez y adolescencia, Lic. Gabriela Olivella se\u00f1al\u00f3 \u201cestamos muy felices de poder trabajar en este festejo que tiene a la ni\u00f1ez como eje\u201d y agreg\u00f3 \u201cquiero agradecer a todas las instituciones por el gran trabajo, para que los chicos y chicas de la ciudad puedan disfrutar de su d\u00eda\u201d.<\/p>\n\n\n\n<p><strong>Compartir<\/strong><\/p>\n\n\n\n<p>Por otro lado, Gabriela Olivella cont\u00f3 \u201ceste s\u00e1bado 19 de agosto, en el Complejo Cultural La Trocha, el Municipio de Mercedes organiza un gran festejo, donde tocar\u00e1n bandas para ni\u00f1os, mientras tanto en el predio, se estar\u00e1 brindando todo lo que son los juegos desde \u201cEstaci\u00f3n Juego\u201d y desde las diferentes \u00e1reas del Municipio participando con los distintos dispositivos y actividades, inflables, una merienda (chocolate caliente) para repartir entre los ni\u00f1os, ni\u00f1as y sus familias, como as\u00ed tambi\u00e9n juegos, payasos, m\u00fasica y cine, donde se proyectar\u00e1 \u201cYo Nena, Yo Princesa\u201d una pel\u00edcula Federico Palazzo.<\/p>\n\n\n\n<p><strong>Juventudes<\/strong><\/p>\n\n\n\n<p>A su vez, Olivella inform\u00f3 \u201clas juventudes tendr\u00e1n su espacio, donde habr\u00e1 una competencia de Freestyle\u201d y a\u00f1adi\u00f3 \u201ctodo comienza a las 15:00 horas con Nenas Santas, a las 15:30 estar\u00e1 la competencia hasta 17:00 horas donde se har\u00e1 presente Mirkins, para luego s\u00ed finalizar con la competencia, alrededor de las 17:40. Las inscripciones para la misma comienzan a las 15:00 horas hasta las 16:00\u201d.<\/p>\n","protected":false},"excerpt":{"rendered":"<p>El pr\u00f3ximo s\u00e1bado 19 se celebrar\u00e1 en La Trocha el d\u00eda de la ni\u00f1ez. Habr\u00e1 espect\u00e1culos en vivo, juegos, cine, &#8230; <a title=\"Gran fiesta por el d\u00eda de la ni\u00f1ez en La Trocha\" class=\"read-more\" href=\"https:\/\/www.hoymercedes.com.ar\/principal\/2023\/08\/15\/gran-fiesta-por-el-dia-de-la-ninez-en-la-trocha\/\" aria-label=\"Leer m\u00e1s sobre Gran fiesta por el d\u00eda de la ni\u00f1ez en La Trocha\">Leer m\u00e1s<\/a><\/p>\n","protected":false},"author":1,"featured_media":165824,"comment_status":"closed","ping_status":"open","sticky":false,"template":"","format":"standard","meta":{"_monsterinsights_skip_tracking":false,"_monsterinsights_sitenote_active":false,"_monsterinsights_sitenote_note":"","_monsterinsights_sitenote_category":0,"jetpack_post_was_ever_published":false,"_jetpack_newsletter_access":"","_jetpack_dont_email_post_to_subs":false,"_jetpack_newsletter_tier_id":0,"_jetpack_memberships_contains_paywalled_content":false,"_jetpack_memberships_contains_paid_content":false,"footnotes":"","jetpack_publicize_message":"","jetpack_publicize_feature_enabled":true,"jetpack_social_post_already_shared":true,"jetpack_social_options":{"image_generator_settings":{"template":"highway","default_image_id":0,"font":"","enabled":false},"version":2},"_wpas_customize_per_network":false},"categories":[8],"tags":[18822,6116],"class_list":["post-165819","post","type-post","status-publish","format-standard","has-post-thumbnail","hentry","category-sociedad","tag-direccion-de-generos-y-diversidades","tag-diversidad-cultural","generate-columns","tablet-grid-50","mobile-grid-100","grid-parent","grid-50"],"jetpack_publicize_connections":[],"jetpack_featured_media_url":"https:\/\/www.hoymercedes.com.ar\/principal\/wp-content\/uploads\/2023\/08\/Infancias-.jpg","wps_subtitle":"Invitaci\u00f3n a la comunidad ","jetpack_sharing_enabled":true,"_links":{"self":[{"href":"https:\/\/www.hoymercedes.com.ar\/principal\/wp-json\/wp\/v2\/posts\/165819","targetHints":{"allow":["GET"]}}],"collection":[{"href":"https:\/\/www.hoymercedes.com.ar\/principal\/wp-json\/wp\/v2\/posts"}],"about":[{"href":"https:\/\/www.hoymercedes.com.ar\/principal\/wp-json\/wp\/v2\/types\/post"}],"author":[{"embeddable":true,"href":"https:\/\/www.hoymercedes.com.ar\/principal\/wp-json\/wp\/v2\/users\/1"}],"replies":[{"embeddable":true,"href":"https:\/\/www.hoymercedes.com.ar\/principal\/wp-json\/wp\/v2\/comments?post=165819"}],"version-history":[{"count":0,"href":"https:\/\/www.hoymercedes.com.ar\/principal\/wp-json\/wp\/v2\/posts\/165819\/revisions"}],"wp:featuredmedia":[{"embeddable":true,"href":"https:\/\/www.hoymercedes.com.ar\/principal\/wp-json\/wp\/v2\/media\/165824"}],"wp:attachment":[{"href":"https:\/\/www.hoymercedes.com.ar\/principal\/wp-json\/wp\/v2\/media?parent=165819"}],"wp:term":[{"taxonomy":"category","embeddable":true,"href":"https:\/\/www.hoymercedes.com.ar\/principal\/wp-json\/wp\/v2\/categories?post=165819"},{"taxonomy":"post_tag","embeddable":true,"href":"https:\/\/www.hoymercedes.com.ar\/principal\/wp-json\/wp\/v2\/tags?post=165819"}],"curies":[{"name":"wp","href":"https:\/\/api.w.org\/{rel}","templated":true}]}}