{"id":165847,"date":"2023-08-16T21:16:24","date_gmt":"2023-08-17T00:16:24","guid":{"rendered":"https:\/\/www.hoymercedes.com.ar\/principal\/?p=165847"},"modified":"2023-08-16T21:16:29","modified_gmt":"2023-08-17T00:16:29","slug":"mirar-para-verse-blasberg-y-caceres-inauguran-muestra-de-arte-abstracto","status":"publish","type":"post","link":"https:\/\/www.hoymercedes.com.ar\/principal\/2023\/08\/16\/mirar-para-verse-blasberg-y-caceres-inauguran-muestra-de-arte-abstracto\/","title":{"rendered":"\u201cMirar para verse\u201d: Blasberg y C\u00e1ceres inauguran muestra de arte abstracto"},"content":{"rendered":"\n<p>Pablo Blasberg y F\u00e9lix C\u00e1ceres inauguran muestra de arte abstracto en el Museo de Arte Municipalidad de Mercedes (MAMM). El t\u00edtulo de la exposici\u00f3n es \u201cMirar para verse\u201d, una recopilaci\u00f3n de los trabajos m\u00e1s recientes de ambos artistas. La inauguraci\u00f3n ser\u00e1 el s\u00e1bado 19 de agosto, 19:00 hs, en la Sala B del MAMM.<\/p>\n\n\n<div class=\"wp-block-image\">\n<figure class=\"aligncenter size-full\"><img loading=\"lazy\" decoding=\"async\" width=\"800\" height=\"800\" data-attachment-id=\"165851\" data-permalink=\"https:\/\/www.hoymercedes.com.ar\/principal\/2023\/08\/16\/mirar-para-verse-blasberg-y-caceres-inauguran-muestra-de-arte-abstracto\/flyer-expo-2\/#main\" data-orig-file=\"https:\/\/www.hoymercedes.com.ar\/principal\/wp-content\/uploads\/2023\/08\/Flyer-Expo-1.jpg\" data-orig-size=\"800,800\" data-comments-opened=\"0\" data-image-meta=\"{&quot;aperture&quot;:&quot;0&quot;,&quot;credit&quot;:&quot;&quot;,&quot;camera&quot;:&quot;&quot;,&quot;caption&quot;:&quot;&quot;,&quot;created_timestamp&quot;:&quot;0&quot;,&quot;copyright&quot;:&quot;&quot;,&quot;focal_length&quot;:&quot;0&quot;,&quot;iso&quot;:&quot;0&quot;,&quot;shutter_speed&quot;:&quot;0&quot;,&quot;title&quot;:&quot;&quot;,&quot;orientation&quot;:&quot;0&quot;}\" data-image-title=\"Flyer Expo\" data-image-description=\"\" data-image-caption=\"\" data-large-file=\"https:\/\/www.hoymercedes.com.ar\/principal\/wp-content\/uploads\/2023\/08\/Flyer-Expo-1.jpg\" src=\"https:\/\/www.hoymercedes.com.ar\/principal\/wp-content\/uploads\/2023\/08\/Flyer-Expo-1.jpg\" alt=\"\" class=\"wp-image-165851\" srcset=\"https:\/\/www.hoymercedes.com.ar\/principal\/wp-content\/uploads\/2023\/08\/Flyer-Expo-1.jpg 800w, https:\/\/www.hoymercedes.com.ar\/principal\/wp-content\/uploads\/2023\/08\/Flyer-Expo-1-620x620.jpg 620w, https:\/\/www.hoymercedes.com.ar\/principal\/wp-content\/uploads\/2023\/08\/Flyer-Expo-1-150x150.jpg 150w\" sizes=\"auto, (max-width: 800px) 100vw, 800px\" \/><\/figure>\n<\/div>\n\n\n<p>La exposici\u00f3n titulada \u201cMirar para verse\u201d, una recopilaci\u00f3n de los trabajos m\u00e1s recientes del artista pl\u00e1stico Pablo Blasberg y el escultor F\u00e9lix C\u00e1ceres Pag\u00e9s. La muestra se presentar\u00e1 en el marco de los proyectos expositivos que el Museo de Arte brinda en la localidad de Mercedes, como aporte para difundir producciones de artistas de locales y de diferentes puntos del pa\u00eds.<\/p>\n\n\n\n<p><strong>Acerca de la exposici\u00f3n<\/strong><br>M\u00e1s all\u00e1 de los materiales, de las disciplinas y de los lenguajes, las obras que aqu\u00ed presentan Pablo Blasberg y F\u00e9lix C\u00e1ceres Pag\u00e9s tienen un punto de partida en com\u00fan: la necesidad de trasmutar su propio mundo interior en objetos palpables, visibles para los dem\u00e1s. \u00abLa tarea del arte es transformar lo que nos ocurre continuamente en s\u00edmbolos, en m\u00fasica, en algo que pueda perdurar en la memoria de los hombres. Es nuestro deber, tenemos que cumplir con \u00e9l; si no, nos sentimos muy desdichados\u00bb dijo Jorge Luis Borges.<br>\u00abMirar para verse\u00bb es lo que proponen ambos artistas a quienes se acerquen a sus obras. Cada escultura, cada pintura, busca funcionar como un espejo para que el espectador pueda sensibilizarse y asomarse a su propio mundo interior. \u00bfQu\u00e9 son esas manchas, l\u00edneas y colores? \u00bfQu\u00e9 hay en esas formas, vol\u00famenes y espacios? M\u00e1s all\u00e1 del placer visual que (en el mejor de los casos) estas obras puedan generar, los artistas proponen un di\u00e1logo activo con cada pieza, en el que cada visitante no sea un mero espectador, sino que participe del hecho art\u00edstico con sus propias proyecciones y emociones.<\/p>\n\n\n<div class=\"wp-block-image\">\n<figure class=\"aligncenter size-full\"><img loading=\"lazy\" decoding=\"async\" width=\"800\" height=\"504\" data-attachment-id=\"165852\" data-permalink=\"https:\/\/www.hoymercedes.com.ar\/principal\/2023\/08\/16\/mirar-para-verse-blasberg-y-caceres-inauguran-muestra-de-arte-abstracto\/pablo-blasberg\/#main\" data-orig-file=\"https:\/\/www.hoymercedes.com.ar\/principal\/wp-content\/uploads\/2023\/08\/Pablo-Blasberg.jpg\" data-orig-size=\"800,504\" data-comments-opened=\"0\" data-image-meta=\"{&quot;aperture&quot;:&quot;0&quot;,&quot;credit&quot;:&quot;&quot;,&quot;camera&quot;:&quot;&quot;,&quot;caption&quot;:&quot;&quot;,&quot;created_timestamp&quot;:&quot;1692040958&quot;,&quot;copyright&quot;:&quot;&quot;,&quot;focal_length&quot;:&quot;0&quot;,&quot;iso&quot;:&quot;0&quot;,&quot;shutter_speed&quot;:&quot;0&quot;,&quot;title&quot;:&quot;&quot;,&quot;orientation&quot;:&quot;1&quot;}\" data-image-title=\"Pablo Blasberg\" data-image-description=\"\" data-image-caption=\"\" data-large-file=\"https:\/\/www.hoymercedes.com.ar\/principal\/wp-content\/uploads\/2023\/08\/Pablo-Blasberg.jpg\" src=\"https:\/\/www.hoymercedes.com.ar\/principal\/wp-content\/uploads\/2023\/08\/Pablo-Blasberg.jpg\" alt=\"\" class=\"wp-image-165852\" srcset=\"https:\/\/www.hoymercedes.com.ar\/principal\/wp-content\/uploads\/2023\/08\/Pablo-Blasberg.jpg 800w, https:\/\/www.hoymercedes.com.ar\/principal\/wp-content\/uploads\/2023\/08\/Pablo-Blasberg-630x397.jpg 630w, https:\/\/www.hoymercedes.com.ar\/principal\/wp-content\/uploads\/2023\/08\/Pablo-Blasberg-150x95.jpg 150w\" sizes=\"auto, (max-width: 800px) 100vw, 800px\" \/><\/figure>\n<\/div>\n\n\n<p><strong>Dibujos y pinturas de Pablo Blasberg<\/strong><br>Esta exposici\u00f3n recopila una selecci\u00f3n de obras realizadas entre 2020 y 2023,en la que se puede observar el recorrido de una intensa experimentaci\u00f3n pl\u00e1stica. Utilizando diferentes t\u00e9cnicas y soportes (l\u00e1pices y pasteles en papel, acr\u00edlicos, \u00f3leo y collage sobre madera o lienzo) Blasberg busca romper con elementos figurativos y narrativos, para intentar llegar a una expresividad m\u00e1s pura y elemental. Vali\u00e9ndose de la fuerza de la gestualidad, en donde el caos parece buscar su propio orden, los cuadros m\u00e1s recientes desaf\u00edan al espectador a sostener su mirada. Proponen una ventana en la que, a modo de espejo, cada visitante puede asomarse y tener un atisbo de su propio mundo interior.<br>Nacido en Capital Federal y residente en Mercedes desde 2004, Pablo Blasberg es un reconocido ilustrador y humorista gr\u00e1fico que trabaja en la industria period\u00edstica y cultural desde 1989. <br>Pas\u00f3 por las redacciones de los principales diarios argentinos (Clar\u00edn y La Naci\u00f3n), adem\u00e1s de los espa\u00f1oles (El Pa\u00eds, ABC, El Mundo) y publica sus ilustraciones en todo el mundo a trav\u00e9s de la agencia inglesa Ikon-Images. Desde 2016 trabaja en la Agencia Nacional de Noticias T\u00e9lam.<br>Paralelamente, ha desarrollado una obra pl\u00e1stica libre y personal. Asisti\u00f3 a los talleres de los maestros Naum Goijman, Carlos Ur\u00eda, Fernando O&#8217;Connor, Miguel Ronsino y Juan Astica. <br>Web oficial: http:\/\/blasberg.art<\/p>\n\n\n<div class=\"wp-block-image\">\n<figure class=\"alignleft size-full is-resized\"><img loading=\"lazy\" decoding=\"async\" data-attachment-id=\"165849\" data-permalink=\"https:\/\/www.hoymercedes.com.ar\/principal\/2023\/08\/16\/mirar-para-verse-blasberg-y-caceres-inauguran-muestra-de-arte-abstracto\/felix-caceres-pages\/#main\" data-orig-file=\"https:\/\/www.hoymercedes.com.ar\/principal\/wp-content\/uploads\/2023\/08\/Felix-Caceres-Pages.jpg\" data-orig-size=\"600,800\" data-comments-opened=\"0\" data-image-meta=\"{&quot;aperture&quot;:&quot;0&quot;,&quot;credit&quot;:&quot;&quot;,&quot;camera&quot;:&quot;&quot;,&quot;caption&quot;:&quot;&quot;,&quot;created_timestamp&quot;:&quot;0&quot;,&quot;copyright&quot;:&quot;&quot;,&quot;focal_length&quot;:&quot;0&quot;,&quot;iso&quot;:&quot;0&quot;,&quot;shutter_speed&quot;:&quot;0&quot;,&quot;title&quot;:&quot;&quot;,&quot;orientation&quot;:&quot;0&quot;}\" data-image-title=\"Felix Caceres Pages\" data-image-description=\"\" data-image-caption=\"\" data-large-file=\"https:\/\/www.hoymercedes.com.ar\/principal\/wp-content\/uploads\/2023\/08\/Felix-Caceres-Pages.jpg\" src=\"https:\/\/www.hoymercedes.com.ar\/principal\/wp-content\/uploads\/2023\/08\/Felix-Caceres-Pages.jpg\" alt=\"\" class=\"wp-image-165849\" style=\"width:427px;height:569px\" width=\"427\" height=\"569\" srcset=\"https:\/\/www.hoymercedes.com.ar\/principal\/wp-content\/uploads\/2023\/08\/Felix-Caceres-Pages.jpg 600w, https:\/\/www.hoymercedes.com.ar\/principal\/wp-content\/uploads\/2023\/08\/Felix-Caceres-Pages-465x620.jpg 465w, https:\/\/www.hoymercedes.com.ar\/principal\/wp-content\/uploads\/2023\/08\/Felix-Caceres-Pages-113x150.jpg 113w\" sizes=\"auto, (max-width: 427px) 100vw, 427px\" \/><\/figure>\n<\/div>\n\n\n<p><strong>Esculturas de F\u00e9lix C\u00e1ceres Pag\u00e9s<\/strong><br>\u00bfSe puede ver lo que no est\u00e1? La obra de C\u00e1ceres Pag\u00e9s (Buenos Aires, 1959) nos gu\u00eda no para que veamos lo oculto sino para que lo vayamos intuyendo, para que podamos encontrar lo que falta, lo que nos es vedado.<br>Como una musa ciega, estos objetos nos incitan a que descubramos entre la bruma de la interpretaci\u00f3n las sutiles er\u00f3ticas de cada uno de ellos.<br>Con un profundo sentido espacial, irremediablemente sentimos el impulso a detenernos, a rodearlas a acariciarlas, pero al mismo tiempo a cederles el control, a dejarnos envolver por ellas.<br>Dif\u00edcilmente podamos explicar o entender cada una de estas obras o la muestra en general, ser\u00eda un error el intentarlo, pero seguramente no saldremos indemnes de esta experiencia de los sentidos.<\/p>\n","protected":false},"excerpt":{"rendered":"<p>Pablo Blasberg y F\u00e9lix C\u00e1ceres inauguran muestra de arte abstracto en el Museo de Arte Municipalidad de Mercedes (MAMM). El &#8230; <a title=\"\u201cMirar para verse\u201d: Blasberg y C\u00e1ceres inauguran muestra de arte abstracto\" class=\"read-more\" href=\"https:\/\/www.hoymercedes.com.ar\/principal\/2023\/08\/16\/mirar-para-verse-blasberg-y-caceres-inauguran-muestra-de-arte-abstracto\/\" aria-label=\"Leer m\u00e1s sobre \u201cMirar para verse\u201d: Blasberg y C\u00e1ceres inauguran muestra de arte abstracto\">Leer m\u00e1s<\/a><\/p>\n","protected":false},"author":1,"featured_media":165852,"comment_status":"closed","ping_status":"open","sticky":false,"template":"","format":"standard","meta":{"_monsterinsights_skip_tracking":false,"_monsterinsights_sitenote_active":false,"_monsterinsights_sitenote_note":"","_monsterinsights_sitenote_category":0,"jetpack_post_was_ever_published":false,"_jetpack_newsletter_access":"","_jetpack_dont_email_post_to_subs":false,"_jetpack_newsletter_tier_id":0,"_jetpack_memberships_contains_paywalled_content":false,"_jetpack_memberships_contains_paid_content":false,"footnotes":"","jetpack_publicize_message":"","jetpack_publicize_feature_enabled":true,"jetpack_social_post_already_shared":true,"jetpack_social_options":{"image_generator_settings":{"template":"highway","default_image_id":0,"font":"","enabled":false},"version":2},"_wpas_customize_per_network":false},"categories":[104],"tags":[7805],"class_list":["post-165847","post","type-post","status-publish","format-standard","has-post-thumbnail","hentry","category-cultura","tag-cultura","generate-columns","tablet-grid-50","mobile-grid-100","grid-parent","grid-50"],"jetpack_publicize_connections":[],"jetpack_featured_media_url":"https:\/\/www.hoymercedes.com.ar\/principal\/wp-content\/uploads\/2023\/08\/Pablo-Blasberg.jpg","wps_subtitle":"","jetpack_sharing_enabled":true,"_links":{"self":[{"href":"https:\/\/www.hoymercedes.com.ar\/principal\/wp-json\/wp\/v2\/posts\/165847","targetHints":{"allow":["GET"]}}],"collection":[{"href":"https:\/\/www.hoymercedes.com.ar\/principal\/wp-json\/wp\/v2\/posts"}],"about":[{"href":"https:\/\/www.hoymercedes.com.ar\/principal\/wp-json\/wp\/v2\/types\/post"}],"author":[{"embeddable":true,"href":"https:\/\/www.hoymercedes.com.ar\/principal\/wp-json\/wp\/v2\/users\/1"}],"replies":[{"embeddable":true,"href":"https:\/\/www.hoymercedes.com.ar\/principal\/wp-json\/wp\/v2\/comments?post=165847"}],"version-history":[{"count":0,"href":"https:\/\/www.hoymercedes.com.ar\/principal\/wp-json\/wp\/v2\/posts\/165847\/revisions"}],"wp:featuredmedia":[{"embeddable":true,"href":"https:\/\/www.hoymercedes.com.ar\/principal\/wp-json\/wp\/v2\/media\/165852"}],"wp:attachment":[{"href":"https:\/\/www.hoymercedes.com.ar\/principal\/wp-json\/wp\/v2\/media?parent=165847"}],"wp:term":[{"taxonomy":"category","embeddable":true,"href":"https:\/\/www.hoymercedes.com.ar\/principal\/wp-json\/wp\/v2\/categories?post=165847"},{"taxonomy":"post_tag","embeddable":true,"href":"https:\/\/www.hoymercedes.com.ar\/principal\/wp-json\/wp\/v2\/tags?post=165847"}],"curies":[{"name":"wp","href":"https:\/\/api.w.org\/{rel}","templated":true}]}}