{"id":165904,"date":"2023-08-18T21:15:00","date_gmt":"2023-08-19T00:15:00","guid":{"rendered":"https:\/\/www.hoymercedes.com.ar\/principal\/?p=165904"},"modified":"2023-08-18T22:42:17","modified_gmt":"2023-08-19T01:42:17","slug":"en-pro-arte-mercedes-se-presenta-el-pianista-marcelo-balat","status":"publish","type":"post","link":"https:\/\/www.hoymercedes.com.ar\/principal\/2023\/08\/18\/en-pro-arte-mercedes-se-presenta-el-pianista-marcelo-balat\/","title":{"rendered":"En Pro Arte Mercedes se presenta el pianista Marcelo Balat"},"content":{"rendered":"\n<p>Por Susana Spano &#8211; El pr\u00f3ximo s\u00e1bado, 19 de agosto, a partir de las 20:00, PRO ARTE MERCEDES &#8211; Centro de Egresados del Colegio Nacional \u201cFlorentino Ameghino\u201d \u2013 presenta al destacado pianista, Marcelo Balat, en su ciclo 2023.<\/p>\n\n\n<div class=\"wp-block-image\">\n<figure class=\"aligncenter size-full\"><img loading=\"lazy\" decoding=\"async\" width=\"770\" height=\"463\" data-attachment-id=\"165905\" data-permalink=\"https:\/\/www.hoymercedes.com.ar\/principal\/2023\/08\/18\/en-pro-arte-mercedes-se-presenta-el-pianista-marcelo-balat\/piano\/#main\" data-orig-file=\"https:\/\/www.hoymercedes.com.ar\/principal\/wp-content\/uploads\/2023\/08\/piano.jpg\" data-orig-size=\"770,463\" data-comments-opened=\"0\" data-image-meta=\"{&quot;aperture&quot;:&quot;0&quot;,&quot;credit&quot;:&quot;&quot;,&quot;camera&quot;:&quot;&quot;,&quot;caption&quot;:&quot;&quot;,&quot;created_timestamp&quot;:&quot;0&quot;,&quot;copyright&quot;:&quot;&quot;,&quot;focal_length&quot;:&quot;0&quot;,&quot;iso&quot;:&quot;0&quot;,&quot;shutter_speed&quot;:&quot;0&quot;,&quot;title&quot;:&quot;&quot;,&quot;orientation&quot;:&quot;0&quot;}\" data-image-title=\"piano\" data-image-description=\"\" data-image-caption=\"\" data-large-file=\"https:\/\/www.hoymercedes.com.ar\/principal\/wp-content\/uploads\/2023\/08\/piano.jpg\" src=\"https:\/\/www.hoymercedes.com.ar\/principal\/wp-content\/uploads\/2023\/08\/piano.jpg\" alt=\"\" class=\"wp-image-165905\" srcset=\"https:\/\/www.hoymercedes.com.ar\/principal\/wp-content\/uploads\/2023\/08\/piano.jpg 770w, https:\/\/www.hoymercedes.com.ar\/principal\/wp-content\/uploads\/2023\/08\/piano-630x379.jpg 630w, https:\/\/www.hoymercedes.com.ar\/principal\/wp-content\/uploads\/2023\/08\/piano-150x90.jpg 150w\" sizes=\"auto, (max-width: 770px) 100vw, 770px\" \/><\/figure>\n<\/div>\n\n\n<p>Este talentoso artista naci\u00f3 en Cruz del Eje &#8211; C\u00f3rdoba, Argentina -. En 1983 comienza sus primeros estudios musicales, bajo la direcci\u00f3n de su madre, en el Conservatorio Superior de dicha ciudad y en 2003 obtiene el T\u00edtulo de Profesor Superior de Piano.<\/p>\n\n\n\n<p>Posteriormente se perfeccion\u00f3 en nuestro pa\u00eds con P\u00eda Sebastiani, piano; Valdo Sciammarella, Morfolog\u00eda Musical y continu\u00f3 su perfeccionamiento en Espa\u00f1a, con la renombrada profesora Galina Egyazarova, en la Escuela Superior de M\u00fasica \u201cReina Sof\u00eda\u201d, donde le fue entregada &#8211; por dos a\u00f1os consecutivos &#8211; la distinci\u00f3n de \u201cAlumno m\u00e1s Sobresaliente\u201d de manos de la Reina Sof\u00eda.<\/p>\n\n\n\n<p>Su formaci\u00f3n musical cont\u00f3 con el apoyo del Ministerio de Educaci\u00f3n de la Naci\u00f3n, Festivales Musicales de Buenos Aires, Fundaci\u00f3n Beethoven, Fondo Nacional de las Artes, Fundaci\u00f3n Carolina de Espa\u00f1a y Mozarteum Argentino.<\/p>\n\n\n\n<p>Ha participado en distintos concursos en nuestro pa\u00eds, obteniendo el primer premio en la Bienal Juvenil 2001 de Festivales Musicales y Concurso Nacional del Centro de Estudios Pian\u00edsticos de Buenos Aires, por el que realiz\u00f3 una gira de conciertos en Espa\u00f1a en 2003. Ese mismo a\u00f1o obtuvo Menci\u00f3n de Honor en el II Concurso Internacional de Piano \u201cMartha Argerich\u201d.<\/p>\n\n\n\n<p>En 2005 recibi\u00f3 el Premio Est\u00edmulo de la Asociaci\u00f3n de Cr\u00edticos Musicales.<\/p>\n\n\n\n<p>Durante su estancia en Espa\u00f1a, entre 2005 y 2009, obtuvo primeros premios en los Concursos \u201cCiutat de Manresa\u201d, Concurso Internacional de Piano \u201cEugenia Verdet\u201d y el Concurso \u201cCiutat de X\u00e1tiva\u201d.<\/p>\n\n\n\n<p>En 2010 fue distinguido en Brasil con el primer Premio del Concurso Latinoamericano de piano, realizado en Florian\u00f3polis.<\/p>\n\n\n\n<p>En 2019 recibi\u00f3 el prestigioso Diploma al M\u00e9rito de los Premios Konex como artista revelaci\u00f3n de la \u00faltima d\u00e9cada.<\/p>\n\n\n\n<p>Marcelo Balat es uno de los m\u00e1s destacados pianistas argentinos y actualmente se desempe\u00f1a como Solista Titular de Piano y Celesta de la Orquesta Sinf\u00f3nica Nacional de Argentina.<\/p>\n\n\n\n<p>Regularmente ofrece conciertos en las salas m\u00e1s importantes de Argentina, Brasil, Uruguay, Per\u00fa, Chile, Paraguay, Cuba, Espa\u00f1a y Alemania y se ha presentado junto a las Orquestas Sinf\u00f3nicas m\u00e1s importantes de nuestro pa\u00eds: Sinf\u00f3nica Nacional, Filarm\u00f3nica de Buenos Aires, Orquesta Estable del Teatro Col\u00f3n, por nombrar algunas, bajo importantes batutas como Pedro Calder\u00f3n, Yoav Talmi, Francisco Rettig, Sylvain Gasan\u00e7on y G\u00fcnter Neuhold.<\/p>\n\n\n\n<p>Entre sus actuaciones m\u00e1s destacadas pueden mencionarse: el concierto para cuatro teclados de J.S.Bach junto a Martha Argerich, P\u00eda Sebastiani y Mauricio Vallina en el Teatro Col\u00f3n, su presentaci\u00f3n como solista en 2007 el Auditorio Nacional de M\u00fasica de Espa\u00f1a, en 2009 en el Konzerthaus de Berl\u00edn y en el Museo del Prado. Ese mismo a\u00f1o, realiz\u00f3 junto a Luis Gran\u00e9 el estreno mundial de una obra para dos pianos de Sof\u00eda Gubaidulina, transmitido en vivo por la Radio Nacional de Espa\u00f1a.<\/p>\n\n\n\n<p>En 2017 interpret\u00f3 la Sinfon\u00eda Turangalila y en 2019 Osieaux Exotiques de O. Messiaen junto a la Orquesta Sinf\u00f3nica Nacional Argentina.<\/p>\n\n\n\n<p>Sus presentaciones m\u00e1s recientes incluyeron la interpretaci\u00f3n del Concierto N\u00b02 de B\u00e9la Bart\u00f3k y el estreno sudamericano de Kuleshov de Oscar Strasnoy en el Teatro Col\u00f3n.<\/p>\n\n\n\n<p>En su rol de solista de piano y celesta, actu\u00f3 con la West Eastern Divan Orchestra, bajo la batuta de Daniel Barenboim.<\/p>\n\n\n\n<p>Marcelo Balat desarrolla, adem\u00e1s, una intensa actividad camar\u00edstica. Es miembro del Tr\u00edo Ginastera, junto a Xavier Inchausti y Jos\u00e9 Araujo, galardonado por la Asociaci\u00f3n de cr\u00edticos musicales como el mejor Conjunto de c\u00e1mara argentino de la Temporada 2018. Adem\u00e1s forma parte del Ensamble ArtHaus.<\/p>\n\n\n\n<p>Su inter\u00e9s por la educaci\u00f3n musical lo llev\u00f3 a ejercer la direcci\u00f3n acad\u00e9mica de la Fundaci\u00f3n Beethoven de la ciudad de Buenos Aires.<\/p>\n\n\n\n<p>En la actualidad es profesor de la c\u00e1tedra de piano y m\u00fasica de c\u00e1mara de la Universidad Pontifica Cat\u00f3lica Argentina.<\/p>\n\n\n\n<p>El s\u00e1bado 19 se presenta en el Colegio Nacional con dos obras de gran envergadura: la \u00abSonata Op.57 en FA menor \u201cAppssionata\u201d\u00bb de Ludwig van Beethoven y los \u00abEtudes-Tableaux Op.39\u00bb de Sergu\u00e9i Rajm\u00e1ninov.<\/p>\n\n\n\n<p>Sonata para piano N\u00b0 23 en Fa menor Op. 57, \u201cAppassionata\u201d: es una de las obras m\u00e1s importantes del per\u00edodo medio de Beethoven, y una de las preferidas del p\u00fablico y del compositor (al menos hasta el momento de su creaci\u00f3n). El proceso de composici\u00f3n de la obra comenz\u00f3 en 1804 y se extendi\u00f3 hasta 1806. Su \u201csobrenombre\u201d -que exalta su car\u00e1cter- no fue atribuido por el compositor sino por el editor en la primera publicaci\u00f3n vienesa.<\/p>\n\n\n\n<p>Esta obra tiene un lugar especial en el gusto del p\u00fablico desde su inicio, y eventos hist\u00f3ricos como la interpretaci\u00f3n de Clara Wieck no hicieron m\u00e1s que acrecentar la fama de esta sonata, cuya incuestionable dificultad t\u00e9cnica s\u00f3lo se compara con su dramatismo.<\/p>\n\n\n\n<p>Los tres movimientos de la \u201cAppassionata\u201d est\u00e1n atravesados por un car\u00e1cter profundamente tr\u00e1gico, y traslucen el desvelo del compositor por crear obras de grandes dimensiones en t\u00e9rminos narrativos y estructurales, siempre haciendo eje en la cohesi\u00f3n discursiva.<\/p>\n\n\n\n<p>Junto con la obra de Sergu\u00e9i Rajm\u00e1ninov \u2013diametralmente opuesta por estilo y \u00e9poca \u2013 Marcelo Balat ha elegido dos obras de gran envergadura para su presentaci\u00f3n en Pro Arte.<\/p>\n\n\n\n<p>La cita es el s\u00e1bado 19 a las 20:00 en el ex Colegio Nacional.<\/p>\n\n\n\n<figure class=\"wp-block-embed is-type-video is-provider-youtube wp-block-embed-youtube wp-embed-aspect-4-3 wp-has-aspect-ratio\"><div class=\"wp-block-embed__wrapper\">\n<span class=\"embed-youtube\" style=\"text-align:center; display: block;\"><iframe loading=\"lazy\" class=\"youtube-player\" width=\"1200\" height=\"675\" src=\"https:\/\/www.youtube.com\/embed\/lBmyaf99NqY?version=3&#038;rel=1&#038;showsearch=0&#038;showinfo=1&#038;iv_load_policy=1&#038;fs=1&#038;hl=es-ES&#038;autohide=2&#038;wmode=transparent\" allowfullscreen=\"true\" style=\"border:0;\" sandbox=\"allow-scripts allow-same-origin allow-popups allow-presentation allow-popups-to-escape-sandbox\"><\/iframe><\/span>\n<\/div><\/figure>\n","protected":false},"excerpt":{"rendered":"<p>Por Susana Spano &#8211; El pr\u00f3ximo s\u00e1bado, 19 de agosto, a partir de las 20:00, PRO ARTE MERCEDES &#8211; Centro &#8230; <a title=\"En Pro Arte Mercedes se presenta el pianista Marcelo Balat\" class=\"read-more\" href=\"https:\/\/www.hoymercedes.com.ar\/principal\/2023\/08\/18\/en-pro-arte-mercedes-se-presenta-el-pianista-marcelo-balat\/\" aria-label=\"Leer m\u00e1s sobre En Pro Arte Mercedes se presenta el pianista Marcelo Balat\">Leer m\u00e1s<\/a><\/p>\n","protected":false},"author":1,"featured_media":165905,"comment_status":"closed","ping_status":"open","sticky":false,"template":"","format":"standard","meta":{"_monsterinsights_skip_tracking":false,"_monsterinsights_sitenote_active":false,"_monsterinsights_sitenote_note":"","_monsterinsights_sitenote_category":0,"jetpack_post_was_ever_published":false,"_jetpack_newsletter_access":"","_jetpack_dont_email_post_to_subs":false,"_jetpack_newsletter_tier_id":0,"_jetpack_memberships_contains_paywalled_content":false,"_jetpack_memberships_contains_paid_content":false,"footnotes":"","jetpack_publicize_message":"","jetpack_publicize_feature_enabled":true,"jetpack_social_post_already_shared":true,"jetpack_social_options":{"image_generator_settings":{"template":"highway","default_image_id":0,"font":"","enabled":false},"version":2},"_wpas_customize_per_network":false},"categories":[104],"tags":[7805],"class_list":["post-165904","post","type-post","status-publish","format-standard","has-post-thumbnail","hentry","category-cultura","tag-cultura","generate-columns","tablet-grid-50","mobile-grid-100","grid-parent","grid-50"],"jetpack_publicize_connections":[],"jetpack_featured_media_url":"https:\/\/www.hoymercedes.com.ar\/principal\/wp-content\/uploads\/2023\/08\/piano.jpg","wps_subtitle":"","jetpack_sharing_enabled":true,"_links":{"self":[{"href":"https:\/\/www.hoymercedes.com.ar\/principal\/wp-json\/wp\/v2\/posts\/165904","targetHints":{"allow":["GET"]}}],"collection":[{"href":"https:\/\/www.hoymercedes.com.ar\/principal\/wp-json\/wp\/v2\/posts"}],"about":[{"href":"https:\/\/www.hoymercedes.com.ar\/principal\/wp-json\/wp\/v2\/types\/post"}],"author":[{"embeddable":true,"href":"https:\/\/www.hoymercedes.com.ar\/principal\/wp-json\/wp\/v2\/users\/1"}],"replies":[{"embeddable":true,"href":"https:\/\/www.hoymercedes.com.ar\/principal\/wp-json\/wp\/v2\/comments?post=165904"}],"version-history":[{"count":0,"href":"https:\/\/www.hoymercedes.com.ar\/principal\/wp-json\/wp\/v2\/posts\/165904\/revisions"}],"wp:featuredmedia":[{"embeddable":true,"href":"https:\/\/www.hoymercedes.com.ar\/principal\/wp-json\/wp\/v2\/media\/165905"}],"wp:attachment":[{"href":"https:\/\/www.hoymercedes.com.ar\/principal\/wp-json\/wp\/v2\/media?parent=165904"}],"wp:term":[{"taxonomy":"category","embeddable":true,"href":"https:\/\/www.hoymercedes.com.ar\/principal\/wp-json\/wp\/v2\/categories?post=165904"},{"taxonomy":"post_tag","embeddable":true,"href":"https:\/\/www.hoymercedes.com.ar\/principal\/wp-json\/wp\/v2\/tags?post=165904"}],"curies":[{"name":"wp","href":"https:\/\/api.w.org\/{rel}","templated":true}]}}