{"id":165929,"date":"2023-08-20T08:40:14","date_gmt":"2023-08-20T11:40:14","guid":{"rendered":"https:\/\/www.hoymercedes.com.ar\/principal\/?p=165929"},"modified":"2023-08-20T08:40:35","modified_gmt":"2023-08-20T11:40:35","slug":"el-museo-miguez-celebra-sus-50-anos","status":"publish","type":"post","link":"https:\/\/www.hoymercedes.com.ar\/principal\/2023\/08\/20\/el-museo-miguez-celebra-sus-50-anos\/","title":{"rendered":"El Museo Miguez celebra sus 50 a\u00f1os"},"content":{"rendered":"\n<p>El Museo Hist\u00f3rico Victor Miguez celebr\u00f3 sus 50 aniversario el \u00faltimo jueves y a partir de all\u00ed realizar\u00e1 actividades abiertas a la comunidad. En el museo de 12 y 23, se exponen pinturas del artistas pl\u00e1stico \u00abFifo\u00bb Roggero. <\/p>\n\n\n\n<p>En el acto aniversario, la actual directora del Museo, Laura Migale explic\u00f3 que el espacio cultural naci\u00f3 hace 50 a\u00f1os gracias a la voluntad de Sof\u00eda M\u00edguez, propietaria y heredera de la casa de la familia del m\u00e9dico V\u00edctor M\u00edguez. Fue ella la que antes de morir dispuso que la casona y muchas de las cosas (muebles, libros, adornos) formen parte del patrimonio municipal y se cree un Museo Hist\u00f3rico que recuerde a su padre. <\/p>\n\n\n\n<p>A su lado, el Intendente Municipal Juan Ignacio Ustarroz y la Directora de Cultura Jimena Rivas, aprovecharon la oportunidad para distinguir a quien dirigi\u00f3 el Museo M\u00edguez por m\u00e1s de 35 a\u00f1os, Liliana Basualdo.  Referente de la culltura y el patrimonio de la ciudad, Liliana recibi\u00f3 el reconocimiento de parte de quienes integran el Museo y agradeci\u00f3 a los presentes. <\/p>\n\n\n\n<p>El Museo abre sus puertas a una serie de actividades que comenz\u00f3 con la exposici\u00f3n de cuadros y pinturas del fallecido artista pl\u00e1stico y periodista Santiago \u00abFifo\u00bb Roggero. En las salas de exposici\u00f3n se pueden ver las obras que reflejan momentos ic\u00f3incos de Mercedes desde el pincel de Fifo. <\/p>\n\n\n\n<figure class=\"wp-block-gallery has-nested-images columns-default is-cropped wp-block-gallery-1 is-layout-flex wp-block-gallery-is-layout-flex\">\n<figure class=\"wp-block-image size-large\"><img loading=\"lazy\" decoding=\"async\" width=\"800\" height=\"532\" data-attachment-id=\"165934\" data-permalink=\"https:\/\/www.hoymercedes.com.ar\/principal\/2023\/08\/20\/el-museo-miguez-celebra-sus-50-anos\/museo-miguez-4\/#main\" data-orig-file=\"https:\/\/www.hoymercedes.com.ar\/principal\/wp-content\/uploads\/2023\/08\/Museo-Miguez-4.jpg\" data-orig-size=\"800,532\" data-comments-opened=\"0\" data-image-meta=\"{&quot;aperture&quot;:&quot;0&quot;,&quot;credit&quot;:&quot;&quot;,&quot;camera&quot;:&quot;&quot;,&quot;caption&quot;:&quot;&quot;,&quot;created_timestamp&quot;:&quot;0&quot;,&quot;copyright&quot;:&quot;&quot;,&quot;focal_length&quot;:&quot;0&quot;,&quot;iso&quot;:&quot;0&quot;,&quot;shutter_speed&quot;:&quot;0&quot;,&quot;title&quot;:&quot;&quot;,&quot;orientation&quot;:&quot;0&quot;}\" data-image-title=\"Museo Miguez 4\" data-image-description=\"\" data-image-caption=\"\" data-large-file=\"https:\/\/www.hoymercedes.com.ar\/principal\/wp-content\/uploads\/2023\/08\/Museo-Miguez-4.jpg\" data-id=\"165934\" src=\"https:\/\/www.hoymercedes.com.ar\/principal\/wp-content\/uploads\/2023\/08\/Museo-Miguez-4.jpg\" alt=\"\" class=\"wp-image-165934\" srcset=\"https:\/\/www.hoymercedes.com.ar\/principal\/wp-content\/uploads\/2023\/08\/Museo-Miguez-4.jpg 800w, https:\/\/www.hoymercedes.com.ar\/principal\/wp-content\/uploads\/2023\/08\/Museo-Miguez-4-630x419.jpg 630w, https:\/\/www.hoymercedes.com.ar\/principal\/wp-content\/uploads\/2023\/08\/Museo-Miguez-4-150x100.jpg 150w, https:\/\/www.hoymercedes.com.ar\/principal\/wp-content\/uploads\/2023\/08\/Museo-Miguez-4-700x465.jpg 700w\" sizes=\"auto, (max-width: 800px) 100vw, 800px\" \/><\/figure>\n\n\n\n<figure class=\"wp-block-image size-large\"><img loading=\"lazy\" decoding=\"async\" width=\"800\" height=\"526\" data-attachment-id=\"165936\" data-permalink=\"https:\/\/www.hoymercedes.com.ar\/principal\/2023\/08\/20\/el-museo-miguez-celebra-sus-50-anos\/museo-miguez-1\/#main\" data-orig-file=\"https:\/\/www.hoymercedes.com.ar\/principal\/wp-content\/uploads\/2023\/08\/Museo-Miguez-1.jpg\" data-orig-size=\"800,526\" data-comments-opened=\"0\" data-image-meta=\"{&quot;aperture&quot;:&quot;0&quot;,&quot;credit&quot;:&quot;&quot;,&quot;camera&quot;:&quot;&quot;,&quot;caption&quot;:&quot;&quot;,&quot;created_timestamp&quot;:&quot;1692520010&quot;,&quot;copyright&quot;:&quot;&quot;,&quot;focal_length&quot;:&quot;0&quot;,&quot;iso&quot;:&quot;0&quot;,&quot;shutter_speed&quot;:&quot;0&quot;,&quot;title&quot;:&quot;&quot;,&quot;orientation&quot;:&quot;1&quot;}\" data-image-title=\"Museo Miguez 1\" data-image-description=\"\" data-image-caption=\"\" data-large-file=\"https:\/\/www.hoymercedes.com.ar\/principal\/wp-content\/uploads\/2023\/08\/Museo-Miguez-1.jpg\" data-id=\"165936\" src=\"https:\/\/www.hoymercedes.com.ar\/principal\/wp-content\/uploads\/2023\/08\/Museo-Miguez-1.jpg\" alt=\"\" class=\"wp-image-165936\" srcset=\"https:\/\/www.hoymercedes.com.ar\/principal\/wp-content\/uploads\/2023\/08\/Museo-Miguez-1.jpg 800w, https:\/\/www.hoymercedes.com.ar\/principal\/wp-content\/uploads\/2023\/08\/Museo-Miguez-1-630x414.jpg 630w, https:\/\/www.hoymercedes.com.ar\/principal\/wp-content\/uploads\/2023\/08\/Museo-Miguez-1-150x99.jpg 150w\" sizes=\"auto, (max-width: 800px) 100vw, 800px\" \/><\/figure>\n\n\n\n<figure class=\"wp-block-image size-large\"><img loading=\"lazy\" decoding=\"async\" width=\"800\" height=\"531\" data-attachment-id=\"165933\" data-permalink=\"https:\/\/www.hoymercedes.com.ar\/principal\/2023\/08\/20\/el-museo-miguez-celebra-sus-50-anos\/museo-miguez-3\/#main\" data-orig-file=\"https:\/\/www.hoymercedes.com.ar\/principal\/wp-content\/uploads\/2023\/08\/Museo-Miguez-3.jpg\" data-orig-size=\"800,531\" data-comments-opened=\"0\" data-image-meta=\"{&quot;aperture&quot;:&quot;0&quot;,&quot;credit&quot;:&quot;&quot;,&quot;camera&quot;:&quot;&quot;,&quot;caption&quot;:&quot;&quot;,&quot;created_timestamp&quot;:&quot;0&quot;,&quot;copyright&quot;:&quot;&quot;,&quot;focal_length&quot;:&quot;0&quot;,&quot;iso&quot;:&quot;0&quot;,&quot;shutter_speed&quot;:&quot;0&quot;,&quot;title&quot;:&quot;&quot;,&quot;orientation&quot;:&quot;0&quot;}\" data-image-title=\"Museo Miguez 3\" data-image-description=\"\" data-image-caption=\"\" data-large-file=\"https:\/\/www.hoymercedes.com.ar\/principal\/wp-content\/uploads\/2023\/08\/Museo-Miguez-3.jpg\" data-id=\"165933\" src=\"https:\/\/www.hoymercedes.com.ar\/principal\/wp-content\/uploads\/2023\/08\/Museo-Miguez-3.jpg\" alt=\"\" class=\"wp-image-165933\" srcset=\"https:\/\/www.hoymercedes.com.ar\/principal\/wp-content\/uploads\/2023\/08\/Museo-Miguez-3.jpg 800w, https:\/\/www.hoymercedes.com.ar\/principal\/wp-content\/uploads\/2023\/08\/Museo-Miguez-3-630x418.jpg 630w, https:\/\/www.hoymercedes.com.ar\/principal\/wp-content\/uploads\/2023\/08\/Museo-Miguez-3-150x100.jpg 150w, https:\/\/www.hoymercedes.com.ar\/principal\/wp-content\/uploads\/2023\/08\/Museo-Miguez-3-700x465.jpg 700w\" sizes=\"auto, (max-width: 800px) 100vw, 800px\" \/><\/figure>\n<\/figure>\n","protected":false},"excerpt":{"rendered":"<p>El Museo Hist\u00f3rico Victor Miguez celebr\u00f3 sus 50 aniversario el \u00faltimo jueves y a partir de all\u00ed realizar\u00e1 actividades abiertas &#8230; <a title=\"El Museo Miguez celebra sus 50 a\u00f1os\" class=\"read-more\" href=\"https:\/\/www.hoymercedes.com.ar\/principal\/2023\/08\/20\/el-museo-miguez-celebra-sus-50-anos\/\" aria-label=\"Leer m\u00e1s sobre El Museo Miguez celebra sus 50 a\u00f1os\">Leer m\u00e1s<\/a><\/p>\n","protected":false},"author":1,"featured_media":165932,"comment_status":"closed","ping_status":"open","sticky":false,"template":"","format":"standard","meta":{"_monsterinsights_skip_tracking":false,"_monsterinsights_sitenote_active":false,"_monsterinsights_sitenote_note":"","_monsterinsights_sitenote_category":0,"jetpack_post_was_ever_published":false,"_jetpack_newsletter_access":"","_jetpack_dont_email_post_to_subs":false,"_jetpack_newsletter_tier_id":0,"_jetpack_memberships_contains_paywalled_content":false,"_jetpack_memberships_contains_paid_content":false,"footnotes":"","jetpack_publicize_message":"","jetpack_publicize_feature_enabled":true,"jetpack_social_post_already_shared":true,"jetpack_social_options":{"image_generator_settings":{"template":"highway","default_image_id":0,"font":"","enabled":false},"version":2},"_wpas_customize_per_network":false},"categories":[104],"tags":[7805,10,244],"class_list":["post-165929","post","type-post","status-publish","format-standard","has-post-thumbnail","hentry","category-cultura","tag-cultura","tag-mercedes","tag-municipio-2","generate-columns","tablet-grid-50","mobile-grid-100","grid-parent","grid-50"],"jetpack_publicize_connections":[],"jetpack_featured_media_url":"https:\/\/www.hoymercedes.com.ar\/principal\/wp-content\/uploads\/2023\/08\/Museo-Miguez-2.jpg","wps_subtitle":"","jetpack_sharing_enabled":true,"_links":{"self":[{"href":"https:\/\/www.hoymercedes.com.ar\/principal\/wp-json\/wp\/v2\/posts\/165929","targetHints":{"allow":["GET"]}}],"collection":[{"href":"https:\/\/www.hoymercedes.com.ar\/principal\/wp-json\/wp\/v2\/posts"}],"about":[{"href":"https:\/\/www.hoymercedes.com.ar\/principal\/wp-json\/wp\/v2\/types\/post"}],"author":[{"embeddable":true,"href":"https:\/\/www.hoymercedes.com.ar\/principal\/wp-json\/wp\/v2\/users\/1"}],"replies":[{"embeddable":true,"href":"https:\/\/www.hoymercedes.com.ar\/principal\/wp-json\/wp\/v2\/comments?post=165929"}],"version-history":[{"count":0,"href":"https:\/\/www.hoymercedes.com.ar\/principal\/wp-json\/wp\/v2\/posts\/165929\/revisions"}],"wp:featuredmedia":[{"embeddable":true,"href":"https:\/\/www.hoymercedes.com.ar\/principal\/wp-json\/wp\/v2\/media\/165932"}],"wp:attachment":[{"href":"https:\/\/www.hoymercedes.com.ar\/principal\/wp-json\/wp\/v2\/media?parent=165929"}],"wp:term":[{"taxonomy":"category","embeddable":true,"href":"https:\/\/www.hoymercedes.com.ar\/principal\/wp-json\/wp\/v2\/categories?post=165929"},{"taxonomy":"post_tag","embeddable":true,"href":"https:\/\/www.hoymercedes.com.ar\/principal\/wp-json\/wp\/v2\/tags?post=165929"}],"curies":[{"name":"wp","href":"https:\/\/api.w.org\/{rel}","templated":true}]}}