{"id":165971,"date":"2023-08-21T11:23:47","date_gmt":"2023-08-21T14:23:47","guid":{"rendered":"https:\/\/www.hoymercedes.com.ar\/principal\/?p=165971"},"modified":"2023-08-21T11:27:04","modified_gmt":"2023-08-21T14:27:04","slug":"domingo-de-paola-nuevo-presidente-del-club-mercedes","status":"publish","type":"post","link":"https:\/\/www.hoymercedes.com.ar\/principal\/2023\/08\/21\/domingo-de-paola-nuevo-presidente-del-club-mercedes\/","title":{"rendered":"Domingo De Paola nuevo presidente del Club Mercedes"},"content":{"rendered":"\n<p>Desde el Club Mercedes informaron que el domingo realizaron una nueva asamblea ordinaria en la que eligieron a la nueva comisi\u00f3n directiva de la instituci\u00f3n. Por unanimidad, se eligi\u00f3 a la \u00fanica lista propuesta encabezada por Domingo De Paola, as\u00ed como tambi\u00e9n aprobaron la memoria y balance del per\u00edodo 2021\/2022.<\/p>\n\n\n<div class=\"wp-block-image\">\n<figure class=\"aligncenter size-full\"><img loading=\"lazy\" decoding=\"async\" width=\"800\" height=\"533\" data-attachment-id=\"165977\" data-permalink=\"https:\/\/www.hoymercedes.com.ar\/principal\/img-20230821-wa0003_copy_800x533\/\" data-orig-file=\"https:\/\/www.hoymercedes.com.ar\/principal\/wp-content\/uploads\/2023\/08\/IMG-20230821-WA0003_copy_800x533.jpg\" data-orig-size=\"800,533\" data-comments-opened=\"0\" data-image-meta=\"{&quot;aperture&quot;:&quot;0&quot;,&quot;credit&quot;:&quot;&quot;,&quot;camera&quot;:&quot;&quot;,&quot;caption&quot;:&quot;&quot;,&quot;created_timestamp&quot;:&quot;0&quot;,&quot;copyright&quot;:&quot;&quot;,&quot;focal_length&quot;:&quot;0&quot;,&quot;iso&quot;:&quot;0&quot;,&quot;shutter_speed&quot;:&quot;0&quot;,&quot;title&quot;:&quot;&quot;,&quot;orientation&quot;:&quot;0&quot;}\" data-image-title=\"IMG-20230821-WA0003_copy_800x533\" data-image-description=\"\" data-image-caption=\"\" data-large-file=\"https:\/\/www.hoymercedes.com.ar\/principal\/wp-content\/uploads\/2023\/08\/IMG-20230821-WA0003_copy_800x533.jpg\" src=\"https:\/\/www.hoymercedes.com.ar\/principal\/wp-content\/uploads\/2023\/08\/IMG-20230821-WA0003_copy_800x533.jpg\" alt=\"\" class=\"wp-image-165977\" srcset=\"https:\/\/www.hoymercedes.com.ar\/principal\/wp-content\/uploads\/2023\/08\/IMG-20230821-WA0003_copy_800x533.jpg 800w, https:\/\/www.hoymercedes.com.ar\/principal\/wp-content\/uploads\/2023\/08\/IMG-20230821-WA0003_copy_800x533-630x420.jpg 630w, https:\/\/www.hoymercedes.com.ar\/principal\/wp-content\/uploads\/2023\/08\/IMG-20230821-WA0003_copy_800x533-150x100.jpg 150w, https:\/\/www.hoymercedes.com.ar\/principal\/wp-content\/uploads\/2023\/08\/IMG-20230821-WA0003_copy_800x533-700x465.jpg 700w\" sizes=\"auto, (max-width: 800px) 100vw, 800px\" \/><\/figure>\n<\/div>\n\n\n<p>La Comisi\u00f3n Directiva qued\u00f3 conformada de la siguiente forma: <br>Presidente: Domingo de Paola. <br>Vicepresidente: Luis Alfredo Ponce. <br>Secretario: Juan Ignacio Musso. <br>Prosecretario: Guido Pisoni. <br>Tesorero: Jos\u00e9 Manuel Arriola. <br>Protesorero: Diego Dardans. <br>Vocal Titular I: Stefan\u00eda Gim\u00e9nez. <br>Vocal Titular II: Luis Hern\u00e1n Fiorelli. <br>Vocal Titular III: Ignacio Buzzalino. <br>Vocal Suplente I: Miguel Diego Gim\u00e9nez. <br>Vocal Suplente II: Ariel Bernardo Fusco. <br>Vocal Suplente III: Hern\u00e1n Obdulio Laplaca. <br>Revisor de Cuentas Titular: Santiago De Marco. <br>Revisor de Cuentas Titular: Jorge Montaldo. <br>Revisor de Cuentas Titular: Mateo Bereterbide. <br>Revisora de Cuentas Suplente: Lorena Gim\u00e9nez. <br>Revisor de Cuentas Suplentes: Carlos Escudero.<\/p>\n\n\n\n<p>El anterior presidente, Guido Pisoni, agradeci\u00f3 el trabajo realizado por los miembros de la Comisi\u00f3n Directiva que lo acompa\u00f1aron durante su gesti\u00f3n, as\u00ed como a las autoridades municipales \u00abpor el acompa\u00f1amiento constante hacia la institucion y brind\u00f3 un resumen de las obras de infraestructura llevadas a cabo, los logros deportivos obtenidos y la participaci\u00f3n de nuevas disciplinas que representaron a la instituci\u00f3n, como b\u00e1squet, v\u00f3ley, y nataci\u00f3n\u00bb.<\/p>\n\n\n\n<p>En similares t\u00e9rminos se expres\u00f3 el nuevo presidente Domingo de Paola, que reconoci\u00f3 la tarea de Pisoni y destac\u00f3 que \u00abasiste al Club desde que ten\u00eda uso de raz\u00f3n, como deportista y durante los \u00faltimos a\u00f1os trabajando en Subcomisiones y la Comisi\u00f3n Directiva\u00bb. Tambi\u00e9n afirm\u00f3 que se siente \u00abcapacitado, junto al equipo de trabajo que lo acompa\u00f1ar\u00e1, para estar a la altura de lo que demanda conducir los destinos de la entidad deportiva m\u00e1s antigua del pa\u00eds\u00bb.<\/p>\n\n\n\n<p>Finalmente, convoc\u00f3 a los socios e integrantes de las Subcomisiones a fin de que contin\u00faen trabajando en forma mancomunada para que la instituci\u00f3n continu\u00e9 creciendo y realizando obras de infraestructura.<\/p>\n\n\n<div class=\"wp-block-image\">\n<figure class=\"aligncenter size-full\"><img loading=\"lazy\" decoding=\"async\" width=\"800\" height=\"534\" data-attachment-id=\"165973\" data-permalink=\"https:\/\/www.hoymercedes.com.ar\/principal\/img-20230821-wa0000_copy_800x534\/\" data-orig-file=\"https:\/\/www.hoymercedes.com.ar\/principal\/wp-content\/uploads\/2023\/08\/IMG-20230821-WA0000_copy_800x534.jpg\" data-orig-size=\"800,534\" data-comments-opened=\"0\" data-image-meta=\"{&quot;aperture&quot;:&quot;0&quot;,&quot;credit&quot;:&quot;&quot;,&quot;camera&quot;:&quot;&quot;,&quot;caption&quot;:&quot;&quot;,&quot;created_timestamp&quot;:&quot;0&quot;,&quot;copyright&quot;:&quot;&quot;,&quot;focal_length&quot;:&quot;0&quot;,&quot;iso&quot;:&quot;0&quot;,&quot;shutter_speed&quot;:&quot;0&quot;,&quot;title&quot;:&quot;&quot;,&quot;orientation&quot;:&quot;0&quot;}\" data-image-title=\"IMG-20230821-WA0000_copy_800x534\" data-image-description=\"\" data-image-caption=\"\" data-large-file=\"https:\/\/www.hoymercedes.com.ar\/principal\/wp-content\/uploads\/2023\/08\/IMG-20230821-WA0000_copy_800x534.jpg\" src=\"https:\/\/www.hoymercedes.com.ar\/principal\/wp-content\/uploads\/2023\/08\/IMG-20230821-WA0000_copy_800x534.jpg\" alt=\"\" class=\"wp-image-165973\" srcset=\"https:\/\/www.hoymercedes.com.ar\/principal\/wp-content\/uploads\/2023\/08\/IMG-20230821-WA0000_copy_800x534.jpg 800w, https:\/\/www.hoymercedes.com.ar\/principal\/wp-content\/uploads\/2023\/08\/IMG-20230821-WA0000_copy_800x534-630x421.jpg 630w, https:\/\/www.hoymercedes.com.ar\/principal\/wp-content\/uploads\/2023\/08\/IMG-20230821-WA0000_copy_800x534-150x100.jpg 150w\" sizes=\"auto, (max-width: 800px) 100vw, 800px\" \/><\/figure>\n<\/div>\n\n\n<p>De acuerdo a la informaci\u00f3n enviada por el Club Mercedes, se detallasn las obras realizadas en los \u00faltimos a\u00f1os. <br>\u00abPelota Paleta: Insonorizaci\u00f3n ac\u00fastica del SUM. Pintura de la cancha de pelota paleta. Refacci\u00f3n del sal\u00f3n de estar, se coloc\u00f3 revestimiento en paredes y techo, pintura de paredes, y se realiz\u00f3 una abertura. Impermeabilizaci\u00f3n de los techos de la cancha de pelota paleta y el SUM. Ampliaci\u00f3n del vestuario de hombres, se realiz\u00f3 un vestuario en seco. Campo de deportes: Se asfalt\u00f3 con hormig\u00f3n el camino de acceso al predio. Nivelaci\u00f3n del terreno y colocaci\u00f3n de escombros en el sector destinado al estacionamiento de automotores, motocicletas y bicicletas.Instalaci\u00f3n de siete c\u00e1maras de seguridad. Iluminaci\u00f3n de la cancha de Beach Voley, Basquet y Voley, con 8 reflectores led. Se pint\u00f3 la pista de patinaje art\u00edstico, y la cancha de b\u00e1squet y voley con pintura impermeabilizante. Compra de una caldera para calentar el agua de los vestuarios. Trabajos de pintura en la pileta de nataci\u00f3n, zonas aleda\u00f1as, los vestuarios, cantina y SUM. Reparaci\u00f3n de la caldera que se utiliza para el funcionamiento de la pileta de nataci\u00f3n. Restauraci\u00f3n de la cancha de padel, se repararon y pintaron el piso y las paredes, se reemplaz\u00f3 del tejido perimetral y la red divisoria. Iluminaci\u00f3n de la cancha de padel, se instalaron cuatro reflectores led. Control de maleza, aireado, arenado y siembra de invierno en cancha de f\u00fatbol de 9 y 11. Colocaci\u00f3n de quince reflectores led marca Macroled en las canchas de f\u00fatbol de 9 y 11. Instalaci\u00f3n del sistema de riego autom\u00e1tico por aspersi\u00f3n en la cancha de f\u00fatbol de 9. Mantenimiento diario de las canchas de tenis, reemplazo de postes, flejes y polvo de ladrillo. Instalaci\u00f3n de diecis\u00e9is reflectores led para las canchas de tenis 1 y 2. Colocaci\u00f3n de un nuevo port\u00f3n de acceso, ubicado sobre calle 60, entre las canchas de f\u00fatbol de 9 y 11 jugadores para facilitar el ingreso del cami\u00f3n que suministra el polvo de ladrillo para las canchas de tenis.  Se realiz\u00f3 la poda en altura de los \u00e1rboles que corr\u00edan riesgo de ca\u00edda. Restauraci\u00f3n del cableado y de la instalaci\u00f3n el\u00e9ctrica de todo el predio. Refacci\u00f3n de los vestuarios hombres y mujeres aleda\u00f1os a la cancha de b\u00e1squet, se reemplaz\u00f3 la ca\u00f1eria, el sistema de desague, la grifer\u00eda, los inodoros, mejitorios, el revestimiento de cielorraso, pisos, y se impermeabiliz\u00f3 el techo. Confecci\u00f3n de un camino de cemento que une la cantina con los vestuarios de hombres y mujeres pr\u00f3ximos a la cancha de b\u00e1squet.<br>Sede Parque Nuevo: Se rellenaron con tierra, y se realiz\u00f3 el abovedado de las canchas de f\u00fatbol de 9 y 11. Construcci\u00f3n de doce pilotines de cemento. Se efectu\u00f3 la perforaci\u00f3n e instalaci\u00f3n de una bomba sumergible de 7,5 HP. Instalaci\u00f3n de un hidrante con una manguera de 120 metros para el riego en forma manual. Se colocaron dos arcos para cancha de 9 y dos para cancha de 11. Colocaci\u00f3n de 11 postes de luz en cancha de f\u00fatbol de 9 y 11. Iluminaci\u00f3n de cancha de f\u00fatbol de 11, se instalaron 16 reflectores led marca Macroled. Iluminaci\u00f3n de cancha de f\u00fatbol de 9, se colocaron 6 reflectores led. Instalaci\u00f3n de un sistema de riego por aspersi\u00f3n en cancha de f\u00fatbol de 11. Contenedor cantina: se impermeabliz\u00f3 y pint\u00f3 el exterior, se colocaron puertas y ventanas y de aluminio, se realiz\u00f3 el revestimiento de paredes con durlock y de cielorraso con PVC, instalaci\u00f3n de sistema el\u00e9ctrico y de caner\u00eda, colocaci\u00f3n de indoro, bacha y termotanque.<br>Contenedor vestuario: se colocaron puertas y ventanas, revestimiento de paredes con durlock y de cielorraso con PVC, instalaci\u00f3n de sistema el\u00e9ctrico y de ca\u00f1er\u00eda, colocaci\u00f3n de 6 duchas, dos inodoros, dos bachas. y un termotanque\u00bb.<\/p>\n","protected":false},"excerpt":{"rendered":"<p>Desde el Club Mercedes informaron que el domingo realizaron una nueva asamblea ordinaria en la que eligieron a la nueva &#8230; <a title=\"Domingo De Paola nuevo presidente del Club Mercedes\" class=\"read-more\" href=\"https:\/\/www.hoymercedes.com.ar\/principal\/2023\/08\/21\/domingo-de-paola-nuevo-presidente-del-club-mercedes\/\" aria-label=\"Leer m\u00e1s sobre Domingo De Paola nuevo presidente del Club Mercedes\">Leer m\u00e1s<\/a><\/p>\n","protected":false},"author":1,"featured_media":165973,"comment_status":"closed","ping_status":"open","sticky":false,"template":"","format":"standard","meta":{"_monsterinsights_skip_tracking":false,"_monsterinsights_sitenote_active":false,"_monsterinsights_sitenote_note":"","_monsterinsights_sitenote_category":0,"jetpack_post_was_ever_published":false,"_jetpack_newsletter_access":"","_jetpack_dont_email_post_to_subs":false,"_jetpack_newsletter_tier_id":0,"_jetpack_memberships_contains_paywalled_content":false,"_jetpack_memberships_contains_paid_content":false,"footnotes":"","jetpack_publicize_message":"","jetpack_publicize_feature_enabled":true,"jetpack_social_post_already_shared":true,"jetpack_social_options":{"image_generator_settings":{"template":"highway","default_image_id":0,"font":"","enabled":false},"version":2},"_wpas_customize_per_network":false},"categories":[8],"tags":[18825,122,10502],"class_list":["post-165971","post","type-post","status-publish","format-standard","has-post-thumbnail","hentry","category-sociedad","tag-club-deportivo-y-social","tag-club-mercedes","tag-social","generate-columns","tablet-grid-50","mobile-grid-100","grid-parent","grid-50"],"jetpack_publicize_connections":[],"jetpack_featured_media_url":"https:\/\/www.hoymercedes.com.ar\/principal\/wp-content\/uploads\/2023\/08\/IMG-20230821-WA0000_copy_800x534.jpg","wps_subtitle":"","jetpack_sharing_enabled":true,"_links":{"self":[{"href":"https:\/\/www.hoymercedes.com.ar\/principal\/wp-json\/wp\/v2\/posts\/165971","targetHints":{"allow":["GET"]}}],"collection":[{"href":"https:\/\/www.hoymercedes.com.ar\/principal\/wp-json\/wp\/v2\/posts"}],"about":[{"href":"https:\/\/www.hoymercedes.com.ar\/principal\/wp-json\/wp\/v2\/types\/post"}],"author":[{"embeddable":true,"href":"https:\/\/www.hoymercedes.com.ar\/principal\/wp-json\/wp\/v2\/users\/1"}],"replies":[{"embeddable":true,"href":"https:\/\/www.hoymercedes.com.ar\/principal\/wp-json\/wp\/v2\/comments?post=165971"}],"version-history":[{"count":0,"href":"https:\/\/www.hoymercedes.com.ar\/principal\/wp-json\/wp\/v2\/posts\/165971\/revisions"}],"wp:featuredmedia":[{"embeddable":true,"href":"https:\/\/www.hoymercedes.com.ar\/principal\/wp-json\/wp\/v2\/media\/165973"}],"wp:attachment":[{"href":"https:\/\/www.hoymercedes.com.ar\/principal\/wp-json\/wp\/v2\/media?parent=165971"}],"wp:term":[{"taxonomy":"category","embeddable":true,"href":"https:\/\/www.hoymercedes.com.ar\/principal\/wp-json\/wp\/v2\/categories?post=165971"},{"taxonomy":"post_tag","embeddable":true,"href":"https:\/\/www.hoymercedes.com.ar\/principal\/wp-json\/wp\/v2\/tags?post=165971"}],"curies":[{"name":"wp","href":"https:\/\/api.w.org\/{rel}","templated":true}]}}