{"id":165985,"date":"2023-08-21T13:00:00","date_gmt":"2023-08-21T16:00:00","guid":{"rendered":"https:\/\/www.hoymercedes.com.ar\/principal\/?p=165985"},"modified":"2023-08-21T12:43:05","modified_gmt":"2023-08-21T15:43:05","slug":"motocross-los-larrondo-compitieron-en-villa-gesell","status":"publish","type":"post","link":"https:\/\/www.hoymercedes.com.ar\/principal\/2023\/08\/21\/motocross-los-larrondo-compitieron-en-villa-gesell\/","title":{"rendered":"Motocross: Los Larrondo compitieron en Villa Gesell"},"content":{"rendered":"\n<p>Durante el fin de semana, se desarroll\u00f3 una nueva fecha del Campeonato Arena Series edici\u00f3n 2023 en la ciudad de Villa Gesell. El certamen provincial cont\u00f3 con presencias mercedinas que se destacaron por diferentes circunstancias. Los Larrondo, padre e hijo, fueron de la partida. <\/p>\n\n\n<div class=\"wp-block-image\">\n<figure class=\"alignleft size-full is-resized\"><img loading=\"lazy\" decoding=\"async\" data-attachment-id=\"165987\" data-permalink=\"https:\/\/www.hoymercedes.com.ar\/principal\/2023\/08\/21\/motocross-los-larrondo-compitieron-en-villa-gesell\/larrondo-gesell\/#main\" data-orig-file=\"https:\/\/www.hoymercedes.com.ar\/principal\/wp-content\/uploads\/2023\/08\/LARRONDO-GESELL.jpg\" data-orig-size=\"533,800\" data-comments-opened=\"0\" data-image-meta=\"{&quot;aperture&quot;:&quot;0&quot;,&quot;credit&quot;:&quot;&quot;,&quot;camera&quot;:&quot;&quot;,&quot;caption&quot;:&quot;&quot;,&quot;created_timestamp&quot;:&quot;1692618982&quot;,&quot;copyright&quot;:&quot;&quot;,&quot;focal_length&quot;:&quot;0&quot;,&quot;iso&quot;:&quot;0&quot;,&quot;shutter_speed&quot;:&quot;0&quot;,&quot;title&quot;:&quot;&quot;,&quot;orientation&quot;:&quot;1&quot;}\" data-image-title=\"LARRONDO GESELL\" data-image-description=\"\" data-image-caption=\"\" data-large-file=\"https:\/\/www.hoymercedes.com.ar\/principal\/wp-content\/uploads\/2023\/08\/LARRONDO-GESELL.jpg\" src=\"https:\/\/www.hoymercedes.com.ar\/principal\/wp-content\/uploads\/2023\/08\/LARRONDO-GESELL.jpg\" alt=\"\" class=\"wp-image-165987\" style=\"width:355px;height:533px\" width=\"355\" height=\"533\" srcset=\"https:\/\/www.hoymercedes.com.ar\/principal\/wp-content\/uploads\/2023\/08\/LARRONDO-GESELL.jpg 533w, https:\/\/www.hoymercedes.com.ar\/principal\/wp-content\/uploads\/2023\/08\/LARRONDO-GESELL-413x620.jpg 413w, https:\/\/www.hoymercedes.com.ar\/principal\/wp-content\/uploads\/2023\/08\/LARRONDO-GESELL-100x150.jpg 100w\" sizes=\"auto, (max-width: 355px) 100vw, 355px\" \/><\/figure>\n<\/div>\n\n\n<p>Juan \u201cTiti\u201d Larrondo logr\u00f3 ubicarse en el podio de la categor\u00eda + 45 en la que se trep\u00f3 al quinto lugar. En tanto que Mateo, de solo 16 a\u00f1os, tuvo su debut en la categor\u00eda Principiantes y promete seguir teniendo presentaciones en esta modalidad de enduro. <\/p>\n\n\n\n<p>El Arena Series es un certamen cuya estructura de competencia es similar a lo que se puede observar en el Enduro del Verano, con una carrera estipulada en un n\u00famero determinado de vueltas, establecido en un tiempo aproximado de entre 40 y 50 minutos. <\/p>\n\n\n\n<p>All\u00ed estuvieron los riders locales para ser parte de esta convocatoria y poder lucirse ante un buen n\u00famero de pilotos, muchos de ellos de jerarqu\u00eda, tal el caso del ganador que fue Rodrigo Landa, quien ya conoce de victoria en competencias importantes sobre este terreno. <\/p>\n\n\n\n<p>Los Larrondo fueron los referentes mercedinos a una semana del Enduro del Invierno que tendr\u00e1 lugar en Mar del Plata, donde es posible que se repitan algunas participaciones mercedinas que aprovechando el fin de semana largo fueron en b\u00fasqueda de una preparaci\u00f3n con intenciones de seguir siendo parte de estas competencias.\u00a0<\/p>\n\n\n\n<p>Colaboraci\u00f3n BMX Revista. <\/p>\n","protected":false},"excerpt":{"rendered":"<p>Durante el fin de semana, se desarroll\u00f3 una nueva fecha del Campeonato Arena Series edici\u00f3n 2023 en la ciudad de &#8230; <a title=\"Motocross: Los Larrondo compitieron en Villa Gesell\" class=\"read-more\" href=\"https:\/\/www.hoymercedes.com.ar\/principal\/2023\/08\/21\/motocross-los-larrondo-compitieron-en-villa-gesell\/\" aria-label=\"Leer m\u00e1s sobre Motocross: Los Larrondo compitieron en Villa Gesell\">Leer m\u00e1s<\/a><\/p>\n","protected":false},"author":1,"featured_media":165988,"comment_status":"closed","ping_status":"open","sticky":false,"template":"","format":"standard","meta":{"_monsterinsights_skip_tracking":false,"_monsterinsights_sitenote_active":false,"_monsterinsights_sitenote_note":"","_monsterinsights_sitenote_category":0,"jetpack_post_was_ever_published":false,"_jetpack_newsletter_access":"","_jetpack_dont_email_post_to_subs":false,"_jetpack_newsletter_tier_id":0,"_jetpack_memberships_contains_paywalled_content":false,"_jetpack_memberships_contains_paid_content":false,"footnotes":"","jetpack_publicize_message":"","jetpack_publicize_feature_enabled":true,"jetpack_social_post_already_shared":true,"jetpack_social_options":{"image_generator_settings":{"template":"highway","default_image_id":0,"font":"","enabled":false},"version":2},"_wpas_customize_per_network":false},"categories":[8],"tags":[204,10984],"class_list":["post-165985","post","type-post","status-publish","format-standard","has-post-thumbnail","hentry","category-sociedad","tag-deportes-2","tag-motocross","generate-columns","tablet-grid-50","mobile-grid-100","grid-parent","grid-50"],"jetpack_publicize_connections":[],"jetpack_featured_media_url":"https:\/\/www.hoymercedes.com.ar\/principal\/wp-content\/uploads\/2023\/08\/LARRONDO-GESELL-1.jpg","wps_subtitle":"","jetpack_sharing_enabled":true,"_links":{"self":[{"href":"https:\/\/www.hoymercedes.com.ar\/principal\/wp-json\/wp\/v2\/posts\/165985","targetHints":{"allow":["GET"]}}],"collection":[{"href":"https:\/\/www.hoymercedes.com.ar\/principal\/wp-json\/wp\/v2\/posts"}],"about":[{"href":"https:\/\/www.hoymercedes.com.ar\/principal\/wp-json\/wp\/v2\/types\/post"}],"author":[{"embeddable":true,"href":"https:\/\/www.hoymercedes.com.ar\/principal\/wp-json\/wp\/v2\/users\/1"}],"replies":[{"embeddable":true,"href":"https:\/\/www.hoymercedes.com.ar\/principal\/wp-json\/wp\/v2\/comments?post=165985"}],"version-history":[{"count":0,"href":"https:\/\/www.hoymercedes.com.ar\/principal\/wp-json\/wp\/v2\/posts\/165985\/revisions"}],"wp:featuredmedia":[{"embeddable":true,"href":"https:\/\/www.hoymercedes.com.ar\/principal\/wp-json\/wp\/v2\/media\/165988"}],"wp:attachment":[{"href":"https:\/\/www.hoymercedes.com.ar\/principal\/wp-json\/wp\/v2\/media?parent=165985"}],"wp:term":[{"taxonomy":"category","embeddable":true,"href":"https:\/\/www.hoymercedes.com.ar\/principal\/wp-json\/wp\/v2\/categories?post=165985"},{"taxonomy":"post_tag","embeddable":true,"href":"https:\/\/www.hoymercedes.com.ar\/principal\/wp-json\/wp\/v2\/tags?post=165985"}],"curies":[{"name":"wp","href":"https:\/\/api.w.org\/{rel}","templated":true}]}}