{"id":16604,"date":"2012-10-02T11:33:51","date_gmt":"2012-10-02T11:33:51","guid":{"rendered":"http:\/\/www.hoymercedes.com.ar\/principal\/?p=16604"},"modified":"2012-10-02T11:34:06","modified_gmt":"2012-10-02T11:34:06","slug":"mas-de-40-familias-iniciaron-tramites-de-regulacion-dominial","status":"publish","type":"post","link":"https:\/\/www.hoymercedes.com.ar\/principal\/2012\/10\/02\/mas-de-40-familias-iniciaron-tramites-de-regulacion-dominial\/","title":{"rendered":"M\u00e1s de 40 familias iniciaron tr\u00e1mites de regulaci\u00f3n dominial"},"content":{"rendered":"<p><a href=\"https:\/\/www.hoymercedes.com.ar\/principal\/wp-content\/uploads\/2012\/10\/BarrioPe\u00f1aloza-I.jpg\"><img loading=\"lazy\" decoding=\"async\" data-attachment-id=\"16606\" data-permalink=\"https:\/\/www.hoymercedes.com.ar\/principal\/2012\/10\/02\/mas-de-40-familias-iniciaron-tramites-de-regulacion-dominial\/barriopenaloza-i\/#main\" data-orig-file=\"https:\/\/www.hoymercedes.com.ar\/principal\/wp-content\/uploads\/2012\/10\/BarrioPe\u00f1aloza-I.jpg\" data-orig-size=\"614,461\" data-comments-opened=\"1\" data-image-meta=\"{&quot;aperture&quot;:&quot;0&quot;,&quot;credit&quot;:&quot;&quot;,&quot;camera&quot;:&quot;&quot;,&quot;caption&quot;:&quot;&quot;,&quot;created_timestamp&quot;:&quot;0&quot;,&quot;copyright&quot;:&quot;&quot;,&quot;focal_length&quot;:&quot;0&quot;,&quot;iso&quot;:&quot;0&quot;,&quot;shutter_speed&quot;:&quot;0&quot;,&quot;title&quot;:&quot;&quot;}\" data-image-title=\"BarrioPe\u00f1aloza-I\" data-image-description=\"\" data-image-caption=\"\" data-large-file=\"https:\/\/www.hoymercedes.com.ar\/principal\/wp-content\/uploads\/2012\/10\/BarrioPe\u00f1aloza-I.jpg\" class=\"aligncenter size-full wp-image-16606\" title=\"BarrioPe\u00f1aloza-I\" src=\"https:\/\/www.hoymercedes.com.ar\/principal\/wp-content\/uploads\/2012\/10\/BarrioPe\u00f1aloza-I.jpg\" alt=\"\" width=\"614\" height=\"461\" \/><\/a><\/p>\n<p>Se llev\u00f3 a cabo el pasado s\u00e1bado en el barrio Pe\u00f1aloza la anunciada jornada de regulaci\u00f3n dominial para los vecinos de dicha barriada. La actividad se efectu\u00f3 en forma conjunta entre el Municipio y la Sociedad de Fomento. M\u00e1s de 40 familias participaron.<\/p>\n<p>La Sra. Alicia Arce, presidenta del barrio, hab\u00eda gestionado ante el intendente Carlos Selva diversas acciones tendientes a mejorar la calidad de vida e infraestructura barrial. Algunas de ellas empiezan a materializarse como la vivida el fin de semana donde m\u00e1s de 40 vecinos completaron los tr\u00e1mites necesarios para poner en regla sus viviendas y terrenos, actuaciones que tambi\u00e9n pueden desarrollar en la comuna, pero, de esta forma, avanzan desde una medida facilitadora para todos los interesados.<\/p>\n<p>La actividad se desarroll\u00f3 desde las 09.00hs del pasado s\u00e1bado y dur\u00f3 hasta pasadas las 14.00hs recibiendo muchas consultas, adem\u00e1s de los tr\u00e1mites iniciados. Estuvieron presentes miembros de la comisi\u00f3n que conduce la sociedad de fomento encabezados en su presidente, Alicia Arce, y tambi\u00e9n personal del municipio.<\/p>\n<p>Al respecto, Arce mencion\u00f3: \u201cestuvimos trabajando con personal del municipio y vecinos. Contamos con la presencia de dos abogadas y de trabajadores sociales desde la ma\u00f1ana y estar\u00e1n hasta terminar el d\u00eda. Se dio una charla explicativa y se aportaron diversos documentos para que inicien el tr\u00e1mite los interesados. Es algo que esper\u00e1bamos, pero, nos super\u00f3 porque los vecinos aprovecharon muy bien la oportunidad y por eso extendimos el horario. Cada interesado empezaba inform\u00e1ndose, luego iba por los papeles, hac\u00eda copias, los tra\u00eda y se quedaban participando as\u00ed que eso es muy grato.\u201d<\/p>\n<p>La representante de la barriada tambi\u00e9n nos coment\u00f3 que: \u201cla medida contin\u00faa porque pueden hacerse los interesados a los representantes de la sociedad de fomento, que por el momento no tiene sede, para continuar asesor\u00e1ndose.\u201d<\/p>\n<p>De esta manera se contin\u00faa desde el municipio asesorando y facilitando la participaci\u00f3n de vecinos en actos de corte administrativo \u2013 burocr\u00e1tico para que tengan sus bienes en regla y bajo la propiedad correspondiente.<\/p>\n<p>&nbsp;<\/p>\n","protected":false},"excerpt":{"rendered":"<p>Se llev\u00f3 a cabo el pasado s\u00e1bado en el barrio Pe\u00f1aloza la anunciada jornada de regulaci\u00f3n dominial para los vecinos &#8230; <a title=\"M\u00e1s de 40 familias iniciaron tr\u00e1mites de regulaci\u00f3n dominial\" class=\"read-more\" href=\"https:\/\/www.hoymercedes.com.ar\/principal\/2012\/10\/02\/mas-de-40-familias-iniciaron-tramites-de-regulacion-dominial\/\" aria-label=\"Leer m\u00e1s sobre M\u00e1s de 40 familias iniciaron tr\u00e1mites de regulaci\u00f3n dominial\">Leer m\u00e1s<\/a><\/p>\n","protected":false},"author":1,"featured_media":0,"comment_status":"open","ping_status":"open","sticky":false,"template":"","format":"standard","meta":{"_monsterinsights_skip_tracking":false,"_monsterinsights_sitenote_active":false,"_monsterinsights_sitenote_note":"","_monsterinsights_sitenote_category":0,"jetpack_post_was_ever_published":false,"_jetpack_newsletter_access":"","_jetpack_dont_email_post_to_subs":false,"_jetpack_newsletter_tier_id":0,"_jetpack_memberships_contains_paywalled_content":false,"_jetpack_memberships_contains_paid_content":false,"footnotes":"","jetpack_publicize_message":"","jetpack_publicize_feature_enabled":true,"jetpack_social_post_already_shared":false,"jetpack_social_options":{"image_generator_settings":{"template":"highway","default_image_id":0,"font":"","enabled":false},"version":2},"_wpas_customize_per_network":false},"categories":[8],"tags":[2784],"class_list":["post-16604","post","type-post","status-publish","format-standard","hentry","category-sociedad","tag-barrio-penaloza","generate-columns","tablet-grid-50","mobile-grid-100","grid-parent","grid-50"],"jetpack_publicize_connections":[],"jetpack_featured_media_url":"","wps_subtitle":"","jetpack_sharing_enabled":true,"_links":{"self":[{"href":"https:\/\/www.hoymercedes.com.ar\/principal\/wp-json\/wp\/v2\/posts\/16604","targetHints":{"allow":["GET"]}}],"collection":[{"href":"https:\/\/www.hoymercedes.com.ar\/principal\/wp-json\/wp\/v2\/posts"}],"about":[{"href":"https:\/\/www.hoymercedes.com.ar\/principal\/wp-json\/wp\/v2\/types\/post"}],"author":[{"embeddable":true,"href":"https:\/\/www.hoymercedes.com.ar\/principal\/wp-json\/wp\/v2\/users\/1"}],"replies":[{"embeddable":true,"href":"https:\/\/www.hoymercedes.com.ar\/principal\/wp-json\/wp\/v2\/comments?post=16604"}],"version-history":[{"count":0,"href":"https:\/\/www.hoymercedes.com.ar\/principal\/wp-json\/wp\/v2\/posts\/16604\/revisions"}],"wp:attachment":[{"href":"https:\/\/www.hoymercedes.com.ar\/principal\/wp-json\/wp\/v2\/media?parent=16604"}],"wp:term":[{"taxonomy":"category","embeddable":true,"href":"https:\/\/www.hoymercedes.com.ar\/principal\/wp-json\/wp\/v2\/categories?post=16604"},{"taxonomy":"post_tag","embeddable":true,"href":"https:\/\/www.hoymercedes.com.ar\/principal\/wp-json\/wp\/v2\/tags?post=16604"}],"curies":[{"name":"wp","href":"https:\/\/api.w.org\/{rel}","templated":true}]}}