{"id":166058,"date":"2023-08-23T21:46:44","date_gmt":"2023-08-24T00:46:44","guid":{"rendered":"https:\/\/www.hoymercedes.com.ar\/principal\/?p=166058"},"modified":"2023-08-23T21:46:47","modified_gmt":"2023-08-24T00:46:47","slug":"lujan-fuerte-operativo-y-tension-cerca-de-chango-mas","status":"publish","type":"post","link":"https:\/\/www.hoymercedes.com.ar\/principal\/2023\/08\/23\/lujan-fuerte-operativo-y-tension-cerca-de-chango-mas\/","title":{"rendered":"Lujan: fuerte operativo y tensi\u00f3n cerca de Chango M\u00e1s"},"content":{"rendered":"\n<figure class=\"wp-block-image size-full is-resized\"><img loading=\"lazy\" decoding=\"async\" data-attachment-id=\"166059\" data-permalink=\"https:\/\/www.hoymercedes.com.ar\/principal\/2023\/08\/23\/lujan-fuerte-operativo-y-tension-cerca-de-chango-mas\/chango-mas-disturbios-saqueos-1\/#main\" data-orig-file=\"https:\/\/www.hoymercedes.com.ar\/principal\/wp-content\/uploads\/2023\/08\/Chango-Mas-Disturbios-saqueos-1.jpg\" data-orig-size=\"700,485\" data-comments-opened=\"0\" data-image-meta=\"{&quot;aperture&quot;:&quot;0&quot;,&quot;credit&quot;:&quot;&quot;,&quot;camera&quot;:&quot;&quot;,&quot;caption&quot;:&quot;&quot;,&quot;created_timestamp&quot;:&quot;0&quot;,&quot;copyright&quot;:&quot;&quot;,&quot;focal_length&quot;:&quot;0&quot;,&quot;iso&quot;:&quot;0&quot;,&quot;shutter_speed&quot;:&quot;0&quot;,&quot;title&quot;:&quot;&quot;,&quot;orientation&quot;:&quot;0&quot;}\" data-image-title=\"Chango-Mas-Disturbios-saqueos-1\" data-image-description=\"\" data-image-caption=\"\" data-large-file=\"https:\/\/www.hoymercedes.com.ar\/principal\/wp-content\/uploads\/2023\/08\/Chango-Mas-Disturbios-saqueos-1.jpg\" src=\"https:\/\/www.hoymercedes.com.ar\/principal\/wp-content\/uploads\/2023\/08\/Chango-Mas-Disturbios-saqueos-1.jpg\" alt=\"\" class=\"wp-image-166059\" style=\"width:961px;height:666px\" width=\"961\" height=\"666\" srcset=\"https:\/\/www.hoymercedes.com.ar\/principal\/wp-content\/uploads\/2023\/08\/Chango-Mas-Disturbios-saqueos-1.jpg 700w, https:\/\/www.hoymercedes.com.ar\/principal\/wp-content\/uploads\/2023\/08\/Chango-Mas-Disturbios-saqueos-1-630x437.jpg 630w, https:\/\/www.hoymercedes.com.ar\/principal\/wp-content\/uploads\/2023\/08\/Chango-Mas-Disturbios-saqueos-1-150x104.jpg 150w\" sizes=\"auto, (max-width: 961px) 100vw, 961px\" \/><\/figure>\n\n\n\n<p>Videos ya circulan en las redes y whatsapp donde dan cuenta del fuerte operativo que se mont\u00f3, con helic\u00f3pteros y presencia policial, en la cercan\u00eda del mega espacio comercial <strong>\u201cChango M\u00e1s\u201d<\/strong> donde grupos organizados se acercaban con posibles intenciones de saqueo.<strong> Informan que se organizaron v\u00eda WhatsApp.<\/strong><\/p>\n\n\n\n<p>El sitio de internet de la vecina ciudad, <strong>Luj\u00e1nHoy<\/strong> dio cuenta de que <em>\u201cCerca de las 19.30 empezaron a vivirse momentos de tensi\u00f3n sobre la calle Mario Bravo, ya que un grupo de personas se reunieron en los alrededores del hipermercado. Un helic\u00f3ptero lleva horas sobrevolando la zona. Hubo disparos y corridas por las calles del barrio en el intento de disipar los saqueos\u201d<\/em><\/p>\n\n\n\n<p>Informes cercanos a las 21.30hs dicen que los organizados se dirigieron al radio c\u00e9ntrico de la vecina localidad y <strong>cascotearon veh\u00edculos, e incluso trataron de ingresar a un mercado \u201cChino\u201d.<\/strong><\/p>\n\n\n\n<p>El mencionado medio tambi\u00e9n expuso que \u201cEste mi\u00e9rcoles por la tarde comenzaron a circular versiones y mensajes a trav\u00e9s de Whatsapp sobre grupos que se estaban organizando para saquear comercios y supermercados de Luj\u00e1n\u201d<\/p>\n","protected":false},"excerpt":{"rendered":"<p>Videos ya circulan en las redes y whatsapp donde dan cuenta del fuerte operativo que se mont\u00f3, con helic\u00f3pteros y &#8230; <a title=\"Lujan: fuerte operativo y tensi\u00f3n cerca de Chango M\u00e1s\" class=\"read-more\" href=\"https:\/\/www.hoymercedes.com.ar\/principal\/2023\/08\/23\/lujan-fuerte-operativo-y-tension-cerca-de-chango-mas\/\" aria-label=\"Leer m\u00e1s sobre Lujan: fuerte operativo y tensi\u00f3n cerca de Chango M\u00e1s\">Leer m\u00e1s<\/a><\/p>\n","protected":false},"author":1,"featured_media":166059,"comment_status":"closed","ping_status":"open","sticky":false,"template":"","format":"standard","meta":{"_monsterinsights_skip_tracking":false,"_monsterinsights_sitenote_active":false,"_monsterinsights_sitenote_note":"","_monsterinsights_sitenote_category":0,"jetpack_post_was_ever_published":false,"_jetpack_newsletter_access":"","_jetpack_dont_email_post_to_subs":false,"_jetpack_newsletter_tier_id":0,"_jetpack_memberships_contains_paywalled_content":false,"_jetpack_memberships_contains_paid_content":false,"footnotes":"","jetpack_publicize_message":"","jetpack_publicize_feature_enabled":true,"jetpack_social_post_already_shared":true,"jetpack_social_options":{"image_generator_settings":{"template":"highway","default_image_id":0,"font":"","enabled":false},"version":2},"_wpas_customize_per_network":false},"categories":[8],"tags":[18830,18831],"class_list":["post-166058","post","type-post","status-publish","format-standard","has-post-thumbnail","hentry","category-sociedad","tag-saqueos-lujan","tag-tension-en-lujan","generate-columns","tablet-grid-50","mobile-grid-100","grid-parent","grid-50"],"jetpack_publicize_connections":[],"jetpack_featured_media_url":"https:\/\/www.hoymercedes.com.ar\/principal\/wp-content\/uploads\/2023\/08\/Chango-Mas-Disturbios-saqueos-1.jpg","wps_subtitle":"Peligro","jetpack_sharing_enabled":true,"_links":{"self":[{"href":"https:\/\/www.hoymercedes.com.ar\/principal\/wp-json\/wp\/v2\/posts\/166058","targetHints":{"allow":["GET"]}}],"collection":[{"href":"https:\/\/www.hoymercedes.com.ar\/principal\/wp-json\/wp\/v2\/posts"}],"about":[{"href":"https:\/\/www.hoymercedes.com.ar\/principal\/wp-json\/wp\/v2\/types\/post"}],"author":[{"embeddable":true,"href":"https:\/\/www.hoymercedes.com.ar\/principal\/wp-json\/wp\/v2\/users\/1"}],"replies":[{"embeddable":true,"href":"https:\/\/www.hoymercedes.com.ar\/principal\/wp-json\/wp\/v2\/comments?post=166058"}],"version-history":[{"count":0,"href":"https:\/\/www.hoymercedes.com.ar\/principal\/wp-json\/wp\/v2\/posts\/166058\/revisions"}],"wp:featuredmedia":[{"embeddable":true,"href":"https:\/\/www.hoymercedes.com.ar\/principal\/wp-json\/wp\/v2\/media\/166059"}],"wp:attachment":[{"href":"https:\/\/www.hoymercedes.com.ar\/principal\/wp-json\/wp\/v2\/media?parent=166058"}],"wp:term":[{"taxonomy":"category","embeddable":true,"href":"https:\/\/www.hoymercedes.com.ar\/principal\/wp-json\/wp\/v2\/categories?post=166058"},{"taxonomy":"post_tag","embeddable":true,"href":"https:\/\/www.hoymercedes.com.ar\/principal\/wp-json\/wp\/v2\/tags?post=166058"}],"curies":[{"name":"wp","href":"https:\/\/api.w.org\/{rel}","templated":true}]}}