{"id":166063,"date":"2023-08-24T00:11:33","date_gmt":"2023-08-24T03:11:33","guid":{"rendered":"https:\/\/www.hoymercedes.com.ar\/principal\/?p=166063"},"modified":"2023-08-24T00:11:35","modified_gmt":"2023-08-24T03:11:35","slug":"voraz-incendio-fue-combatido-por-bomberos-en-un-campo-de-agote","status":"publish","type":"post","link":"https:\/\/www.hoymercedes.com.ar\/principal\/2023\/08\/24\/voraz-incendio-fue-combatido-por-bomberos-en-un-campo-de-agote\/","title":{"rendered":"Voraz incendio fue combatido por Bomberos en un campo de Agote"},"content":{"rendered":"\n<figure class=\"wp-block-image size-large\"><img loading=\"lazy\" decoding=\"async\" width=\"1024\" height=\"768\" data-attachment-id=\"166064\" data-permalink=\"https:\/\/www.hoymercedes.com.ar\/principal\/2023\/08\/24\/voraz-incendio-fue-combatido-por-bomberos-en-un-campo-de-agote\/incendioagote\/#main\" data-orig-file=\"https:\/\/www.hoymercedes.com.ar\/principal\/wp-content\/uploads\/2023\/08\/IncendioAgote.jpeg\" data-orig-size=\"1600,1200\" data-comments-opened=\"0\" data-image-meta=\"{&quot;aperture&quot;:&quot;0&quot;,&quot;credit&quot;:&quot;&quot;,&quot;camera&quot;:&quot;&quot;,&quot;caption&quot;:&quot;&quot;,&quot;created_timestamp&quot;:&quot;0&quot;,&quot;copyright&quot;:&quot;&quot;,&quot;focal_length&quot;:&quot;0&quot;,&quot;iso&quot;:&quot;0&quot;,&quot;shutter_speed&quot;:&quot;0&quot;,&quot;title&quot;:&quot;&quot;,&quot;orientation&quot;:&quot;0&quot;}\" data-image-title=\"IncendioAgote\" data-image-description=\"\" data-image-caption=\"\" data-large-file=\"https:\/\/www.hoymercedes.com.ar\/principal\/wp-content\/uploads\/2023\/08\/IncendioAgote-1024x768.jpeg\" src=\"https:\/\/www.hoymercedes.com.ar\/principal\/wp-content\/uploads\/2023\/08\/IncendioAgote-1024x768.jpeg\" alt=\"\" class=\"wp-image-166064\" srcset=\"https:\/\/www.hoymercedes.com.ar\/principal\/wp-content\/uploads\/2023\/08\/IncendioAgote-1024x768.jpeg 1024w, https:\/\/www.hoymercedes.com.ar\/principal\/wp-content\/uploads\/2023\/08\/IncendioAgote-630x473.jpeg 630w, https:\/\/www.hoymercedes.com.ar\/principal\/wp-content\/uploads\/2023\/08\/IncendioAgote-150x113.jpeg 150w, https:\/\/www.hoymercedes.com.ar\/principal\/wp-content\/uploads\/2023\/08\/IncendioAgote-1536x1152.jpeg 1536w, https:\/\/www.hoymercedes.com.ar\/principal\/wp-content\/uploads\/2023\/08\/IncendioAgote.jpeg 1600w\" sizes=\"auto, (max-width: 1024px) 100vw, 1024px\" \/><\/figure>\n\n\n\n<p>En un <strong>predio cercano<\/strong> a la <strong>c\u00e1rcel <\/strong>en construcci\u00f3n en <strong>Agote<\/strong> se produjo un <strong>incendio de importantes dimensiones<\/strong>. Pasadas las 19.00hs se realiz\u00f3 la primera alerta que convoc\u00f3 a los integrantes del Cuarte de Mercedes.<\/p>\n\n\n\n<p><strong>Pablo Marcori<\/strong> fue el bombero a cargo del dispositivo que conllev\u00f3 a que sean 3 las dotaciones que actuaron en el lugar, dando cuenta de lo importante del incendio.<\/p>\n\n\n\n<p>Se desconocen los motivos del inicio del fuego, generando una investigaci\u00f3n para ver si se logran determinar las causas.<\/p>\n\n\n\n<p>El r\u00e1pido accionar de los Bomberos pudo controlarlo. Polic\u00eda asisti\u00f3 en la zona a viviendas allegadas de manera preventiva. En el sitio estuvo presente tambi\u00e9n participando del operativo Protecci\u00f3n Civil de la Municipalidad.<\/p>\n","protected":false},"excerpt":{"rendered":"<p>En un predio cercano a la c\u00e1rcel en construcci\u00f3n en Agote se produjo un incendio de importantes dimensiones. Pasadas las &#8230; <a title=\"Voraz incendio fue combatido por Bomberos en un campo de Agote\" class=\"read-more\" href=\"https:\/\/www.hoymercedes.com.ar\/principal\/2023\/08\/24\/voraz-incendio-fue-combatido-por-bomberos-en-un-campo-de-agote\/\" aria-label=\"Leer m\u00e1s sobre Voraz incendio fue combatido por Bomberos en un campo de Agote\">Leer m\u00e1s<\/a><\/p>\n","protected":false},"author":1,"featured_media":166064,"comment_status":"closed","ping_status":"open","sticky":false,"template":"","format":"standard","meta":{"_monsterinsights_skip_tracking":false,"_monsterinsights_sitenote_active":false,"_monsterinsights_sitenote_note":"","_monsterinsights_sitenote_category":0,"jetpack_post_was_ever_published":false,"_jetpack_newsletter_access":"","_jetpack_dont_email_post_to_subs":false,"_jetpack_newsletter_tier_id":0,"_jetpack_memberships_contains_paywalled_content":false,"_jetpack_memberships_contains_paid_content":false,"footnotes":"","jetpack_publicize_message":"","jetpack_publicize_feature_enabled":true,"jetpack_social_post_already_shared":true,"jetpack_social_options":{"image_generator_settings":{"template":"highway","default_image_id":0,"font":"","enabled":false},"version":2},"_wpas_customize_per_network":false},"categories":[8],"tags":[],"class_list":["post-166063","post","type-post","status-publish","format-standard","has-post-thumbnail","hentry","category-sociedad","generate-columns","tablet-grid-50","mobile-grid-100","grid-parent","grid-50"],"jetpack_publicize_connections":[],"jetpack_featured_media_url":"https:\/\/www.hoymercedes.com.ar\/principal\/wp-content\/uploads\/2023\/08\/IncendioAgote.jpeg","wps_subtitle":"Bomberos, Protecci\u00f3n Civil y Polic\u00eda ","jetpack_sharing_enabled":true,"_links":{"self":[{"href":"https:\/\/www.hoymercedes.com.ar\/principal\/wp-json\/wp\/v2\/posts\/166063","targetHints":{"allow":["GET"]}}],"collection":[{"href":"https:\/\/www.hoymercedes.com.ar\/principal\/wp-json\/wp\/v2\/posts"}],"about":[{"href":"https:\/\/www.hoymercedes.com.ar\/principal\/wp-json\/wp\/v2\/types\/post"}],"author":[{"embeddable":true,"href":"https:\/\/www.hoymercedes.com.ar\/principal\/wp-json\/wp\/v2\/users\/1"}],"replies":[{"embeddable":true,"href":"https:\/\/www.hoymercedes.com.ar\/principal\/wp-json\/wp\/v2\/comments?post=166063"}],"version-history":[{"count":0,"href":"https:\/\/www.hoymercedes.com.ar\/principal\/wp-json\/wp\/v2\/posts\/166063\/revisions"}],"wp:featuredmedia":[{"embeddable":true,"href":"https:\/\/www.hoymercedes.com.ar\/principal\/wp-json\/wp\/v2\/media\/166064"}],"wp:attachment":[{"href":"https:\/\/www.hoymercedes.com.ar\/principal\/wp-json\/wp\/v2\/media?parent=166063"}],"wp:term":[{"taxonomy":"category","embeddable":true,"href":"https:\/\/www.hoymercedes.com.ar\/principal\/wp-json\/wp\/v2\/categories?post=166063"},{"taxonomy":"post_tag","embeddable":true,"href":"https:\/\/www.hoymercedes.com.ar\/principal\/wp-json\/wp\/v2\/tags?post=166063"}],"curies":[{"name":"wp","href":"https:\/\/api.w.org\/{rel}","templated":true}]}}