{"id":166069,"date":"2023-08-24T13:20:13","date_gmt":"2023-08-24T16:20:13","guid":{"rendered":"https:\/\/www.hoymercedes.com.ar\/principal\/?p=166069"},"modified":"2023-08-24T13:21:21","modified_gmt":"2023-08-24T16:21:21","slug":"lujan-siete-aprehendidos-por-intento-de-saqueo","status":"publish","type":"post","link":"https:\/\/www.hoymercedes.com.ar\/principal\/2023\/08\/24\/lujan-siete-aprehendidos-por-intento-de-saqueo\/","title":{"rendered":"Luj\u00e1n: Siete aprehendidos por intento de saqueo"},"content":{"rendered":"\n<p>Fuente: MPF DJMercedes &#8211; En la jornada de este mi\u00e9rcoles 23, siete personas fueron aprehendidas por personal policial luego de que intentaran llevar a cabo un hecho delictivo (com\u00fanmente denominado saqueo) en un supermercado de la ciudad de Luj\u00e1n.<\/p>\n\n\n\n<figure class=\"wp-block-image size-large\"><img loading=\"lazy\" decoding=\"async\" width=\"1024\" height=\"768\" data-attachment-id=\"166070\" data-permalink=\"https:\/\/www.hoymercedes.com.ar\/principal\/2023\/08\/24\/lujan-siete-aprehendidos-por-intento-de-saqueo\/20230824_131849\/#main\" data-orig-file=\"https:\/\/www.hoymercedes.com.ar\/principal\/wp-content\/uploads\/2023\/08\/20230824_131849.jpg\" data-orig-size=\"1280,960\" data-comments-opened=\"0\" data-image-meta=\"{&quot;aperture&quot;:&quot;0&quot;,&quot;credit&quot;:&quot;&quot;,&quot;camera&quot;:&quot;&quot;,&quot;caption&quot;:&quot;&quot;,&quot;created_timestamp&quot;:&quot;0&quot;,&quot;copyright&quot;:&quot;&quot;,&quot;focal_length&quot;:&quot;0&quot;,&quot;iso&quot;:&quot;0&quot;,&quot;shutter_speed&quot;:&quot;0&quot;,&quot;title&quot;:&quot;&quot;,&quot;orientation&quot;:&quot;0&quot;}\" data-image-title=\"20230824_131849\" data-image-description=\"\" data-image-caption=\"\" data-large-file=\"https:\/\/www.hoymercedes.com.ar\/principal\/wp-content\/uploads\/2023\/08\/20230824_131849-1024x768.jpg\" src=\"https:\/\/www.hoymercedes.com.ar\/principal\/wp-content\/uploads\/2023\/08\/20230824_131849-1024x768.jpg\" alt=\"\" class=\"wp-image-166070\" srcset=\"https:\/\/www.hoymercedes.com.ar\/principal\/wp-content\/uploads\/2023\/08\/20230824_131849-1024x768.jpg 1024w, https:\/\/www.hoymercedes.com.ar\/principal\/wp-content\/uploads\/2023\/08\/20230824_131849-630x473.jpg 630w, https:\/\/www.hoymercedes.com.ar\/principal\/wp-content\/uploads\/2023\/08\/20230824_131849-150x113.jpg 150w, https:\/\/www.hoymercedes.com.ar\/principal\/wp-content\/uploads\/2023\/08\/20230824_131849.jpg 1280w\" sizes=\"auto, (max-width: 1024px) 100vw, 1024px\" \/><figcaption class=\"wp-element-caption\">Fotograf\u00eda El Civismo de Luj\u00e1n<\/figcaption><\/figure>\n\n\n\n<p>Desde las primeras horas de la tarde se fue desarrollando una concentraci\u00f3n en inmediaciones del lugar, en la zona del barrio Juan XXIII de dicha localidad. La polic\u00eda tom\u00f3 conocimiento de esta situaci\u00f3n y llev\u00f3 a cabo un importante operativo logrando desactivar el intento de saqueo, pero un gran n\u00famero de personas permaneci\u00f3 arriba del puente de Acceso Oeste, e incluso prendieron fuego neum\u00e1ticos.<\/p>\n\n\n\n<p>Algunos grupos comenzaron a atacar los camiones que circulaban por el lugar, buscando la mercader\u00eda que pudieran llevar, pero al no lograr su cometido agredieron a los conductores.<br>Ya avanzada la noche se allegaron m\u00e1s personas, desde distintos puntos del mencionado puente y se produjo un enfrentamiento con los efectivos apostados en el lugar. Algunos agentes recibieron lesiones producto de los objetos que les arrojaban y golpes de pu\u00f1o, y tambi\u00e9n da\u00f1aron los patrulleros.<\/p>\n\n\n\n<p>La polic\u00eda debi\u00f3 repeler las agresiones con municiones anti disturbios, y en el marco de un operativo cerrojo se logr\u00f3 la aprehensi\u00f3n de siete personas (dos de ellos menores de edad).<\/p>\n\n\n\n<p>Por los hechos tom\u00f3 intervenci\u00f3n la Unidad Funcional de Instrucci\u00f3n N.\u00ba 9 &#8211; a cargo de la Dra. Mariana Suarez- del Departamento Judicial Mercedes.<\/p>\n\n\n\n<p>Los imputados (una mujer de 37 a\u00f1os, cuatro hombres de 18, 24 y 26 a\u00f1os, todos ellos oriundos de Luj\u00e1n) comparecer\u00e1n ante la agente fiscal a cargo en el marco de la audiencia de declaraci\u00f3n en los t\u00e9rminos del art. 308 del C\u00f3digo Procesal Penal en la jornada de este viernes 25 del corriente. Ser\u00e1 por el delito de \u201cRobo agravado por haber sido cometido en poblado y en banda y por la participaci\u00f3n de menores de edad, intimidaci\u00f3n p\u00fablica, atentado a la autoridad, da\u00f1o agravado, y lesiones leves, todo ello en concurso real\u201d.<\/p>\n\n\n\n<p>En tanto, los menores de 16 y 17 a\u00f1os comparecen ante la Unidad Funcional de Instrucci\u00f3n y Juicio N\u00b0 8 (Menores) &#8211; a cargo de la Dra. Yanina Colicchio &#8211; en el marco de la audiencia de declaraci\u00f3n en los t\u00e9rminos del art. 308 del C\u00f3digo Procesal Penal por los delitos de \u201cRobo agravado por haber sido cometido en poblado y en banda, intimidaci\u00f3n p\u00fablica, atentado a la autoridad, da\u00f1o agravado, y lesiones agravadas, todo ello en concurso real\u201d, en la jornada de este jueves.<\/p>\n\n\n\n<p>En todos los casos, las agentes fiscales actuantes solicitar\u00e1n la conversi\u00f3n de la aprehensi\u00f3n en detenci\u00f3n por ante Juzgado de Garant\u00edas correspondientes a cada caso para que se convaliden las correspondientes actuaciones en la urgencia.<\/p>\n\n\n\n<p>Vale destacar, adem\u00e1s, que se iniciar\u00e1n actuaciones judiciales por el delito de \u201cIntimidaci\u00f3n p\u00fablica\u201d e \u201cInstigaci\u00f3n a la comisi\u00f3n de delitos\u201d ante los diversos mensajes en redes sociales convocando a la realizaci\u00f3n de saqueos, los cuales se est\u00e1n investigando.<\/p>\n\n\n\n<p>Fuente: Ministerio P\u00fablico Fiscal Depto Judicial Mercedes<\/p>\n","protected":false},"excerpt":{"rendered":"<p>Fuente: MPF DJMercedes &#8211; En la jornada de este mi\u00e9rcoles 23, siete personas fueron aprehendidas por personal policial luego de &#8230; <a title=\"Luj\u00e1n: Siete aprehendidos por intento de saqueo\" class=\"read-more\" href=\"https:\/\/www.hoymercedes.com.ar\/principal\/2023\/08\/24\/lujan-siete-aprehendidos-por-intento-de-saqueo\/\" aria-label=\"Leer m\u00e1s sobre Luj\u00e1n: Siete aprehendidos por intento de saqueo\">Leer m\u00e1s<\/a><\/p>\n","protected":false},"author":1,"featured_media":166070,"comment_status":"closed","ping_status":"open","sticky":false,"template":"","format":"standard","meta":{"_monsterinsights_skip_tracking":false,"_monsterinsights_sitenote_active":false,"_monsterinsights_sitenote_note":"","_monsterinsights_sitenote_category":0,"jetpack_post_was_ever_published":false,"_jetpack_newsletter_access":"","_jetpack_dont_email_post_to_subs":false,"_jetpack_newsletter_tier_id":0,"_jetpack_memberships_contains_paywalled_content":false,"_jetpack_memberships_contains_paid_content":false,"footnotes":"","jetpack_publicize_message":"","jetpack_publicize_feature_enabled":true,"jetpack_social_post_already_shared":true,"jetpack_social_options":{"image_generator_settings":{"template":"highway","default_image_id":0,"font":"","enabled":false},"version":2},"_wpas_customize_per_network":false},"categories":[201,85],"tags":[16013,96],"class_list":["post-166069","post","type-post","status-publish","format-standard","has-post-thumbnail","hentry","category-lujan-2","category-policial","tag-lujan-3","tag-policial-2","generate-columns","tablet-grid-50","mobile-grid-100","grid-parent","grid-50"],"jetpack_publicize_connections":[],"jetpack_featured_media_url":"https:\/\/www.hoymercedes.com.ar\/principal\/wp-content\/uploads\/2023\/08\/20230824_131849.jpg","wps_subtitle":"","jetpack_sharing_enabled":true,"_links":{"self":[{"href":"https:\/\/www.hoymercedes.com.ar\/principal\/wp-json\/wp\/v2\/posts\/166069","targetHints":{"allow":["GET"]}}],"collection":[{"href":"https:\/\/www.hoymercedes.com.ar\/principal\/wp-json\/wp\/v2\/posts"}],"about":[{"href":"https:\/\/www.hoymercedes.com.ar\/principal\/wp-json\/wp\/v2\/types\/post"}],"author":[{"embeddable":true,"href":"https:\/\/www.hoymercedes.com.ar\/principal\/wp-json\/wp\/v2\/users\/1"}],"replies":[{"embeddable":true,"href":"https:\/\/www.hoymercedes.com.ar\/principal\/wp-json\/wp\/v2\/comments?post=166069"}],"version-history":[{"count":0,"href":"https:\/\/www.hoymercedes.com.ar\/principal\/wp-json\/wp\/v2\/posts\/166069\/revisions"}],"wp:featuredmedia":[{"embeddable":true,"href":"https:\/\/www.hoymercedes.com.ar\/principal\/wp-json\/wp\/v2\/media\/166070"}],"wp:attachment":[{"href":"https:\/\/www.hoymercedes.com.ar\/principal\/wp-json\/wp\/v2\/media?parent=166069"}],"wp:term":[{"taxonomy":"category","embeddable":true,"href":"https:\/\/www.hoymercedes.com.ar\/principal\/wp-json\/wp\/v2\/categories?post=166069"},{"taxonomy":"post_tag","embeddable":true,"href":"https:\/\/www.hoymercedes.com.ar\/principal\/wp-json\/wp\/v2\/tags?post=166069"}],"curies":[{"name":"wp","href":"https:\/\/api.w.org\/{rel}","templated":true}]}}