{"id":166077,"date":"2023-08-24T16:50:17","date_gmt":"2023-08-24T19:50:17","guid":{"rendered":"https:\/\/www.hoymercedes.com.ar\/principal\/?p=166077"},"modified":"2023-08-24T16:51:34","modified_gmt":"2023-08-24T19:51:34","slug":"hcd-juvenil-ultimo-encuentro-de-las-comisiones-de-trabajo","status":"publish","type":"post","link":"https:\/\/www.hoymercedes.com.ar\/principal\/2023\/08\/24\/hcd-juvenil-ultimo-encuentro-de-las-comisiones-de-trabajo\/","title":{"rendered":"HCD Juvenil: \u00faltimo encuentro de las comisiones de trabajo"},"content":{"rendered":"\n<p>Durante la ma\u00f1ana de este jueves se llev\u00f3 adelante la tercera y \u00faltima jornada de trabajo en comisi\u00f3n del HCD Juvenil, propuesta que lleva adelante el Concejo Deliberante de Mercedes con instituciones educativas del nivel secundario. <\/p>\n\n\n\n<figure class=\"wp-block-gallery has-nested-images columns-default is-cropped wp-block-gallery-1 is-layout-flex wp-block-gallery-is-layout-flex\">\n<figure class=\"wp-block-image size-large\"><img loading=\"lazy\" decoding=\"async\" width=\"800\" height=\"360\" data-attachment-id=\"166080\" data-permalink=\"https:\/\/www.hoymercedes.com.ar\/principal\/2023\/08\/24\/hcd-juvenil-ultimo-encuentro-de-las-comisiones-de-trabajo\/img_20230824_101747340_hdr_copy_800x360\/#main\" data-orig-file=\"https:\/\/www.hoymercedes.com.ar\/principal\/wp-content\/uploads\/2023\/08\/IMG_20230824_101747340_HDR_copy_800x360.jpg\" data-orig-size=\"800,360\" data-comments-opened=\"0\" data-image-meta=\"{&quot;aperture&quot;:&quot;0&quot;,&quot;credit&quot;:&quot;&quot;,&quot;camera&quot;:&quot;&quot;,&quot;caption&quot;:&quot;&quot;,&quot;created_timestamp&quot;:&quot;0&quot;,&quot;copyright&quot;:&quot;&quot;,&quot;focal_length&quot;:&quot;0&quot;,&quot;iso&quot;:&quot;0&quot;,&quot;shutter_speed&quot;:&quot;0&quot;,&quot;title&quot;:&quot;&quot;,&quot;orientation&quot;:&quot;0&quot;}\" data-image-title=\"IMG_20230824_101747340_HDR_copy_800x360\" data-image-description=\"\" data-image-caption=\"\" data-large-file=\"https:\/\/www.hoymercedes.com.ar\/principal\/wp-content\/uploads\/2023\/08\/IMG_20230824_101747340_HDR_copy_800x360.jpg\" data-id=\"166080\" src=\"https:\/\/www.hoymercedes.com.ar\/principal\/wp-content\/uploads\/2023\/08\/IMG_20230824_101747340_HDR_copy_800x360.jpg\" alt=\"\" class=\"wp-image-166080\" srcset=\"https:\/\/www.hoymercedes.com.ar\/principal\/wp-content\/uploads\/2023\/08\/IMG_20230824_101747340_HDR_copy_800x360.jpg 800w, https:\/\/www.hoymercedes.com.ar\/principal\/wp-content\/uploads\/2023\/08\/IMG_20230824_101747340_HDR_copy_800x360-630x284.jpg 630w, https:\/\/www.hoymercedes.com.ar\/principal\/wp-content\/uploads\/2023\/08\/IMG_20230824_101747340_HDR_copy_800x360-150x68.jpg 150w\" sizes=\"auto, (max-width: 800px) 100vw, 800px\" \/><\/figure>\n\n\n\n<figure class=\"wp-block-image size-large\"><img loading=\"lazy\" decoding=\"async\" width=\"800\" height=\"360\" data-attachment-id=\"166079\" data-permalink=\"https:\/\/www.hoymercedes.com.ar\/principal\/2023\/08\/24\/hcd-juvenil-ultimo-encuentro-de-las-comisiones-de-trabajo\/img_20230824_101648418_hdr_copy_800x360\/#main\" data-orig-file=\"https:\/\/www.hoymercedes.com.ar\/principal\/wp-content\/uploads\/2023\/08\/IMG_20230824_101648418_HDR_copy_800x360.jpg\" data-orig-size=\"800,360\" data-comments-opened=\"0\" data-image-meta=\"{&quot;aperture&quot;:&quot;0&quot;,&quot;credit&quot;:&quot;&quot;,&quot;camera&quot;:&quot;&quot;,&quot;caption&quot;:&quot;&quot;,&quot;created_timestamp&quot;:&quot;0&quot;,&quot;copyright&quot;:&quot;&quot;,&quot;focal_length&quot;:&quot;0&quot;,&quot;iso&quot;:&quot;0&quot;,&quot;shutter_speed&quot;:&quot;0&quot;,&quot;title&quot;:&quot;&quot;,&quot;orientation&quot;:&quot;0&quot;}\" data-image-title=\"IMG_20230824_101648418_HDR_copy_800x360\" data-image-description=\"\" data-image-caption=\"\" data-large-file=\"https:\/\/www.hoymercedes.com.ar\/principal\/wp-content\/uploads\/2023\/08\/IMG_20230824_101648418_HDR_copy_800x360.jpg\" data-id=\"166079\" src=\"https:\/\/www.hoymercedes.com.ar\/principal\/wp-content\/uploads\/2023\/08\/IMG_20230824_101648418_HDR_copy_800x360.jpg\" alt=\"\" class=\"wp-image-166079\" srcset=\"https:\/\/www.hoymercedes.com.ar\/principal\/wp-content\/uploads\/2023\/08\/IMG_20230824_101648418_HDR_copy_800x360.jpg 800w, https:\/\/www.hoymercedes.com.ar\/principal\/wp-content\/uploads\/2023\/08\/IMG_20230824_101648418_HDR_copy_800x360-630x284.jpg 630w, https:\/\/www.hoymercedes.com.ar\/principal\/wp-content\/uploads\/2023\/08\/IMG_20230824_101648418_HDR_copy_800x360-150x68.jpg 150w\" sizes=\"auto, (max-width: 800px) 100vw, 800px\" \/><\/figure>\n<\/figure>\n\n\n\n<p>Con el objetivo de terminar de trabajar los proyectos presentados en junio pasado por los estudiantes secundarios participantes, los concejales de Mercedes invitaron a los j\u00f3venes a participar de algunas de las dos mesas dispuestas. En una terminar\u00edan los proyectos de Medio Ambiente, mientras en la otra terminar\u00edan las propuesta de Salud y un proyecto de Ordenanza que vincula las finanzas con los estudios secundarios. <\/p>\n\n\n\n<p>Finalmente, los estudiantes firmaron los despachos de los proyectos y algunas modificaciones y ahora est\u00e1n a la espera de la confirmaci\u00f3n de la segunda sesi\u00f3n ordinaria del HCD Juvenil para aprobar los proyectos y que pasen al HCD Mercedes y sean tratados por los 18 concejales de la ciudad. <\/p>\n\n\n\n<figure class=\"wp-block-image size-full\"><img loading=\"lazy\" decoding=\"async\" width=\"800\" height=\"533\" data-attachment-id=\"166078\" data-permalink=\"https:\/\/www.hoymercedes.com.ar\/principal\/2023\/08\/24\/hcd-juvenil-ultimo-encuentro-de-las-comisiones-de-trabajo\/img_20230824_100633260_copy_800x533\/#main\" data-orig-file=\"https:\/\/www.hoymercedes.com.ar\/principal\/wp-content\/uploads\/2023\/08\/IMG_20230824_100633260_copy_800x533.jpg\" data-orig-size=\"800,533\" data-comments-opened=\"0\" data-image-meta=\"{&quot;aperture&quot;:&quot;0&quot;,&quot;credit&quot;:&quot;&quot;,&quot;camera&quot;:&quot;&quot;,&quot;caption&quot;:&quot;&quot;,&quot;created_timestamp&quot;:&quot;0&quot;,&quot;copyright&quot;:&quot;&quot;,&quot;focal_length&quot;:&quot;0&quot;,&quot;iso&quot;:&quot;0&quot;,&quot;shutter_speed&quot;:&quot;0&quot;,&quot;title&quot;:&quot;&quot;,&quot;orientation&quot;:&quot;0&quot;}\" data-image-title=\"IMG_20230824_100633260_copy_800x533\" data-image-description=\"\" data-image-caption=\"\" data-large-file=\"https:\/\/www.hoymercedes.com.ar\/principal\/wp-content\/uploads\/2023\/08\/IMG_20230824_100633260_copy_800x533.jpg\" src=\"https:\/\/www.hoymercedes.com.ar\/principal\/wp-content\/uploads\/2023\/08\/IMG_20230824_100633260_copy_800x533.jpg\" alt=\"\" class=\"wp-image-166078\" srcset=\"https:\/\/www.hoymercedes.com.ar\/principal\/wp-content\/uploads\/2023\/08\/IMG_20230824_100633260_copy_800x533.jpg 800w, https:\/\/www.hoymercedes.com.ar\/principal\/wp-content\/uploads\/2023\/08\/IMG_20230824_100633260_copy_800x533-630x420.jpg 630w, https:\/\/www.hoymercedes.com.ar\/principal\/wp-content\/uploads\/2023\/08\/IMG_20230824_100633260_copy_800x533-150x100.jpg 150w, https:\/\/www.hoymercedes.com.ar\/principal\/wp-content\/uploads\/2023\/08\/IMG_20230824_100633260_copy_800x533-700x465.jpg 700w\" sizes=\"auto, (max-width: 800px) 100vw, 800px\" \/><\/figure>\n","protected":false},"excerpt":{"rendered":"<p>Durante la ma\u00f1ana de este jueves se llev\u00f3 adelante la tercera y \u00faltima jornada de trabajo en comisi\u00f3n del HCD &#8230; <a title=\"HCD Juvenil: \u00faltimo encuentro de las comisiones de trabajo\" class=\"read-more\" href=\"https:\/\/www.hoymercedes.com.ar\/principal\/2023\/08\/24\/hcd-juvenil-ultimo-encuentro-de-las-comisiones-de-trabajo\/\" aria-label=\"Leer m\u00e1s sobre HCD Juvenil: \u00faltimo encuentro de las comisiones de trabajo\">Leer m\u00e1s<\/a><\/p>\n","protected":false},"author":1,"featured_media":166078,"comment_status":"closed","ping_status":"open","sticky":false,"template":"","format":"standard","meta":{"_monsterinsights_skip_tracking":false,"_monsterinsights_sitenote_active":false,"_monsterinsights_sitenote_note":"","_monsterinsights_sitenote_category":0,"jetpack_post_was_ever_published":false,"_jetpack_newsletter_access":"","_jetpack_dont_email_post_to_subs":false,"_jetpack_newsletter_tier_id":0,"_jetpack_memberships_contains_paywalled_content":false,"_jetpack_memberships_contains_paid_content":false,"footnotes":"","jetpack_publicize_message":"","jetpack_publicize_feature_enabled":true,"jetpack_social_post_already_shared":true,"jetpack_social_options":{"image_generator_settings":{"template":"highway","default_image_id":0,"font":"","enabled":false},"version":2},"_wpas_customize_per_network":false},"categories":[8],"tags":[47,18832,831,14199],"class_list":["post-166077","post","type-post","status-publish","format-standard","has-post-thumbnail","hentry","category-sociedad","tag-educacion-2","tag-hcd-juvenil","tag-hcd-mercedes","tag-politica","generate-columns","tablet-grid-50","mobile-grid-100","grid-parent","grid-50"],"jetpack_publicize_connections":[],"jetpack_featured_media_url":"https:\/\/www.hoymercedes.com.ar\/principal\/wp-content\/uploads\/2023\/08\/IMG_20230824_100633260_copy_800x533.jpg","wps_subtitle":"","jetpack_sharing_enabled":true,"_links":{"self":[{"href":"https:\/\/www.hoymercedes.com.ar\/principal\/wp-json\/wp\/v2\/posts\/166077","targetHints":{"allow":["GET"]}}],"collection":[{"href":"https:\/\/www.hoymercedes.com.ar\/principal\/wp-json\/wp\/v2\/posts"}],"about":[{"href":"https:\/\/www.hoymercedes.com.ar\/principal\/wp-json\/wp\/v2\/types\/post"}],"author":[{"embeddable":true,"href":"https:\/\/www.hoymercedes.com.ar\/principal\/wp-json\/wp\/v2\/users\/1"}],"replies":[{"embeddable":true,"href":"https:\/\/www.hoymercedes.com.ar\/principal\/wp-json\/wp\/v2\/comments?post=166077"}],"version-history":[{"count":0,"href":"https:\/\/www.hoymercedes.com.ar\/principal\/wp-json\/wp\/v2\/posts\/166077\/revisions"}],"wp:featuredmedia":[{"embeddable":true,"href":"https:\/\/www.hoymercedes.com.ar\/principal\/wp-json\/wp\/v2\/media\/166078"}],"wp:attachment":[{"href":"https:\/\/www.hoymercedes.com.ar\/principal\/wp-json\/wp\/v2\/media?parent=166077"}],"wp:term":[{"taxonomy":"category","embeddable":true,"href":"https:\/\/www.hoymercedes.com.ar\/principal\/wp-json\/wp\/v2\/categories?post=166077"},{"taxonomy":"post_tag","embeddable":true,"href":"https:\/\/www.hoymercedes.com.ar\/principal\/wp-json\/wp\/v2\/tags?post=166077"}],"curies":[{"name":"wp","href":"https:\/\/api.w.org\/{rel}","templated":true}]}}