{"id":166121,"date":"2023-08-25T11:08:00","date_gmt":"2023-08-25T14:08:00","guid":{"rendered":"https:\/\/www.hoymercedes.com.ar\/principal\/?p=166121"},"modified":"2023-08-25T08:14:21","modified_gmt":"2023-08-25T11:14:21","slug":"monica-brown-dara-charla-sobre-manuel-belgrano","status":"publish","type":"post","link":"https:\/\/www.hoymercedes.com.ar\/principal\/2023\/08\/25\/monica-brown-dara-charla-sobre-manuel-belgrano\/","title":{"rendered":"M\u00f3nica Brown dar\u00e1 charla sobre Manuel Belgrano"},"content":{"rendered":"\n<p>En el marco de las actividades que lleva adelante el Instituto Belgraniano de Mercedes, el pr\u00f3ximo s\u00e1bado tendr\u00e1 lugar una nueva charla. En esta oportunidad, la responsable de disertar ser\u00e1 la presidente de la instituci\u00f3n,Mar\u00eda M\u00f3nica Brown. El tema central ser\u00e1 la figura de Manuel Belgrano.<\/p>\n\n\n\n<p>Bajo el t\u00edtulo de \u201c1815, cuando casi fuimos un reino\u201d, la profesora se referir\u00e1 a la misi\u00f3n diplom\u00e1tica de Belgrano y Rivadavia en Londres, y al proyecto de creaci\u00f3n de un reino independiente con capital en Buenos Aires, cuyo rey ser\u00eda el hermano menor de Fernando VII.<\/p>\n\n\n\n<p>La cita es en la sede del Instituto Belgraniano (calle 12 N\u00b0 339, casi 15) el d\u00eda 26 de agosto a las 17 hs, con entrada libre y gratuita.<\/p>\n\n\n\n<figure class=\"wp-block-image size-full\"><img loading=\"lazy\" decoding=\"async\" width=\"800\" height=\"566\" data-attachment-id=\"166122\" data-permalink=\"https:\/\/www.hoymercedes.com.ar\/principal\/2023\/08\/25\/monica-brown-dara-charla-sobre-manuel-belgrano\/charlam_brown_copy_800x566\/#main\" data-orig-file=\"https:\/\/www.hoymercedes.com.ar\/principal\/wp-content\/uploads\/2023\/08\/charlaM_Brown_copy_800x566.png\" data-orig-size=\"800,566\" data-comments-opened=\"0\" data-image-meta=\"{&quot;aperture&quot;:&quot;0&quot;,&quot;credit&quot;:&quot;&quot;,&quot;camera&quot;:&quot;&quot;,&quot;caption&quot;:&quot;&quot;,&quot;created_timestamp&quot;:&quot;0&quot;,&quot;copyright&quot;:&quot;&quot;,&quot;focal_length&quot;:&quot;0&quot;,&quot;iso&quot;:&quot;0&quot;,&quot;shutter_speed&quot;:&quot;0&quot;,&quot;title&quot;:&quot;&quot;,&quot;orientation&quot;:&quot;0&quot;}\" data-image-title=\"charlaM_Brown_copy_800x566\" data-image-description=\"\" data-image-caption=\"\" data-large-file=\"https:\/\/www.hoymercedes.com.ar\/principal\/wp-content\/uploads\/2023\/08\/charlaM_Brown_copy_800x566.png\" src=\"https:\/\/www.hoymercedes.com.ar\/principal\/wp-content\/uploads\/2023\/08\/charlaM_Brown_copy_800x566.png\" alt=\"\" class=\"wp-image-166122\" srcset=\"https:\/\/www.hoymercedes.com.ar\/principal\/wp-content\/uploads\/2023\/08\/charlaM_Brown_copy_800x566.png 800w, https:\/\/www.hoymercedes.com.ar\/principal\/wp-content\/uploads\/2023\/08\/charlaM_Brown_copy_800x566-630x446.png 630w, https:\/\/www.hoymercedes.com.ar\/principal\/wp-content\/uploads\/2023\/08\/charlaM_Brown_copy_800x566-150x106.png 150w, https:\/\/www.hoymercedes.com.ar\/principal\/wp-content\/uploads\/2023\/08\/charlaM_Brown_copy_800x566-120x85.png 120w\" sizes=\"auto, (max-width: 800px) 100vw, 800px\" \/><\/figure>\n","protected":false},"excerpt":{"rendered":"<p>En el marco de las actividades que lleva adelante el Instituto Belgraniano de Mercedes, el pr\u00f3ximo s\u00e1bado tendr\u00e1 lugar una &#8230; <a title=\"M\u00f3nica Brown dar\u00e1 charla sobre Manuel Belgrano\" class=\"read-more\" href=\"https:\/\/www.hoymercedes.com.ar\/principal\/2023\/08\/25\/monica-brown-dara-charla-sobre-manuel-belgrano\/\" aria-label=\"Leer m\u00e1s sobre M\u00f3nica Brown dar\u00e1 charla sobre Manuel Belgrano\">Leer m\u00e1s<\/a><\/p>\n","protected":false},"author":1,"featured_media":166122,"comment_status":"closed","ping_status":"open","sticky":false,"template":"","format":"standard","meta":{"_monsterinsights_skip_tracking":false,"_monsterinsights_sitenote_active":false,"_monsterinsights_sitenote_note":"","_monsterinsights_sitenote_category":0,"jetpack_post_was_ever_published":false,"_jetpack_newsletter_access":"","_jetpack_dont_email_post_to_subs":false,"_jetpack_newsletter_tier_id":0,"_jetpack_memberships_contains_paywalled_content":false,"_jetpack_memberships_contains_paid_content":false,"footnotes":"","jetpack_publicize_message":"","jetpack_publicize_feature_enabled":true,"jetpack_social_post_already_shared":true,"jetpack_social_options":{"image_generator_settings":{"template":"highway","default_image_id":0,"font":"","enabled":false},"version":2},"_wpas_customize_per_network":false},"categories":[104],"tags":[7805],"class_list":["post-166121","post","type-post","status-publish","format-standard","has-post-thumbnail","hentry","category-cultura","tag-cultura","generate-columns","tablet-grid-50","mobile-grid-100","grid-parent","grid-50"],"jetpack_publicize_connections":[],"jetpack_featured_media_url":"https:\/\/www.hoymercedes.com.ar\/principal\/wp-content\/uploads\/2023\/08\/charlaM_Brown_copy_800x566.png","wps_subtitle":"","jetpack_sharing_enabled":true,"_links":{"self":[{"href":"https:\/\/www.hoymercedes.com.ar\/principal\/wp-json\/wp\/v2\/posts\/166121","targetHints":{"allow":["GET"]}}],"collection":[{"href":"https:\/\/www.hoymercedes.com.ar\/principal\/wp-json\/wp\/v2\/posts"}],"about":[{"href":"https:\/\/www.hoymercedes.com.ar\/principal\/wp-json\/wp\/v2\/types\/post"}],"author":[{"embeddable":true,"href":"https:\/\/www.hoymercedes.com.ar\/principal\/wp-json\/wp\/v2\/users\/1"}],"replies":[{"embeddable":true,"href":"https:\/\/www.hoymercedes.com.ar\/principal\/wp-json\/wp\/v2\/comments?post=166121"}],"version-history":[{"count":0,"href":"https:\/\/www.hoymercedes.com.ar\/principal\/wp-json\/wp\/v2\/posts\/166121\/revisions"}],"wp:featuredmedia":[{"embeddable":true,"href":"https:\/\/www.hoymercedes.com.ar\/principal\/wp-json\/wp\/v2\/media\/166122"}],"wp:attachment":[{"href":"https:\/\/www.hoymercedes.com.ar\/principal\/wp-json\/wp\/v2\/media?parent=166121"}],"wp:term":[{"taxonomy":"category","embeddable":true,"href":"https:\/\/www.hoymercedes.com.ar\/principal\/wp-json\/wp\/v2\/categories?post=166121"},{"taxonomy":"post_tag","embeddable":true,"href":"https:\/\/www.hoymercedes.com.ar\/principal\/wp-json\/wp\/v2\/tags?post=166121"}],"curies":[{"name":"wp","href":"https:\/\/api.w.org\/{rel}","templated":true}]}}