{"id":166152,"date":"2023-08-26T10:05:33","date_gmt":"2023-08-26T13:05:33","guid":{"rendered":"https:\/\/www.hoymercedes.com.ar\/principal\/?p=166152"},"modified":"2023-08-26T10:06:27","modified_gmt":"2023-08-26T13:06:27","slug":"presidente-de-colproba-presente-en-mercedes","status":"publish","type":"post","link":"https:\/\/www.hoymercedes.com.ar\/principal\/2023\/08\/26\/presidente-de-colproba-presente-en-mercedes\/","title":{"rendered":"Presidente de COLPROBA presente en Mercedes"},"content":{"rendered":"\n<p><em><strong>Entrevista al Dr. Bienvenido Rodr\u00edguez Basalo, Presidente del\u00a0COLPROBA\u00a0(Colegio de Abogados de la Provincia de Buenos Aires), en el marco de la primera reuni\u00f3n del\u00a0D\u00eda de los \u00d3rganos de la Colegiaci\u00f3n., organizado por CADJMercedes.<\/strong><\/em><\/p>\n\n\n\n<figure class=\"wp-block-image size-full is-resized\"><img loading=\"lazy\" decoding=\"async\" data-attachment-id=\"166154\" data-permalink=\"https:\/\/www.hoymercedes.com.ar\/principal\/2023\/08\/26\/presidente-de-colproba-presente-en-mercedes\/dr-rodriguezbasalo_copy_800x533\/#main\" data-orig-file=\"https:\/\/www.hoymercedes.com.ar\/principal\/wp-content\/uploads\/2023\/08\/Dr.RodriguezBasalo_copy_800x533.jpg\" data-orig-size=\"800,533\" data-comments-opened=\"0\" data-image-meta=\"{&quot;aperture&quot;:&quot;0&quot;,&quot;credit&quot;:&quot;&quot;,&quot;camera&quot;:&quot;&quot;,&quot;caption&quot;:&quot;&quot;,&quot;created_timestamp&quot;:&quot;0&quot;,&quot;copyright&quot;:&quot;&quot;,&quot;focal_length&quot;:&quot;0&quot;,&quot;iso&quot;:&quot;0&quot;,&quot;shutter_speed&quot;:&quot;0&quot;,&quot;title&quot;:&quot;&quot;,&quot;orientation&quot;:&quot;0&quot;}\" data-image-title=\"Dr.RodriguezBasalo_copy_800x533\" data-image-description=\"\" data-image-caption=\"\" data-large-file=\"https:\/\/www.hoymercedes.com.ar\/principal\/wp-content\/uploads\/2023\/08\/Dr.RodriguezBasalo_copy_800x533.jpg\" src=\"https:\/\/www.hoymercedes.com.ar\/principal\/wp-content\/uploads\/2023\/08\/Dr.RodriguezBasalo_copy_800x533.jpg\" alt=\"\" class=\"wp-image-166154\" style=\"width:394px;height:263px\" width=\"394\" height=\"263\" srcset=\"https:\/\/www.hoymercedes.com.ar\/principal\/wp-content\/uploads\/2023\/08\/Dr.RodriguezBasalo_copy_800x533.jpg 800w, https:\/\/www.hoymercedes.com.ar\/principal\/wp-content\/uploads\/2023\/08\/Dr.RodriguezBasalo_copy_800x533-630x420.jpg 630w, https:\/\/www.hoymercedes.com.ar\/principal\/wp-content\/uploads\/2023\/08\/Dr.RodriguezBasalo_copy_800x533-150x100.jpg 150w, https:\/\/www.hoymercedes.com.ar\/principal\/wp-content\/uploads\/2023\/08\/Dr.RodriguezBasalo_copy_800x533-700x465.jpg 700w\" sizes=\"auto, (max-width: 394px) 100vw, 394px\" \/><\/figure>\n\n\n\n<p><strong>\u00bfCu\u00e1l es la importancia del D\u00eda de los \u00d3rganos de la Colegiaci\u00f3n para el \u00e1mbito jur\u00eddico de la provincia de Buenos Aires?<\/strong>&nbsp;<\/p>\n\n\n\n<p>Nosotros, quienes llevamos varios a\u00f1os en la Colegiaci\u00f3n, ya estamos acostumbrados a venir a Mercedes durante el mes de agosto.&nbsp;En un clima de inmensa camarader\u00eda generado por el Colegio, discutimos, debatimos, disentimos y consensuamos todos aquellos temas que las comisiones van tratando a lo largo del a\u00f1o.&nbsp;Esto nos permite hacer un resumen de la problem\u00e1tica y la posici\u00f3n del COLPROBA en cada uno de los temas relacionados con la justicia.&nbsp;Adem\u00e1s, en esta ocasi\u00f3n, se re\u00fane la Caja de Previsi\u00f3n y recibimos la visita del presidente de la Federaci\u00f3n Argentina de Colegios de Abogados. Lo m\u00e1s importante es que, despu\u00e9s de disfrutar del asado, ya estamos pensando en el encuentro del pr\u00f3ximo agosto de 2024 para volver a sumergirnos en este clima generado gracias al trabajo del colegio y sus empleados, y poder abordar la Colegiaci\u00f3n de esta manera.&nbsp;<\/p>\n\n\n\n<p><strong>\u00bfPodr\u00eda decirse que el D\u00eda de los \u00d3rganos de la Colegiaci\u00f3n se ha convertido en un evento cl\u00e1sico?<\/strong>&nbsp;<\/p>\n\n\n\n<p>Definitivamente, s\u00ed. Adem\u00e1s, siempre se tratan temas muy relevantes. Aunque debatimos ideas y hay diferencias, logramos un consenso superior en temas complejos. Lo comparo con el Vaticano, donde los eclesi\u00e1sticos se re\u00fanen para debatir sus asuntos. Nosotros, los abogados, hacemos esto en Mercedes. Aqu\u00ed nos impregnamos de ese \u00abesp\u00edritu de colegiaci\u00f3n\u00bb que luego llevamos durante todo el a\u00f1o.&nbsp;<\/p>\n\n\n\n<p><strong>Entonces, \u00bfla camarader\u00eda es uno de los pilares de este evento?<\/strong>&nbsp;<\/p>\n\n\n\n<p>Exactamente, gracias a este ambiente podemos debatir temas con posturas contradictorias y s\u00f3lidas. Es una oportunidad que no siempre surge a lo largo del a\u00f1o. Durante los dos a\u00f1os de la pandemia de Covid-19, extra\u00f1amos este evento, ya que el debate a distancia en las redes sociales no se compara con el que se genera en persona aqu\u00ed en Mercedes durante estas jornadas. Estamos muy contentos de estar aqu\u00ed, y la evidencia de ello es la gran cantidad de colegas que nos visitan y que participan en las diversas comisiones que trabajan durante todo el a\u00f1o. Vienen a Mercedes para concluir aquellos temas que a\u00fan no est\u00e1n resueltos.&nbsp;<\/p>\n\n\n\n<p><strong>\u00bfCu\u00e1les son los temas que se est\u00e1n discutiendo espec\u00edficamente?<\/strong>&nbsp;<\/p>\n\n\n\n<p>En realidad, se est\u00e1n discutiendo muchos temas: abogac\u00eda del ni\u00f1o, procedimiento laboral, temas de familia, el problema de las vacantes, entre otros. Tambi\u00e9n haremos un anuncio sobre la creaci\u00f3n de un registro de abogados de la v\u00edctima, que comenz\u00f3 a funcionar el d\u00eda 22 y estar\u00e1 activo durante 30 d\u00edas. Lamentablemente, hay algunos temas que se repiten, ya que no se resuelven (incluso algunos empeoran), y por eso parece que siempre estamos dando el mismo discurso.<\/p>\n\n\n\n<p><strong>\u00bfHay temas que evolucionan y llegan a nuevas conclusiones?<\/strong>&nbsp;<\/p>\n\n\n\n<p>En algunos casos, s\u00ed. En cuanto a otros temas que dependen m\u00e1s del poder pol\u00edtico, la situaci\u00f3n est\u00e1 ligada a la voluntad del Ejecutivo, el Legislativo e incluso el Poder Judicial. Y en eso, los plazos y las necesidades que ellos manejan difieren mucho de los que manejamos y comprendemos nosotros.&nbsp;<\/p>\n\n\n\n<p><strong>\u00bfQu\u00e9 papel desempe\u00f1a la abogac\u00eda joven en la actualidad?<\/strong>&nbsp;<\/p>\n\n\n\n<p>La abogac\u00eda joven, que recientemente ha tenido una gran influencia en las decisiones del COLPROBA, es posiblemente la Comisi\u00f3n m\u00e1s numerosa. Nosotros, los mayores, estamos diciendo que en esta abogac\u00eda que ellos est\u00e1n preparando para los pr\u00f3ximos 30 a\u00f1os, \u00abtengan en cuenta que nos estamos retirando\u00bb.&nbsp;Los j\u00f3venes est\u00e1n dise\u00f1ando una abogac\u00eda que ser\u00e1 muy diferente a la que practicamos en la actualidad.&nbsp;<\/p>\n\n\n\n<p><strong>\u00bfTiene alg\u00fan mensaje para el Colegio de Abogados de Mercedes?<\/strong>&nbsp;<\/p>\n\n\n\n<p>Quiero agradecer a las autoridades del Colegio y a todos los matriculados, porque realmente nos sentimos muy bien recibidos. Tambi\u00e9n al personal del colegio que, con su amabilidad, servicio y cordialidad, nos brinda 48 horas m\u00e1gicas aqu\u00ed.\u00a0<\/p>\n\n\n\n<p><\/p>\n\n\n\n<p>&#8212;<\/p>\n\n\n\n<figure class=\"wp-block-image is-resized\"><img loading=\"lazy\" decoding=\"async\" src=\"http:\/\/mobile-webview.gmail.com\/-1066579518\/blocked\" alt=\"\" style=\"width:396px;height:76px\" width=\"396\" height=\"76\"\/><\/figure>\n\n\n\n<p><strong>,<\/strong><\/p>\n\n\n\n<p><\/p>\n","protected":false},"excerpt":{"rendered":"<p>Entrevista al Dr. Bienvenido Rodr\u00edguez Basalo, Presidente del\u00a0COLPROBA\u00a0(Colegio de Abogados de la Provincia de Buenos Aires), en el marco de &#8230; <a title=\"Presidente de COLPROBA presente en Mercedes\" class=\"read-more\" href=\"https:\/\/www.hoymercedes.com.ar\/principal\/2023\/08\/26\/presidente-de-colproba-presente-en-mercedes\/\" aria-label=\"Leer m\u00e1s sobre Presidente de COLPROBA presente en Mercedes\">Leer m\u00e1s<\/a><\/p>\n","protected":false},"author":1,"featured_media":166154,"comment_status":"closed","ping_status":"open","sticky":false,"template":"","format":"standard","meta":{"_monsterinsights_skip_tracking":false,"_monsterinsights_sitenote_active":false,"_monsterinsights_sitenote_note":"","_monsterinsights_sitenote_category":0,"jetpack_post_was_ever_published":false,"_jetpack_newsletter_access":"","_jetpack_dont_email_post_to_subs":false,"_jetpack_newsletter_tier_id":0,"_jetpack_memberships_contains_paywalled_content":false,"_jetpack_memberships_contains_paid_content":false,"footnotes":"","jetpack_publicize_message":"","jetpack_publicize_feature_enabled":true,"jetpack_social_post_already_shared":true,"jetpack_social_options":{"image_generator_settings":{"template":"highway","default_image_id":0,"font":"","enabled":false},"version":2},"_wpas_customize_per_network":false},"categories":[8],"tags":[],"class_list":["post-166152","post","type-post","status-publish","format-standard","has-post-thumbnail","hentry","category-sociedad","generate-columns","tablet-grid-50","mobile-grid-100","grid-parent","grid-50"],"jetpack_publicize_connections":[],"jetpack_featured_media_url":"https:\/\/www.hoymercedes.com.ar\/principal\/wp-content\/uploads\/2023\/08\/Dr.RodriguezBasalo_copy_800x533.jpg","wps_subtitle":"","jetpack_sharing_enabled":true,"_links":{"self":[{"href":"https:\/\/www.hoymercedes.com.ar\/principal\/wp-json\/wp\/v2\/posts\/166152","targetHints":{"allow":["GET"]}}],"collection":[{"href":"https:\/\/www.hoymercedes.com.ar\/principal\/wp-json\/wp\/v2\/posts"}],"about":[{"href":"https:\/\/www.hoymercedes.com.ar\/principal\/wp-json\/wp\/v2\/types\/post"}],"author":[{"embeddable":true,"href":"https:\/\/www.hoymercedes.com.ar\/principal\/wp-json\/wp\/v2\/users\/1"}],"replies":[{"embeddable":true,"href":"https:\/\/www.hoymercedes.com.ar\/principal\/wp-json\/wp\/v2\/comments?post=166152"}],"version-history":[{"count":0,"href":"https:\/\/www.hoymercedes.com.ar\/principal\/wp-json\/wp\/v2\/posts\/166152\/revisions"}],"wp:featuredmedia":[{"embeddable":true,"href":"https:\/\/www.hoymercedes.com.ar\/principal\/wp-json\/wp\/v2\/media\/166154"}],"wp:attachment":[{"href":"https:\/\/www.hoymercedes.com.ar\/principal\/wp-json\/wp\/v2\/media?parent=166152"}],"wp:term":[{"taxonomy":"category","embeddable":true,"href":"https:\/\/www.hoymercedes.com.ar\/principal\/wp-json\/wp\/v2\/categories?post=166152"},{"taxonomy":"post_tag","embeddable":true,"href":"https:\/\/www.hoymercedes.com.ar\/principal\/wp-json\/wp\/v2\/tags?post=166152"}],"curies":[{"name":"wp","href":"https:\/\/api.w.org\/{rel}","templated":true}]}}