{"id":166168,"date":"2023-08-28T20:11:44","date_gmt":"2023-08-28T23:11:44","guid":{"rendered":"https:\/\/www.hoymercedes.com.ar\/principal\/?p=166168"},"modified":"2023-08-28T20:12:00","modified_gmt":"2023-08-28T23:12:00","slug":"cesar-lalla-inaugura-a-un-costado-del-olvido","status":"publish","type":"post","link":"https:\/\/www.hoymercedes.com.ar\/principal\/2023\/08\/28\/cesar-lalla-inaugura-a-un-costado-del-olvido\/","title":{"rendered":"C\u00e9sar Lalla inaugura \u00abA un costado del olvido\u00bb"},"content":{"rendered":"\n<p>El venidero 2 de septiembre, el artista pl\u00e1stico C\u00e9sar Lalla presentar\u00e1 una nueva muestra pict\u00f3rica bajo el t\u00edtulo: \u201cA un costado del olvido\u201d. Desde la hora 19 del pr\u00f3ximo s\u00e1bado, la exposici\u00f3n abre sus puertas en el Museo de Arte \u00abMunicipalidad de Mercedes\u00bb (MAMM). Adem\u00e1s, el artista tendr\u00e1 dos encuentros en distintas fechas para el di\u00e1logo con los visitantes a la muestra. <\/p>\n\n\n<div class=\"wp-block-image\">\n<figure class=\"aligncenter size-full\"><img loading=\"lazy\" decoding=\"async\" width=\"800\" height=\"533\" data-attachment-id=\"166140\" data-permalink=\"https:\/\/www.hoymercedes.com.ar\/principal\/img_20230825_112017601_hdr_copy_800x533\/\" data-orig-file=\"https:\/\/www.hoymercedes.com.ar\/principal\/wp-content\/uploads\/2023\/08\/IMG_20230825_112017601_HDR_copy_800x533.jpg\" data-orig-size=\"800,533\" data-comments-opened=\"0\" data-image-meta=\"{&quot;aperture&quot;:&quot;0&quot;,&quot;credit&quot;:&quot;&quot;,&quot;camera&quot;:&quot;&quot;,&quot;caption&quot;:&quot;&quot;,&quot;created_timestamp&quot;:&quot;0&quot;,&quot;copyright&quot;:&quot;&quot;,&quot;focal_length&quot;:&quot;0&quot;,&quot;iso&quot;:&quot;0&quot;,&quot;shutter_speed&quot;:&quot;0&quot;,&quot;title&quot;:&quot;&quot;,&quot;orientation&quot;:&quot;0&quot;}\" data-image-title=\"IMG_20230825_112017601_HDR_copy_800x533\" data-image-description=\"\" data-image-caption=\"\" data-large-file=\"https:\/\/www.hoymercedes.com.ar\/principal\/wp-content\/uploads\/2023\/08\/IMG_20230825_112017601_HDR_copy_800x533.jpg\" src=\"https:\/\/www.hoymercedes.com.ar\/principal\/wp-content\/uploads\/2023\/08\/IMG_20230825_112017601_HDR_copy_800x533.jpg\" alt=\"\" class=\"wp-image-166140\" srcset=\"https:\/\/www.hoymercedes.com.ar\/principal\/wp-content\/uploads\/2023\/08\/IMG_20230825_112017601_HDR_copy_800x533.jpg 800w, https:\/\/www.hoymercedes.com.ar\/principal\/wp-content\/uploads\/2023\/08\/IMG_20230825_112017601_HDR_copy_800x533-630x420.jpg 630w, https:\/\/www.hoymercedes.com.ar\/principal\/wp-content\/uploads\/2023\/08\/IMG_20230825_112017601_HDR_copy_800x533-150x100.jpg 150w, https:\/\/www.hoymercedes.com.ar\/principal\/wp-content\/uploads\/2023\/08\/IMG_20230825_112017601_HDR_copy_800x533-700x465.jpg 700w\" sizes=\"auto, (max-width: 800px) 100vw, 800px\" \/><\/figure>\n<\/div>\n\n\n<p>En el marco de una conferencia de prensa realizada en caf\u00e9 Bistr\u00f3, Lalla explic\u00f3 y adelant\u00f3 cuestiones que hacen a la muestra la viene proyectando desde hace dos a\u00f1os y uno de los disparadores que lo motivaron y movilizaron es parte de la letra de la canci\u00f3n \u201cCuando llegue el alba\u201d de Cafrune.<\/p>\n\n\n\n<p>\u00abLa muestra si titula &#8216;a un costado del olvido&#8217;. Es una parte de un tema musical de Jorge Cafrune. Esa frase me motiv\u00f3 para las pinturas. La representaci\u00f3n tiene que ver con el fondo de la poes\u00eda. Lo tom\u00e9 como una de las motivaciones y cierra la identidad de la muestra. La figuraci\u00f3n predominante son cardos, o flores de cardos, tiene que ver tambi\u00e9n la m\u00fasica y el posicionamiento humano. De alguna manera humanizo los cardos. Interpelan a los que la vayan a verla\u00bb, destac\u00f3 C\u00e9sar Lalla. <\/p>\n\n\n\n<p>La apertura de la muestra ser\u00e1 el s\u00e1bado 2. Los d\u00edas posteriores, C\u00e9sar Lalla tendr\u00e1 dos momentos para encontrarse con los visitantes a la exposici\u00f3n. Es as\u00ed que el domingo 3 de septiembre, a partir de la hora 15, el pintor estar\u00e1 en el MAMM para compartir unas horas de pintura con familias. Ser\u00e1 un taller de pintura con la tem\u00e1tica de la exposici\u00f3n como inspiraci\u00f3n. <\/p>\n\n\n\n<p>En tanto, el s\u00e1bado 9 de septiembre, 17 horas, Lalla llevar\u00e1 adelante un \u201cconversatorio\u201d con los visitantes. El artista estar\u00e1  abierto a un intercambio con el p\u00fablico presente para hablar sobre su obra, su arte y sobre las inquietudes que los presentes quieran desarrollar.&nbsp;<\/p>\n\n\n\n<p>Bajo el t\u00edtulo \u201cA un costado del olvido\u201d, la muestra se expondr\u00e1 en la sala B del MAMM, con la curadur\u00eda de Miqui Aladro. Son cerca de cien cuadros de formato peque\u00f1o los que estar\u00e1n expuestos durante dos semanas en el museo de calle 23 entre 18 y 16. La inauguraci\u00f3n es el s\u00e1bado 2 de septiembre a las 19 horas. <\/p>\n","protected":false},"excerpt":{"rendered":"<p>El venidero 2 de septiembre, el artista pl\u00e1stico C\u00e9sar Lalla presentar\u00e1 una nueva muestra pict\u00f3rica bajo el t\u00edtulo: \u201cA un &#8230; <a title=\"C\u00e9sar Lalla inaugura \u00abA un costado del olvido\u00bb\" class=\"read-more\" href=\"https:\/\/www.hoymercedes.com.ar\/principal\/2023\/08\/28\/cesar-lalla-inaugura-a-un-costado-del-olvido\/\" aria-label=\"Leer m\u00e1s sobre C\u00e9sar Lalla inaugura \u00abA un costado del olvido\u00bb\">Leer m\u00e1s<\/a><\/p>\n","protected":false},"author":1,"featured_media":166140,"comment_status":"closed","ping_status":"open","sticky":false,"template":"","format":"standard","meta":{"_monsterinsights_skip_tracking":false,"_monsterinsights_sitenote_active":false,"_monsterinsights_sitenote_note":"","_monsterinsights_sitenote_category":0,"jetpack_post_was_ever_published":false,"_jetpack_newsletter_access":"","_jetpack_dont_email_post_to_subs":false,"_jetpack_newsletter_tier_id":0,"_jetpack_memberships_contains_paywalled_content":false,"_jetpack_memberships_contains_paid_content":false,"footnotes":"","jetpack_publicize_message":"","jetpack_publicize_feature_enabled":true,"jetpack_social_post_already_shared":true,"jetpack_social_options":{"image_generator_settings":{"template":"highway","default_image_id":0,"font":"","enabled":false},"version":2},"_wpas_customize_per_network":false},"categories":[104],"tags":[7805],"class_list":["post-166168","post","type-post","status-publish","format-standard","has-post-thumbnail","hentry","category-cultura","tag-cultura","generate-columns","tablet-grid-50","mobile-grid-100","grid-parent","grid-50"],"jetpack_publicize_connections":[],"jetpack_featured_media_url":"https:\/\/www.hoymercedes.com.ar\/principal\/wp-content\/uploads\/2023\/08\/IMG_20230825_112017601_HDR_copy_800x533.jpg","wps_subtitle":"","jetpack_sharing_enabled":true,"_links":{"self":[{"href":"https:\/\/www.hoymercedes.com.ar\/principal\/wp-json\/wp\/v2\/posts\/166168","targetHints":{"allow":["GET"]}}],"collection":[{"href":"https:\/\/www.hoymercedes.com.ar\/principal\/wp-json\/wp\/v2\/posts"}],"about":[{"href":"https:\/\/www.hoymercedes.com.ar\/principal\/wp-json\/wp\/v2\/types\/post"}],"author":[{"embeddable":true,"href":"https:\/\/www.hoymercedes.com.ar\/principal\/wp-json\/wp\/v2\/users\/1"}],"replies":[{"embeddable":true,"href":"https:\/\/www.hoymercedes.com.ar\/principal\/wp-json\/wp\/v2\/comments?post=166168"}],"version-history":[{"count":0,"href":"https:\/\/www.hoymercedes.com.ar\/principal\/wp-json\/wp\/v2\/posts\/166168\/revisions"}],"wp:featuredmedia":[{"embeddable":true,"href":"https:\/\/www.hoymercedes.com.ar\/principal\/wp-json\/wp\/v2\/media\/166140"}],"wp:attachment":[{"href":"https:\/\/www.hoymercedes.com.ar\/principal\/wp-json\/wp\/v2\/media?parent=166168"}],"wp:term":[{"taxonomy":"category","embeddable":true,"href":"https:\/\/www.hoymercedes.com.ar\/principal\/wp-json\/wp\/v2\/categories?post=166168"},{"taxonomy":"post_tag","embeddable":true,"href":"https:\/\/www.hoymercedes.com.ar\/principal\/wp-json\/wp\/v2\/tags?post=166168"}],"curies":[{"name":"wp","href":"https:\/\/api.w.org\/{rel}","templated":true}]}}