{"id":166177,"date":"2023-08-27T02:33:24","date_gmt":"2023-08-27T05:33:24","guid":{"rendered":"https:\/\/www.hoymercedes.com.ar\/principal\/?p=166177"},"modified":"2023-08-27T02:38:44","modified_gmt":"2023-08-27T05:38:44","slug":"hasta-el-martes-29-sigue-mirar-para-verse","status":"publish","type":"post","link":"https:\/\/www.hoymercedes.com.ar\/principal\/2023\/08\/27\/hasta-el-martes-29-sigue-mirar-para-verse\/","title":{"rendered":"Hasta el martes 29 sigue \u00abMirar para Verse\u00bb"},"content":{"rendered":"\n<p><strong><em>\u00daltimos d\u00edas para visitar \u00abMirar para verse\u00bb, la exposici\u00f3n de pinturas de Pablo Blasberg en el Museo de Arte de Mercedes (MAMM)<\/em><\/strong><\/p>\n\n\n<div class=\"wp-block-image\">\n<figure class=\"aligncenter size-full\"><img loading=\"lazy\" decoding=\"async\" width=\"800\" height=\"533\" data-attachment-id=\"166179\" data-permalink=\"https:\/\/www.hoymercedes.com.ar\/principal\/2023\/08\/27\/hasta-el-martes-29-sigue-mirar-para-verse\/pablo-blasberg-lara-palma-nestor-goyanes\/#main\" data-orig-file=\"https:\/\/www.hoymercedes.com.ar\/principal\/wp-content\/uploads\/2023\/08\/Pablo-Blasberg-Lara-Palma-Nestor-Goyanes.jpg\" data-orig-size=\"800,533\" data-comments-opened=\"0\" data-image-meta=\"{&quot;aperture&quot;:&quot;0&quot;,&quot;credit&quot;:&quot;&quot;,&quot;camera&quot;:&quot;&quot;,&quot;caption&quot;:&quot;&quot;,&quot;created_timestamp&quot;:&quot;1693052525&quot;,&quot;copyright&quot;:&quot;&quot;,&quot;focal_length&quot;:&quot;0&quot;,&quot;iso&quot;:&quot;0&quot;,&quot;shutter_speed&quot;:&quot;0&quot;,&quot;title&quot;:&quot;&quot;,&quot;orientation&quot;:&quot;1&quot;}\" data-image-title=\"Pablo Blasberg Lara Palma Nestor Goyanes\" data-image-description=\"\" data-image-caption=\"\" data-large-file=\"https:\/\/www.hoymercedes.com.ar\/principal\/wp-content\/uploads\/2023\/08\/Pablo-Blasberg-Lara-Palma-Nestor-Goyanes.jpg\" src=\"https:\/\/www.hoymercedes.com.ar\/principal\/wp-content\/uploads\/2023\/08\/Pablo-Blasberg-Lara-Palma-Nestor-Goyanes.jpg\" alt=\"\" class=\"wp-image-166179\" srcset=\"https:\/\/www.hoymercedes.com.ar\/principal\/wp-content\/uploads\/2023\/08\/Pablo-Blasberg-Lara-Palma-Nestor-Goyanes.jpg 800w, https:\/\/www.hoymercedes.com.ar\/principal\/wp-content\/uploads\/2023\/08\/Pablo-Blasberg-Lara-Palma-Nestor-Goyanes-630x420.jpg 630w, https:\/\/www.hoymercedes.com.ar\/principal\/wp-content\/uploads\/2023\/08\/Pablo-Blasberg-Lara-Palma-Nestor-Goyanes-150x100.jpg 150w, https:\/\/www.hoymercedes.com.ar\/principal\/wp-content\/uploads\/2023\/08\/Pablo-Blasberg-Lara-Palma-Nestor-Goyanes-700x465.jpg 700w\" sizes=\"auto, (max-width: 800px) 100vw, 800px\" \/><\/figure>\n<\/div>\n\n\n<p><em>Mercedes, 26 de agosto de 2023 &#8211;&nbsp;<\/em>El Museo de Arte de Mercedes (MAMM) se enorgullece en recordar a todos los amantes del arte que los \u00faltimos d\u00edas para apreciar la exposici\u00f3n&nbsp;<strong>\u00abMirar para verse\u00bb<\/strong>&nbsp;del artista visual Pablo Blasberg est\u00e1n llegando a su fin.&nbsp;<\/p>\n\n\n\n<p>A trav\u00e9s de una selecci\u00f3n de m\u00e1s de 30 pinturas plasmadas en t\u00e9cnicas mixtas, Blasberg desaf\u00eda al espectador a mirar m\u00e1s all\u00e1 de la superficie y explorar las capas m\u00e1s profundas de la identidad, la percepci\u00f3n y la introspecci\u00f3n.&nbsp;<strong>\u00abMirar para verse\u00bb<\/strong>&nbsp;es una experiencia que trasciende lo convencional y lleva a los visitantes a un viaje visual y emocional \u00fanico.<\/p>\n\n\n\n<p>El MAMM invita a todos aquellos que a\u00fan no han tenido la oportunidad de experimentar esta exposici\u00f3n a que se unan a nosotros en estos \u00faltimos d\u00edas. Tanto los entusiastas del arte como los curiosos est\u00e1n invitados a sumergirse en el mundo reflexivo y psicol\u00f3gico de&nbsp;<strong>\u00abMirar para verse\u00bb<\/strong>. La exposici\u00f3n estar\u00e1 abierta al p\u00fablico hasta el martes 29 de agosto, todos los d\u00edas de 10 a 14 hs.<\/p>\n\n\n\n<p>Detalles de la Exposici\u00f3n:<\/p>\n\n\n\n<ul class=\"wp-block-list\">\n<li>T\u00edtulo:&nbsp;<strong>Mirar para Verse<\/strong><\/li>\n\n\n\n<li>Artista:&nbsp;<strong>Pablo Blasberg<\/strong><\/li>\n\n\n\n<li>Fechas: Desde el 19\/8\/23&nbsp; hasta 29\/8\/23<\/li>\n\n\n\n<li>Horario de Apertura: 10:00 hs<\/li>\n\n\n\n<li>Horario de Cierre: 14:00 hs<\/li>\n\n\n\n<li>Lugar: Museo de Arte de Mercedes (MAMM)<\/li>\n\n\n\n<li>Direcci\u00f3n: Calle 23 entre 16 y 18<\/li>\n\n\n\n<li>Entrada libre y gratuita<\/li>\n<\/ul>\n\n\n\n<p>Fuente PB<\/p>\n","protected":false},"excerpt":{"rendered":"<p>\u00daltimos d\u00edas para visitar \u00abMirar para verse\u00bb, la exposici\u00f3n de pinturas de Pablo Blasberg en el Museo de Arte de &#8230; <a title=\"Hasta el martes 29 sigue \u00abMirar para Verse\u00bb\" class=\"read-more\" href=\"https:\/\/www.hoymercedes.com.ar\/principal\/2023\/08\/27\/hasta-el-martes-29-sigue-mirar-para-verse\/\" aria-label=\"Leer m\u00e1s sobre Hasta el martes 29 sigue \u00abMirar para Verse\u00bb\">Leer m\u00e1s<\/a><\/p>\n","protected":false},"author":1,"featured_media":166180,"comment_status":"closed","ping_status":"open","sticky":false,"template":"","format":"standard","meta":{"_monsterinsights_skip_tracking":false,"_monsterinsights_sitenote_active":false,"_monsterinsights_sitenote_note":"","_monsterinsights_sitenote_category":0,"jetpack_post_was_ever_published":false,"_jetpack_newsletter_access":"","_jetpack_dont_email_post_to_subs":false,"_jetpack_newsletter_tier_id":0,"_jetpack_memberships_contains_paywalled_content":false,"_jetpack_memberships_contains_paid_content":false,"footnotes":"","jetpack_publicize_message":"","jetpack_publicize_feature_enabled":true,"jetpack_social_post_already_shared":true,"jetpack_social_options":{"image_generator_settings":{"template":"highway","default_image_id":0,"font":"","enabled":false},"version":2},"_wpas_customize_per_network":false},"categories":[104],"tags":[7805],"class_list":["post-166177","post","type-post","status-publish","format-standard","has-post-thumbnail","hentry","category-cultura","tag-cultura","generate-columns","tablet-grid-50","mobile-grid-100","grid-parent","grid-50"],"jetpack_publicize_connections":[],"jetpack_featured_media_url":"https:\/\/www.hoymercedes.com.ar\/principal\/wp-content\/uploads\/2023\/08\/Pablo-Blasberg-Revoltijo-1.jpg","wps_subtitle":"","jetpack_sharing_enabled":true,"_links":{"self":[{"href":"https:\/\/www.hoymercedes.com.ar\/principal\/wp-json\/wp\/v2\/posts\/166177","targetHints":{"allow":["GET"]}}],"collection":[{"href":"https:\/\/www.hoymercedes.com.ar\/principal\/wp-json\/wp\/v2\/posts"}],"about":[{"href":"https:\/\/www.hoymercedes.com.ar\/principal\/wp-json\/wp\/v2\/types\/post"}],"author":[{"embeddable":true,"href":"https:\/\/www.hoymercedes.com.ar\/principal\/wp-json\/wp\/v2\/users\/1"}],"replies":[{"embeddable":true,"href":"https:\/\/www.hoymercedes.com.ar\/principal\/wp-json\/wp\/v2\/comments?post=166177"}],"version-history":[{"count":0,"href":"https:\/\/www.hoymercedes.com.ar\/principal\/wp-json\/wp\/v2\/posts\/166177\/revisions"}],"wp:featuredmedia":[{"embeddable":true,"href":"https:\/\/www.hoymercedes.com.ar\/principal\/wp-json\/wp\/v2\/media\/166180"}],"wp:attachment":[{"href":"https:\/\/www.hoymercedes.com.ar\/principal\/wp-json\/wp\/v2\/media?parent=166177"}],"wp:term":[{"taxonomy":"category","embeddable":true,"href":"https:\/\/www.hoymercedes.com.ar\/principal\/wp-json\/wp\/v2\/categories?post=166177"},{"taxonomy":"post_tag","embeddable":true,"href":"https:\/\/www.hoymercedes.com.ar\/principal\/wp-json\/wp\/v2\/tags?post=166177"}],"curies":[{"name":"wp","href":"https:\/\/api.w.org\/{rel}","templated":true}]}}