{"id":166233,"date":"2023-08-27T15:48:22","date_gmt":"2023-08-27T18:48:22","guid":{"rendered":"https:\/\/www.hoymercedes.com.ar\/principal\/?p=166233"},"modified":"2023-08-27T22:52:16","modified_gmt":"2023-08-28T01:52:16","slug":"tarde-de-juegos-y-magia-en-la-camara-economica","status":"publish","type":"post","link":"https:\/\/www.hoymercedes.com.ar\/principal\/2023\/08\/27\/tarde-de-juegos-y-magia-en-la-camara-economica\/","title":{"rendered":"Tarde de juegos y magia en la C\u00e1mara Econ\u00f3mica"},"content":{"rendered":"\n<p>Tal como se anunci\u00f3 d\u00edas atr\u00e1s, en la tarde del s\u00e1bado la Subcomisi\u00f3n de Mujeres de la C\u00e1mara Econ\u00f3mica Mercedina lleb\u00f3 adelante actividades para los m\u00e1s peque\u00f1os en el marco de las celebraciones por el mes de la ni\u00f1ez y d\u00eda del ni\u00f1o. <\/p>\n\n\n<div class=\"wp-block-image\">\n<figure class=\"aligncenter size-full\"><img loading=\"lazy\" decoding=\"async\" width=\"800\" height=\"534\" data-attachment-id=\"166242\" data-permalink=\"https:\/\/www.hoymercedes.com.ar\/principal\/2023\/08\/27\/tarde-de-juegos-y-magia-en-la-camara-economica\/mujeres-cem-ninos\/#main\" data-orig-file=\"https:\/\/www.hoymercedes.com.ar\/principal\/wp-content\/uploads\/2023\/08\/Mujeres-CEM-ninos.jpg\" data-orig-size=\"800,534\" data-comments-opened=\"0\" data-image-meta=\"{&quot;aperture&quot;:&quot;0&quot;,&quot;credit&quot;:&quot;&quot;,&quot;camera&quot;:&quot;&quot;,&quot;caption&quot;:&quot;&quot;,&quot;created_timestamp&quot;:&quot;1693171704&quot;,&quot;copyright&quot;:&quot;&quot;,&quot;focal_length&quot;:&quot;0&quot;,&quot;iso&quot;:&quot;0&quot;,&quot;shutter_speed&quot;:&quot;0&quot;,&quot;title&quot;:&quot;&quot;,&quot;orientation&quot;:&quot;1&quot;}\" data-image-title=\"Mujeres CEM ni\u00f1os\" data-image-description=\"\" data-image-caption=\"\" data-large-file=\"https:\/\/www.hoymercedes.com.ar\/principal\/wp-content\/uploads\/2023\/08\/Mujeres-CEM-ninos.jpg\" src=\"https:\/\/www.hoymercedes.com.ar\/principal\/wp-content\/uploads\/2023\/08\/Mujeres-CEM-ninos.jpg\" alt=\"\" class=\"wp-image-166242\" srcset=\"https:\/\/www.hoymercedes.com.ar\/principal\/wp-content\/uploads\/2023\/08\/Mujeres-CEM-ninos.jpg 800w, https:\/\/www.hoymercedes.com.ar\/principal\/wp-content\/uploads\/2023\/08\/Mujeres-CEM-ninos-630x421.jpg 630w, https:\/\/www.hoymercedes.com.ar\/principal\/wp-content\/uploads\/2023\/08\/Mujeres-CEM-ninos-150x100.jpg 150w\" sizes=\"auto, (max-width: 800px) 100vw, 800px\" \/><\/figure>\n<\/div>\n\n\n<p>En la sede de la CEM, los distintos espacios permitieron que los peque\u00f1os que se dieron cita en la actividad jugaron, aprendieron distintas t\u00e9cnicas en fotograf\u00eda y alimentaci\u00f3n, as\u00ed como participaron de sorteos por regalos obsequiados por los socios de la C\u00e1mara Econ\u00f3mica. <\/p>\n\n\n\n<p>\u00abLa placita blanda se transform\u00f3 en un espacio seguro y l\u00fadico para los peque\u00f1os, quienes tuvieron la oportunidad de explorar, re\u00edr y jugar bajo la supervisi\u00f3n de personal capacitado. Adem\u00e1s, los ni\u00f1os se deleitaron con la experiencia del maquillaje art\u00edstico, permitiendo que sus imaginaciones volaran mientras se convert\u00edan en sus personajes favoritos\u00bb, contaron desde la Subcomisi\u00f3n de Mujeres que coordina Natalia Facciolo.<\/p>\n\n\n<div class=\"wp-block-image\">\n<figure class=\"aligncenter size-full\"><img loading=\"lazy\" decoding=\"async\" width=\"800\" height=\"534\" data-attachment-id=\"166241\" data-permalink=\"https:\/\/www.hoymercedes.com.ar\/principal\/2023\/08\/27\/tarde-de-juegos-y-magia-en-la-camara-economica\/mujeres-cem-ninos2\/#main\" data-orig-file=\"https:\/\/www.hoymercedes.com.ar\/principal\/wp-content\/uploads\/2023\/08\/Mujeres-CEM-ninos2.jpg\" data-orig-size=\"800,534\" data-comments-opened=\"0\" data-image-meta=\"{&quot;aperture&quot;:&quot;0&quot;,&quot;credit&quot;:&quot;&quot;,&quot;camera&quot;:&quot;&quot;,&quot;caption&quot;:&quot;&quot;,&quot;created_timestamp&quot;:&quot;1693171704&quot;,&quot;copyright&quot;:&quot;&quot;,&quot;focal_length&quot;:&quot;0&quot;,&quot;iso&quot;:&quot;0&quot;,&quot;shutter_speed&quot;:&quot;0&quot;,&quot;title&quot;:&quot;&quot;,&quot;orientation&quot;:&quot;1&quot;}\" data-image-title=\"Mujeres CEM ni\u00f1os2\" data-image-description=\"\" data-image-caption=\"\" data-large-file=\"https:\/\/www.hoymercedes.com.ar\/principal\/wp-content\/uploads\/2023\/08\/Mujeres-CEM-ninos2.jpg\" src=\"https:\/\/www.hoymercedes.com.ar\/principal\/wp-content\/uploads\/2023\/08\/Mujeres-CEM-ninos2.jpg\" alt=\"\" class=\"wp-image-166241\" srcset=\"https:\/\/www.hoymercedes.com.ar\/principal\/wp-content\/uploads\/2023\/08\/Mujeres-CEM-ninos2.jpg 800w, https:\/\/www.hoymercedes.com.ar\/principal\/wp-content\/uploads\/2023\/08\/Mujeres-CEM-ninos2-630x421.jpg 630w, https:\/\/www.hoymercedes.com.ar\/principal\/wp-content\/uploads\/2023\/08\/Mujeres-CEM-ninos2-150x100.jpg 150w\" sizes=\"auto, (max-width: 800px) 100vw, 800px\" \/><\/figure>\n<\/div>\n\n\n<p>\u00abPara aquellos que deseaban capturar momentos especiales, se ofrecieron talleres de fotograf\u00eda dise\u00f1ados especialmente para los m\u00e1s j\u00f3venes, donde pudieron aprender los conceptos fundamentales de la fotograf\u00eda y la composici\u00f3n. La magia del circo tambi\u00e9n estuvo presente, con un emocionante espect\u00e1culo circense que cautiv\u00f3 tanto a grandes como a peque\u00f1os. Adem\u00e1s, se llevaron a cabo sorteos en los que los socios de la CEM contribuyeron con premios especiales\u00bb, contaron las organizadoras de la instituci\u00f3n que preside la comerciante Paula Arretche.<\/p>\n\n\n\n<p>Entre las actividades que ofrecieron hubo un taller de Arteterapia con Natalia Bonifazi de Encontrarte, un taller de fotograf\u00eda \u201cJugando a ser fot\u00f3grafos con celular\u201d con Camila Pulido Fotograf\u00eda; un taller de \u201cFrutas y verduras en colores\u201d con la Lic. en Nutrici\u00f3n Lucrecia Roda e Isolina Gonz\u00e1lez, auspiciado por Verduleria Thiago, un show de Burbujas junto a Conga de Circo al Pie, auspiciado por Cars Street, adem\u00e1s Sole Vidal Makeup y Cande Rissola de Get Color Hair maquillaron y peinaron a los peque\u00f1os y peque\u00f1as que lo solicitaron. Adem\u00e1s hubo una Plaza Montessori auspiciada por Encontrarte, juegos de la Jugueter\u00eda Queremos Jugar y refrigerios auspiciados por Distribuidora LUDMARC<\/p>\n\n\n\n<div class=\"wp-block-jetpack-slideshow aligncenter\" data-effect=\"slide\"><div class=\"wp-block-jetpack-slideshow_container swiper-container\"><ul class=\"wp-block-jetpack-slideshow_swiper-wrapper swiper-wrapper\"><li class=\"wp-block-jetpack-slideshow_slide swiper-slide\"><figure><img loading=\"lazy\" decoding=\"async\" width=\"800\" height=\"801\" alt=\"\" class=\"wp-block-jetpack-slideshow_image wp-image-166235\" data-id=\"166235\" src=\"https:\/\/www.hoymercedes.com.ar\/principal\/wp-content\/uploads\/2023\/08\/Mujeres-CEM-Ninos-9.jpg\" srcset=\"https:\/\/www.hoymercedes.com.ar\/principal\/wp-content\/uploads\/2023\/08\/Mujeres-CEM-Ninos-9.jpg 800w, https:\/\/www.hoymercedes.com.ar\/principal\/wp-content\/uploads\/2023\/08\/Mujeres-CEM-Ninos-9-619x620.jpg 619w, https:\/\/www.hoymercedes.com.ar\/principal\/wp-content\/uploads\/2023\/08\/Mujeres-CEM-Ninos-9-150x150.jpg 150w\" sizes=\"(max-width: 800px) 100vw, 800px\" \/><\/figure><\/li><li class=\"wp-block-jetpack-slideshow_slide swiper-slide\"><figure><img loading=\"lazy\" decoding=\"async\" width=\"800\" height=\"801\" alt=\"\" class=\"wp-block-jetpack-slideshow_image wp-image-166236\" data-id=\"166236\" src=\"https:\/\/www.hoymercedes.com.ar\/principal\/wp-content\/uploads\/2023\/08\/Mujeres-CEM-Ninos-8.jpg\" srcset=\"https:\/\/www.hoymercedes.com.ar\/principal\/wp-content\/uploads\/2023\/08\/Mujeres-CEM-Ninos-8.jpg 800w, https:\/\/www.hoymercedes.com.ar\/principal\/wp-content\/uploads\/2023\/08\/Mujeres-CEM-Ninos-8-619x620.jpg 619w, https:\/\/www.hoymercedes.com.ar\/principal\/wp-content\/uploads\/2023\/08\/Mujeres-CEM-Ninos-8-150x150.jpg 150w\" sizes=\"(max-width: 800px) 100vw, 800px\" \/><\/figure><\/li><li class=\"wp-block-jetpack-slideshow_slide swiper-slide\"><figure><img loading=\"lazy\" decoding=\"async\" width=\"800\" height=\"800\" alt=\"\" class=\"wp-block-jetpack-slideshow_image wp-image-166237\" data-id=\"166237\" src=\"https:\/\/www.hoymercedes.com.ar\/principal\/wp-content\/uploads\/2023\/08\/Mujeres-CEM-Ninos-6.jpg\" srcset=\"https:\/\/www.hoymercedes.com.ar\/principal\/wp-content\/uploads\/2023\/08\/Mujeres-CEM-Ninos-6.jpg 800w, https:\/\/www.hoymercedes.com.ar\/principal\/wp-content\/uploads\/2023\/08\/Mujeres-CEM-Ninos-6-620x620.jpg 620w, https:\/\/www.hoymercedes.com.ar\/principal\/wp-content\/uploads\/2023\/08\/Mujeres-CEM-Ninos-6-150x150.jpg 150w\" sizes=\"(max-width: 800px) 100vw, 800px\" \/><\/figure><\/li><li class=\"wp-block-jetpack-slideshow_slide swiper-slide\"><figure><img loading=\"lazy\" decoding=\"async\" width=\"800\" height=\"800\" alt=\"\" class=\"wp-block-jetpack-slideshow_image wp-image-166238\" data-id=\"166238\" src=\"https:\/\/www.hoymercedes.com.ar\/principal\/wp-content\/uploads\/2023\/08\/Mujeres-CEM-Ninos-5.jpg\" srcset=\"https:\/\/www.hoymercedes.com.ar\/principal\/wp-content\/uploads\/2023\/08\/Mujeres-CEM-Ninos-5.jpg 800w, https:\/\/www.hoymercedes.com.ar\/principal\/wp-content\/uploads\/2023\/08\/Mujeres-CEM-Ninos-5-620x620.jpg 620w, https:\/\/www.hoymercedes.com.ar\/principal\/wp-content\/uploads\/2023\/08\/Mujeres-CEM-Ninos-5-150x150.jpg 150w\" sizes=\"(max-width: 800px) 100vw, 800px\" \/><\/figure><\/li><li class=\"wp-block-jetpack-slideshow_slide swiper-slide\"><figure><img loading=\"lazy\" decoding=\"async\" width=\"800\" height=\"800\" alt=\"\" class=\"wp-block-jetpack-slideshow_image wp-image-166239\" data-id=\"166239\" src=\"https:\/\/www.hoymercedes.com.ar\/principal\/wp-content\/uploads\/2023\/08\/Mujeres-CEM-ninos4.jpg\" srcset=\"https:\/\/www.hoymercedes.com.ar\/principal\/wp-content\/uploads\/2023\/08\/Mujeres-CEM-ninos4.jpg 800w, https:\/\/www.hoymercedes.com.ar\/principal\/wp-content\/uploads\/2023\/08\/Mujeres-CEM-ninos4-620x620.jpg 620w, https:\/\/www.hoymercedes.com.ar\/principal\/wp-content\/uploads\/2023\/08\/Mujeres-CEM-ninos4-150x150.jpg 150w\" sizes=\"(max-width: 800px) 100vw, 800px\" \/><\/figure><\/li><li class=\"wp-block-jetpack-slideshow_slide swiper-slide\"><figure><img loading=\"lazy\" decoding=\"async\" width=\"800\" height=\"800\" alt=\"\" class=\"wp-block-jetpack-slideshow_image wp-image-166240\" data-id=\"166240\" src=\"https:\/\/www.hoymercedes.com.ar\/principal\/wp-content\/uploads\/2023\/08\/Mujeres-CEM-ninos-3.jpeg.jpg\" srcset=\"https:\/\/www.hoymercedes.com.ar\/principal\/wp-content\/uploads\/2023\/08\/Mujeres-CEM-ninos-3.jpeg.jpg 800w, https:\/\/www.hoymercedes.com.ar\/principal\/wp-content\/uploads\/2023\/08\/Mujeres-CEM-ninos-3.jpeg-620x620.jpg 620w, https:\/\/www.hoymercedes.com.ar\/principal\/wp-content\/uploads\/2023\/08\/Mujeres-CEM-ninos-3.jpeg-150x150.jpg 150w\" sizes=\"(max-width: 800px) 100vw, 800px\" \/><\/figure><\/li><\/ul><a class=\"wp-block-jetpack-slideshow_button-prev swiper-button-prev swiper-button-white\" role=\"button\"><\/a><a class=\"wp-block-jetpack-slideshow_button-next swiper-button-next swiper-button-white\" role=\"button\"><\/a><a aria-label=\"Pause Slideshow\" class=\"wp-block-jetpack-slideshow_button-pause\" role=\"button\"><\/a><div class=\"wp-block-jetpack-slideshow_pagination swiper-pagination swiper-pagination-white\"><\/div><\/div><\/div>\n\n\n\n<p>Para asistir al evento, se sugiri\u00f3 que lleven un alimento no perecedero que ser\u00e1 donado a un comedor en el marco de un proyecto solidario a la comunidad que tienen la CEM. <\/p>\n\n\n\n<p>La actividad estuvo auspiciada por Mujeres CAME y MEFEBA. <\/p>\n","protected":false},"excerpt":{"rendered":"<p>Tal como se anunci\u00f3 d\u00edas atr\u00e1s, en la tarde del s\u00e1bado la Subcomisi\u00f3n de Mujeres de la C\u00e1mara Econ\u00f3mica Mercedina &#8230; <a title=\"Tarde de juegos y magia en la C\u00e1mara Econ\u00f3mica\" class=\"read-more\" href=\"https:\/\/www.hoymercedes.com.ar\/principal\/2023\/08\/27\/tarde-de-juegos-y-magia-en-la-camara-economica\/\" aria-label=\"Leer m\u00e1s sobre Tarde de juegos y magia en la C\u00e1mara Econ\u00f3mica\">Leer m\u00e1s<\/a><\/p>\n","protected":false},"author":1,"featured_media":166241,"comment_status":"closed","ping_status":"open","sticky":false,"template":"","format":"standard","meta":{"_monsterinsights_skip_tracking":false,"_monsterinsights_sitenote_active":false,"_monsterinsights_sitenote_note":"","_monsterinsights_sitenote_category":0,"jetpack_post_was_ever_published":false,"_jetpack_newsletter_access":"","_jetpack_dont_email_post_to_subs":false,"_jetpack_newsletter_tier_id":0,"_jetpack_memberships_contains_paywalled_content":false,"_jetpack_memberships_contains_paid_content":false,"footnotes":"","jetpack_publicize_message":"","jetpack_publicize_feature_enabled":true,"jetpack_social_post_already_shared":true,"jetpack_social_options":{"image_generator_settings":{"template":"highway","default_image_id":0,"font":"","enabled":false},"version":2},"_wpas_customize_per_network":false},"categories":[8],"tags":[],"class_list":["post-166233","post","type-post","status-publish","format-standard","has-post-thumbnail","hentry","category-sociedad","generate-columns","tablet-grid-50","mobile-grid-100","grid-parent","grid-50"],"jetpack_publicize_connections":[],"jetpack_featured_media_url":"https:\/\/www.hoymercedes.com.ar\/principal\/wp-content\/uploads\/2023\/08\/Mujeres-CEM-ninos2.jpg","wps_subtitle":"","jetpack_sharing_enabled":true,"_links":{"self":[{"href":"https:\/\/www.hoymercedes.com.ar\/principal\/wp-json\/wp\/v2\/posts\/166233","targetHints":{"allow":["GET"]}}],"collection":[{"href":"https:\/\/www.hoymercedes.com.ar\/principal\/wp-json\/wp\/v2\/posts"}],"about":[{"href":"https:\/\/www.hoymercedes.com.ar\/principal\/wp-json\/wp\/v2\/types\/post"}],"author":[{"embeddable":true,"href":"https:\/\/www.hoymercedes.com.ar\/principal\/wp-json\/wp\/v2\/users\/1"}],"replies":[{"embeddable":true,"href":"https:\/\/www.hoymercedes.com.ar\/principal\/wp-json\/wp\/v2\/comments?post=166233"}],"version-history":[{"count":0,"href":"https:\/\/www.hoymercedes.com.ar\/principal\/wp-json\/wp\/v2\/posts\/166233\/revisions"}],"wp:featuredmedia":[{"embeddable":true,"href":"https:\/\/www.hoymercedes.com.ar\/principal\/wp-json\/wp\/v2\/media\/166241"}],"wp:attachment":[{"href":"https:\/\/www.hoymercedes.com.ar\/principal\/wp-json\/wp\/v2\/media?parent=166233"}],"wp:term":[{"taxonomy":"category","embeddable":true,"href":"https:\/\/www.hoymercedes.com.ar\/principal\/wp-json\/wp\/v2\/categories?post=166233"},{"taxonomy":"post_tag","embeddable":true,"href":"https:\/\/www.hoymercedes.com.ar\/principal\/wp-json\/wp\/v2\/tags?post=166233"}],"curies":[{"name":"wp","href":"https:\/\/api.w.org\/{rel}","templated":true}]}}