{"id":166246,"date":"2023-08-27T23:07:06","date_gmt":"2023-08-28T02:07:06","guid":{"rendered":"https:\/\/www.hoymercedes.com.ar\/principal\/?p=166246"},"modified":"2023-08-27T23:07:30","modified_gmt":"2023-08-28T02:07:30","slug":"charla-sobre-autismo-en-el-complejo-udaondo","status":"publish","type":"post","link":"https:\/\/www.hoymercedes.com.ar\/principal\/2023\/08\/27\/charla-sobre-autismo-en-el-complejo-udaondo\/","title":{"rendered":"Charla sobre Autismo en el Complejo Udaondo"},"content":{"rendered":"\n<p><strong><em>La asociaci\u00f3n civil \u201cAutismo Luj\u00e1n\u201d realizar\u00e1 una capacitaci\u00f3n dirigida a familiares, tutores y personal de salud que trabajen con personas con esta condici\u00f3n. El primer encuentro ser\u00e1 el 29 de agosto en el Sal\u00f3n Cultural del Museo, luego adoptar\u00e1 modalidad virtual una vez por mes.&nbsp;<\/em>&nbsp;<\/strong><\/p>\n\n\n\n<p>La Asociaci\u00f3n Civil <strong>\u201cAutismo Luj\u00e1n\u201d<\/strong> realizar\u00e1 una capacitaci\u00f3n dirigida a&nbsp; familiares, tutores y trabajadores de la salud y Acompa\u00f1antes Terap\u00e9uticos que deseen instruirse. El primer encuentro ser\u00e1 presencial y se desarrollar\u00e1 el<strong> martes 29 de 18:00 a 20:00 <\/strong>en el <strong>Sal\u00f3n Cultural del Complejo Provincial Enrique Udaondo. <\/strong>La capacitaci\u00f3n continuar\u00e1 de <strong>forma virtual<\/strong> los d\u00edas <strong>jueves 28 de septiembre, jueves 26 de octubre y jueves 30 de noviembre<\/strong> de 18:00 a 20:00. La actividad cuenta con el apoyo del Instituto Cultural de la Provincia de Buenos Aires.&nbsp;&nbsp;<\/p>\n\n\n\n<p><strong>\u201cAutismo Luj\u00e1n\u201d<\/strong> es una asociaci\u00f3n sin fines de lucro formada hace seis a\u00f1os por un grupo de familiares de personas inclu\u00eddas dentro de este diagn\u00f3stico y desde entonces trabajan promoviendo procesos de inclusi\u00f3n social.<strong> La capacitaci\u00f3n estar\u00e1 a cargo de la Mg. Pamela Salas<\/strong> y tendr\u00e1 un valor de $3000. Quienes est\u00e9n interesados en realizarla deber\u00e1n solicitar el&nbsp; <a href=\"https:\/\/docs.google.com\/forms\/d\/e\/1FAIpQLSeCvT42IEVDoXci-kmNlsHMQj3Ilq_O2XPqVDkJCimXDzGocw\/viewform\" target=\"_blank\" rel=\"noreferrer noopener\">formulario Inscripci\u00f3n<\/a><strong> <\/strong>al siguiente correo alealegre73@hotmail.com&nbsp;<\/p>\n\n\n\n<p>La capacitaci\u00f3n tiene un amplio<strong> temario que aborda los siguientes t\u00f3picos:&nbsp; <\/strong>Introducci\u00f3n al autismo, procesos b\u00e1sicos neurobiol\u00f3gicos, estrategias de intervenci\u00f3n psicoeducativas, problemas de conducta y abordaje integral. Al mismo tiempo se profundizar\u00e1&nbsp; sobre la configuraci\u00f3n de apoyo, la evaluaci\u00f3n funcional contextualizada, los apoyos para la inclusi\u00f3n social y escolar, el desarrollo de la sexualidad y TEA.&nbsp;<\/p>\n\n\n\n<p><a rel=\"noreferrer noopener\" href=\"https:\/\/docs.google.com\/forms\/d\/e\/1FAIpQLSeCvT42IEVDoXci-kmNlsHMQj3Ilq_O2XPqVDkJCimXDzGocw\/viewform\" target=\"_blank\"><strong>FORMULARIO<\/strong><\/a>&nbsp;<\/p>\n\n\n<div class=\"wp-block-image\">\n<figure class=\"aligncenter size-full\"><img loading=\"lazy\" decoding=\"async\" width=\"569\" height=\"800\" data-attachment-id=\"166249\" data-permalink=\"https:\/\/www.hoymercedes.com.ar\/principal\/2023\/08\/27\/charla-sobre-autismo-en-el-complejo-udaondo\/screenshot_20230728-105941-101\/#main\" data-orig-file=\"https:\/\/www.hoymercedes.com.ar\/principal\/wp-content\/uploads\/2023\/08\/Screenshot_20230728-105941-101.jpg\" data-orig-size=\"569,800\" data-comments-opened=\"0\" data-image-meta=\"{&quot;aperture&quot;:&quot;0&quot;,&quot;credit&quot;:&quot;&quot;,&quot;camera&quot;:&quot;&quot;,&quot;caption&quot;:&quot;&quot;,&quot;created_timestamp&quot;:&quot;0&quot;,&quot;copyright&quot;:&quot;&quot;,&quot;focal_length&quot;:&quot;0&quot;,&quot;iso&quot;:&quot;0&quot;,&quot;shutter_speed&quot;:&quot;0&quot;,&quot;title&quot;:&quot;&quot;,&quot;orientation&quot;:&quot;0&quot;}\" data-image-title=\"Screenshot_20230728-105941-101\" data-image-description=\"\" data-image-caption=\"\" data-large-file=\"https:\/\/www.hoymercedes.com.ar\/principal\/wp-content\/uploads\/2023\/08\/Screenshot_20230728-105941-101.jpg\" src=\"https:\/\/www.hoymercedes.com.ar\/principal\/wp-content\/uploads\/2023\/08\/Screenshot_20230728-105941-101.jpg\" alt=\"\" class=\"wp-image-166249\" srcset=\"https:\/\/www.hoymercedes.com.ar\/principal\/wp-content\/uploads\/2023\/08\/Screenshot_20230728-105941-101.jpg 569w, https:\/\/www.hoymercedes.com.ar\/principal\/wp-content\/uploads\/2023\/08\/Screenshot_20230728-105941-101-441x620.jpg 441w, https:\/\/www.hoymercedes.com.ar\/principal\/wp-content\/uploads\/2023\/08\/Screenshot_20230728-105941-101-107x150.jpg 107w\" sizes=\"auto, (max-width: 569px) 100vw, 569px\" \/><\/figure>\n<\/div>","protected":false},"excerpt":{"rendered":"<p>La asociaci\u00f3n civil \u201cAutismo Luj\u00e1n\u201d realizar\u00e1 una capacitaci\u00f3n dirigida a familiares, tutores y personal de salud que trabajen con personas &#8230; <a title=\"Charla sobre Autismo en el Complejo Udaondo\" class=\"read-more\" href=\"https:\/\/www.hoymercedes.com.ar\/principal\/2023\/08\/27\/charla-sobre-autismo-en-el-complejo-udaondo\/\" aria-label=\"Leer m\u00e1s sobre Charla sobre Autismo en el Complejo Udaondo\">Leer m\u00e1s<\/a><\/p>\n","protected":false},"author":1,"featured_media":166248,"comment_status":"closed","ping_status":"open","sticky":false,"template":"","format":"standard","meta":{"_monsterinsights_skip_tracking":false,"_monsterinsights_sitenote_active":false,"_monsterinsights_sitenote_note":"","_monsterinsights_sitenote_category":0,"jetpack_post_was_ever_published":false,"_jetpack_newsletter_access":"","_jetpack_dont_email_post_to_subs":false,"_jetpack_newsletter_tier_id":0,"_jetpack_memberships_contains_paywalled_content":false,"_jetpack_memberships_contains_paid_content":false,"footnotes":"","jetpack_publicize_message":"","jetpack_publicize_feature_enabled":true,"jetpack_social_post_already_shared":true,"jetpack_social_options":{"image_generator_settings":{"template":"highway","default_image_id":0,"font":"","enabled":false},"version":2},"_wpas_customize_per_network":false},"categories":[8],"tags":[47],"class_list":["post-166246","post","type-post","status-publish","format-standard","has-post-thumbnail","hentry","category-sociedad","tag-educacion-2","generate-columns","tablet-grid-50","mobile-grid-100","grid-parent","grid-50"],"jetpack_publicize_connections":[],"jetpack_featured_media_url":"https:\/\/www.hoymercedes.com.ar\/principal\/wp-content\/uploads\/2023\/08\/autismo-AI-1.jpg","wps_subtitle":"","jetpack_sharing_enabled":true,"_links":{"self":[{"href":"https:\/\/www.hoymercedes.com.ar\/principal\/wp-json\/wp\/v2\/posts\/166246","targetHints":{"allow":["GET"]}}],"collection":[{"href":"https:\/\/www.hoymercedes.com.ar\/principal\/wp-json\/wp\/v2\/posts"}],"about":[{"href":"https:\/\/www.hoymercedes.com.ar\/principal\/wp-json\/wp\/v2\/types\/post"}],"author":[{"embeddable":true,"href":"https:\/\/www.hoymercedes.com.ar\/principal\/wp-json\/wp\/v2\/users\/1"}],"replies":[{"embeddable":true,"href":"https:\/\/www.hoymercedes.com.ar\/principal\/wp-json\/wp\/v2\/comments?post=166246"}],"version-history":[{"count":0,"href":"https:\/\/www.hoymercedes.com.ar\/principal\/wp-json\/wp\/v2\/posts\/166246\/revisions"}],"wp:featuredmedia":[{"embeddable":true,"href":"https:\/\/www.hoymercedes.com.ar\/principal\/wp-json\/wp\/v2\/media\/166248"}],"wp:attachment":[{"href":"https:\/\/www.hoymercedes.com.ar\/principal\/wp-json\/wp\/v2\/media?parent=166246"}],"wp:term":[{"taxonomy":"category","embeddable":true,"href":"https:\/\/www.hoymercedes.com.ar\/principal\/wp-json\/wp\/v2\/categories?post=166246"},{"taxonomy":"post_tag","embeddable":true,"href":"https:\/\/www.hoymercedes.com.ar\/principal\/wp-json\/wp\/v2\/tags?post=166246"}],"curies":[{"name":"wp","href":"https:\/\/api.w.org\/{rel}","templated":true}]}}