{"id":1663,"date":"2011-01-14T16:41:02","date_gmt":"2011-01-14T16:41:02","guid":{"rendered":"http:\/\/www.hoymercedes.com.ar\/principal\/?p=1663"},"modified":"2011-01-14T16:41:02","modified_gmt":"2011-01-14T16:41:02","slug":"todo-preparado-para-colocar-capa-asfaltica-en-la-calle-61","status":"publish","type":"post","link":"https:\/\/www.hoymercedes.com.ar\/principal\/2011\/01\/14\/todo-preparado-para-colocar-capa-asfaltica-en-la-calle-61\/","title":{"rendered":"Todo preparado para colocar capa asf\u00e1ltica en la calle 61"},"content":{"rendered":"<figure id=\"attachment_1665\" aria-describedby=\"caption-attachment-1665\" style=\"width: 390px\" class=\"wp-caption alignleft\"><a href=\"https:\/\/www.hoymercedes.com.ar\/principal\/wp-content\/uploads\/2011\/01\/calle61.jpg\"><img loading=\"lazy\" decoding=\"async\" data-attachment-id=\"1665\" data-permalink=\"https:\/\/www.hoymercedes.com.ar\/principal\/2011\/01\/14\/todo-preparado-para-colocar-capa-asfaltica-en-la-calle-61\/calle61\/#main\" data-orig-file=\"https:\/\/www.hoymercedes.com.ar\/principal\/wp-content\/uploads\/2011\/01\/calle61.jpg\" data-orig-size=\"400,300\" data-comments-opened=\"1\" data-image-meta=\"{&quot;aperture&quot;:&quot;2.8&quot;,&quot;credit&quot;:&quot;&quot;,&quot;camera&quot;:&quot;COOLPIX L10&quot;,&quot;caption&quot;:&quot;&quot;,&quot;created_timestamp&quot;:&quot;1294587242&quot;,&quot;copyright&quot;:&quot;Copyright 2006&quot;,&quot;focal_length&quot;:&quot;6.2&quot;,&quot;iso&quot;:&quot;100&quot;,&quot;shutter_speed&quot;:&quot;0.033333333333333&quot;,&quot;title&quot;:&quot;&quot;}\" data-image-title=\"calle61\" data-image-description=\"\" data-image-caption=\"\" data-large-file=\"https:\/\/www.hoymercedes.com.ar\/principal\/wp-content\/uploads\/2011\/01\/calle61.jpg\" class=\"size-full wp-image-1665\" title=\"calle61\" src=\"https:\/\/www.hoymercedes.com.ar\/principal\/wp-content\/uploads\/2011\/01\/calle61.jpg\" alt=\"\" width=\"400\" height=\"300\" \/><\/a><figcaption id=\"caption-attachment-1665\" class=\"wp-caption-text\">Calle 61<\/figcaption><\/figure>\n<p style=\"text-align: justify;\">Habiendo concluido el personal de las cooperativas Argentina Trabaja afectado a la construcci\u00f3n del cord\u00f3n cuneta y la preparaci\u00f3n del suelo, el municipio de apresta a colocar la casa asf\u00e1ltica, asfalto negro, en la calle 61 desde la 10 hasta las v\u00eda del ferrocarril.<\/p>\n<p style=\"text-align: justify;\">La obra, seg\u00fan lo manifestado por el Secretario Gustavo Salomone \u201cbeneficiar\u00e1 a los habitantes de tres barrios, Mutis, Lopardo y San Mart\u00edn con una importante suma de vecinos que ya no tendr\u00e1n que soportar como lo han venido haciendo desde hace muchos a\u00f1os el barro que se hacia en dicho acceso cada vez que llov\u00eda.<\/p>\n<p style=\"text-align: justify;\">Con la construcci\u00f3n del cord\u00f3n cuneta y la colocaci\u00f3n de la capa asf\u00e1ltica se soluciona un problema que no solo afectaba los vecinos de los barrios mencionados sino en general a mucha gente que se trasladaba a los mismos por ejemplo con fines comerciales.<\/p>\n<p style=\"text-align: justify;\">La idea es continuar haciendo este tipo de trabajos en la medida que podamos contar con el aporte de los integrantes del Programa Argentina Trabaja\u201d<\/p>\n","protected":false},"excerpt":{"rendered":"<p>Habiendo concluido el personal de las cooperativas Argentina Trabaja afectado a la construcci\u00f3n del cord\u00f3n cuneta y la preparaci\u00f3n del &#8230; <a title=\"Todo preparado para colocar capa asf\u00e1ltica en la calle 61\" class=\"read-more\" href=\"https:\/\/www.hoymercedes.com.ar\/principal\/2011\/01\/14\/todo-preparado-para-colocar-capa-asfaltica-en-la-calle-61\/\" aria-label=\"Leer m\u00e1s sobre Todo preparado para colocar capa asf\u00e1ltica en la calle 61\">Leer m\u00e1s<\/a><\/p>\n","protected":false},"author":1,"featured_media":0,"comment_status":"open","ping_status":"open","sticky":false,"template":"","format":"standard","meta":{"_monsterinsights_skip_tracking":false,"_monsterinsights_sitenote_active":false,"_monsterinsights_sitenote_note":"","_monsterinsights_sitenote_category":0,"jetpack_post_was_ever_published":false,"_jetpack_newsletter_access":"","_jetpack_dont_email_post_to_subs":false,"_jetpack_newsletter_tier_id":0,"_jetpack_memberships_contains_paywalled_content":false,"_jetpack_memberships_contains_paid_content":false,"footnotes":"","jetpack_publicize_message":"","jetpack_publicize_feature_enabled":true,"jetpack_social_post_already_shared":false,"jetpack_social_options":{"image_generator_settings":{"template":"highway","default_image_id":0,"font":"","enabled":false},"version":2},"_wpas_customize_per_network":false},"categories":[30,8],"tags":[10,369],"class_list":["post-1663","post","type-post","status-publish","format-standard","hentry","category-municipio","category-sociedad","tag-mercedes","tag-pavimentacion","generate-columns","tablet-grid-50","mobile-grid-100","grid-parent","grid-50"],"jetpack_publicize_connections":[],"jetpack_featured_media_url":"","wps_subtitle":"","jetpack_sharing_enabled":true,"_links":{"self":[{"href":"https:\/\/www.hoymercedes.com.ar\/principal\/wp-json\/wp\/v2\/posts\/1663","targetHints":{"allow":["GET"]}}],"collection":[{"href":"https:\/\/www.hoymercedes.com.ar\/principal\/wp-json\/wp\/v2\/posts"}],"about":[{"href":"https:\/\/www.hoymercedes.com.ar\/principal\/wp-json\/wp\/v2\/types\/post"}],"author":[{"embeddable":true,"href":"https:\/\/www.hoymercedes.com.ar\/principal\/wp-json\/wp\/v2\/users\/1"}],"replies":[{"embeddable":true,"href":"https:\/\/www.hoymercedes.com.ar\/principal\/wp-json\/wp\/v2\/comments?post=1663"}],"version-history":[{"count":0,"href":"https:\/\/www.hoymercedes.com.ar\/principal\/wp-json\/wp\/v2\/posts\/1663\/revisions"}],"wp:attachment":[{"href":"https:\/\/www.hoymercedes.com.ar\/principal\/wp-json\/wp\/v2\/media?parent=1663"}],"wp:term":[{"taxonomy":"category","embeddable":true,"href":"https:\/\/www.hoymercedes.com.ar\/principal\/wp-json\/wp\/v2\/categories?post=1663"},{"taxonomy":"post_tag","embeddable":true,"href":"https:\/\/www.hoymercedes.com.ar\/principal\/wp-json\/wp\/v2\/tags?post=1663"}],"curies":[{"name":"wp","href":"https:\/\/api.w.org\/{rel}","templated":true}]}}