{"id":16633,"date":"2012-10-03T11:28:13","date_gmt":"2012-10-03T11:28:13","guid":{"rendered":"http:\/\/www.hoymercedes.com.ar\/principal\/?p=16633"},"modified":"2012-10-03T11:34:45","modified_gmt":"2012-10-03T11:34:45","slug":"proponen-crear-un-registro-de-inmuebles-y-policia-del-habitat","status":"publish","type":"post","link":"https:\/\/www.hoymercedes.com.ar\/principal\/2012\/10\/03\/proponen-crear-un-registro-de-inmuebles-y-policia-del-habitat\/","title":{"rendered":"Proponen crear un \u00abregistro de inmuebles y polic\u00eda del h\u00e1bitat\u00bb"},"content":{"rendered":"<p>La concejal mandato cumplido, Claudia Lucero, en el d\u00eda internacional del inquilino, present\u00f3 un proyecto ante el Cuerpo Deliberativo, sobre el cual propone generar en nuestra ciudad un \u00abregistro de inmuebles y polic\u00eda del h\u00e1bitat\u00bb.<\/p>\n<p>Claudia Lucero fundamenta el proyecto de la siguiente manera: \u00bb<\/p>\n<p>Peri\u00f3dicamente, observamos en los noticieros nacionales de radio y\/o televisi\u00f3n casos de asentamientos ilegales, de viviendas ocupadas por personas que desesperadas no saben a qui\u00e9n recurrir, dando lugar al fen\u00f3meno de los okupas; vemos desalojos realizados contra toda l\u00f3gica y en franco avasallamiento de los derechos m\u00e1s elementales de los ciudadanos; esta es una realidad que ya no nos es lejana, tambi\u00e9n hemos sido testigos de asentamientos en nuestra localidad, puesto que no encuentran eco a sus reclamos para obtener una vivienda digna; y se suelen construir viviendas sumamente precarias en terrenos propios o tomados, que no garantizan en absoluto la seguridad de sus habitantes.<\/p>\n<p>&nbsp;<\/p>\n<p>Por otro lado, consideramos que es leg\u00edtima la actividad de alquiler de inmuebles, tanto para uso de vivienda familiar como comercial, pero que la misma debe ser reglamentada de tal manera, que ofrezca absoluta seguridad, en lo que se refiere al perfecto estado de las instalaciones el\u00e9ctricas y servicios de gas, porque justamente han sido las conexiones clandestinas y con materiales inadecuados las que han producido infinidad de accidentes, que desembocaron en grandes incendios, con los resultados anteriormente mencionados;<\/p>\n<p>Es responsabilidad ineludible de quienes han sido electos por el pueblo, garantizar la seguridad y elevar la calidad de vida de nuestros vecinos, para que los mismos vivan en viviendas dignas, aunque las mismas sean arrendadas en calidad de alquiler.\u00bb<\/p>\n<p>El proyecto completo es el siguiente:<\/p>\n<p>Art. 1\u00b0) CR\u00c9ASE en el \u00e1mbito del Partido de Mercedes, el Registro General de Inmuebles destinados al alquiler, sean \u00e9stos de uso familiar, comercial e industrial, teniendo car\u00e1cter de obligatorio, en toda la jurisdicci\u00f3n del ejido urbano, suburbano y rural.<\/p>\n<p>Art. 2\u00b0) SER\u00c1 OBLIGATORIA la inscripci\u00f3n en el Registro General de Inmuebles, de aquellos propietarios que, de forma particular, desean realizar operaciones de alquiler, como asimismo todas las inmobiliarias o comercios que lleven adelante la celebraci\u00f3n de contrato por s\u00ed o por encargo de terceros.<\/p>\n<p>Art. 3\u00b0) Al momento de la celebraci\u00f3n del contrato de alquiler, el titular o la inmobiliaria autorizada a efectuarlo, deber\u00e1 contar con un certificado en el que conste que las instalaciones de gas y el\u00e9ctricas, cuenten con todas las medidas de seguridad y hayan sido realizadas con el material correspondiente; asimismo deber\u00e1 constar en el certificado, que los espacios permitir\u00e1n una eficiente tarea, en caso de tener que extinguir un siniestro.<\/p>\n<p>Art. 4\u00b0) La constataci\u00f3n de que el inmueble es apto y cuenta con las medidas de seguridad correspondientes, ser\u00e1 extendida por personal de la empresa distribuidora de gas, personal de la EDEN o las Cooperativas El\u00e9ctricas que est\u00e9n a cargo de la zona y bomberos, quienes al momento de realizar la inspecci\u00f3n y en caso de no haber objeci\u00f3n, proceder\u00e1n a sellar el mismo.<\/p>\n<p>&nbsp;<\/p>\n<p>Art. 5\u00b0) ESTABL\u00c9ZCASE el costo de la certificaci\u00f3n, en Pesos: \u2026 por contrato, deposit\u00e1ndose en una cuenta especial, que a tal efecto habilitar\u00e1 el Departamento Ejecutivo Municipal, destin\u00e1ndose lo recaudado a cubrir necesidades urgentes de familias que eventualmente, sean v\u00edctimas de siniestros.<\/p>\n<p>Art. 6\u00b0) El Departamento Ejecutivo Municipal dar\u00e1 amplia y permanente difusi\u00f3n a la presente norma, para conocimiento de la poblaci\u00f3n.<\/p>\n<p>Art. 7\u00ba) De Forma.<\/p>\n","protected":false},"excerpt":{"rendered":"<p>La concejal mandato cumplido, Claudia Lucero, en el d\u00eda internacional del inquilino, present\u00f3 un proyecto ante el Cuerpo Deliberativo, sobre &#8230; <a title=\"Proponen crear un \u00abregistro de inmuebles y polic\u00eda del h\u00e1bitat\u00bb\" class=\"read-more\" href=\"https:\/\/www.hoymercedes.com.ar\/principal\/2012\/10\/03\/proponen-crear-un-registro-de-inmuebles-y-policia-del-habitat\/\" aria-label=\"Leer m\u00e1s sobre Proponen crear un \u00abregistro de inmuebles y polic\u00eda del h\u00e1bitat\u00bb\">Leer m\u00e1s<\/a><\/p>\n","protected":false},"author":1,"featured_media":0,"comment_status":"open","ping_status":"open","sticky":false,"template":"","format":"standard","meta":{"_monsterinsights_skip_tracking":false,"_monsterinsights_sitenote_active":false,"_monsterinsights_sitenote_note":"","_monsterinsights_sitenote_category":0,"jetpack_post_was_ever_published":false,"_jetpack_newsletter_access":"","_jetpack_dont_email_post_to_subs":false,"_jetpack_newsletter_tier_id":0,"_jetpack_memberships_contains_paywalled_content":false,"_jetpack_memberships_contains_paid_content":false,"footnotes":"","jetpack_publicize_message":"","jetpack_publicize_feature_enabled":true,"jetpack_social_post_already_shared":false,"jetpack_social_options":{"image_generator_settings":{"template":"highway","default_image_id":0,"font":"","enabled":false},"version":2},"_wpas_customize_per_network":false},"categories":[5],"tags":[52,2786],"class_list":["post-16633","post","type-post","status-publish","format-standard","hentry","category-politica","tag-claudia-lucero","tag-proponen-crear-un-registro-de-inmuebles-y-policia-del-habitat","generate-columns","tablet-grid-50","mobile-grid-100","grid-parent","grid-50"],"jetpack_publicize_connections":[],"jetpack_featured_media_url":"","wps_subtitle":"","jetpack_sharing_enabled":true,"_links":{"self":[{"href":"https:\/\/www.hoymercedes.com.ar\/principal\/wp-json\/wp\/v2\/posts\/16633","targetHints":{"allow":["GET"]}}],"collection":[{"href":"https:\/\/www.hoymercedes.com.ar\/principal\/wp-json\/wp\/v2\/posts"}],"about":[{"href":"https:\/\/www.hoymercedes.com.ar\/principal\/wp-json\/wp\/v2\/types\/post"}],"author":[{"embeddable":true,"href":"https:\/\/www.hoymercedes.com.ar\/principal\/wp-json\/wp\/v2\/users\/1"}],"replies":[{"embeddable":true,"href":"https:\/\/www.hoymercedes.com.ar\/principal\/wp-json\/wp\/v2\/comments?post=16633"}],"version-history":[{"count":0,"href":"https:\/\/www.hoymercedes.com.ar\/principal\/wp-json\/wp\/v2\/posts\/16633\/revisions"}],"wp:attachment":[{"href":"https:\/\/www.hoymercedes.com.ar\/principal\/wp-json\/wp\/v2\/media?parent=16633"}],"wp:term":[{"taxonomy":"category","embeddable":true,"href":"https:\/\/www.hoymercedes.com.ar\/principal\/wp-json\/wp\/v2\/categories?post=16633"},{"taxonomy":"post_tag","embeddable":true,"href":"https:\/\/www.hoymercedes.com.ar\/principal\/wp-json\/wp\/v2\/tags?post=16633"}],"curies":[{"name":"wp","href":"https:\/\/api.w.org\/{rel}","templated":true}]}}